{"id":107141,"date":"2025-12-15T20:16:38","date_gmt":"2025-12-15T20:16:38","guid":{"rendered":"https:\/\/www.europesays.com\/se\/107141\/"},"modified":"2025-12-15T20:16:38","modified_gmt":"2025-12-15T20:16:38","slug":"sa-mycket-kostar-en-vecka-i-fjallen","status":"publish","type":"post","link":"https:\/\/www.europesays.com\/se\/107141\/","title":{"rendered":"S\u00e5 mycket kostar en vecka i fj\u00e4llen"},"content":{"rendered":"<p>Publicerad 15 dec 2025 kl 07.04Uppdaterad kl 09.19<\/p>\n<p>En veckas skidsemester i fj\u00e4llen under sportlovet. Det lockar m\u00e5nga men kostar d\u00e4refter. R\u00e4kna med omkring 50\u00a0000 kronor f\u00f6r en tv\u00e5barnsfamilj.\u00a0<\/p>\n<p>\u2013 Det har n\u00e4stan blivit en klassfr\u00e5ga, s\u00e4ger Magnus Hjem\u00e9r, vardagsekonom hos Ica-banken, om fj\u00e4llsemester i Sverige.<\/p>\n<p><img   alt=\"\"\/> <\/p>\n<p>Foto: Ulf Palm \/ TT NYHETSBYR\u00c5N<\/p>\n<p>\u00d6ppna bild i helsk\u00e4rm<\/p>\n<p>Sportlovet i februari \u00e4r tidpunkten d\u00e5 m\u00e5nga vill \u00e5ka till de svenska fj\u00e4llen. D\u00e5 g\u00e4ller det dock att \u00f6ppna pl\u00e5nboken rej\u00e4lt. Precis som tidigare \u00e5r stiger priserna kraftigt under just den h\u00e4r perioden, s\u00e5 \u00e4ven 2026, allra dyrast \u00e4r det vecka 9 \u2013 den period som stockholmarna har sportlov.<\/p>\n<p>Ica-banken har gjort en genomg\u00e5ng som visar att tv\u00e5 vuxna och tv\u00e5 barn f\u00e5r betala cirka 50\u00a0000 kronor f\u00f6r en veckas vistelse vid anl\u00e4ggningar som <a href=\"https:\/\/www.expressen.se\/tagg\/location\/idre\/\" class=\"\" rel=\"nofollow noopener\" target=\"_blank\">Idre<\/a>, S\u00e4len eller \u00c5re. D\u00e5 har man r\u00e4knat med boende, liftkort, hyra av utrustning, skidskola samt uteluncher.\u00a0<\/p>\n<p>\u2013 Det \u00e4r egentligen tv\u00e5 saker som g\u00f6r semestern v\u00e4ldigt dyr. Det \u00e4r boendet som sv\u00e4ljer en stor del men \u00e4ven liftkorten, s\u00e4ger Magnus Hjem\u00e9r.\u00a0<\/p>\n<p>Enligt utr\u00e4kningen \u00e4r Ramundberget det allra dyraste alternativ. En vistelse under vecka 9 kostar totalt 54\u00a0942 kronor, enligt Ica-bankens ber\u00e4kningar.\u00a0<\/p>\n<p>Vd:n Philip Flack\u00e9 bekr\u00e4ftar priserna.<\/p>\n<p>\u2013 Vi ser s\u00e5 klart \u00f6ver priserna inf\u00f6r varje s\u00e4song. Det \u00e4r inte s\u00e5 att vi generellt h\u00f6jer. Inf\u00f6r det h\u00e4r \u00e5ret har vi gjort en pris\u00f6kning p\u00e5 cirka 5 procent, och det \u00e4r f\u00f6rsta g\u00e5ngen p\u00e5 flera \u00e5r, s\u00e4ger han till TT.<\/p>\n<p>\u201dP\u00e5verkar s\u00e5 klart priset\u201d<\/p>\n<p>Att nu Ramundberget ligger h\u00f6gre prism\u00e4ssigt just vecka 9 \u00e4n st\u00f6rre skidorter som \u00c5re och S\u00e4len, f\u00f6rklarar Philip Flack\u00e9 med tillg\u00e5ngen till b\u00e4ddar. \u00a0<\/p>\n<p>\u2013 Prisj\u00e4mf\u00f6relsen \u00e4r ju gjord vid en specifik tidpunkt (november) och vi \u00e4r en boendeanl\u00e4ggning med f\u00e5 b\u00e4ddar. Om du tar de st\u00f6rre anl\u00e4ggningarna har de ocks\u00e5 st\u00f6rre kapacitet och kanske d\u00e5 flera b\u00e4ddar kvar, medan vi d\u00e5 redan s\u00e5lt mycket. Det p\u00e5verkar s\u00e5 klart priset ocks\u00e5.\u00a0<\/p>\n<p>F\u00f6r att h\u00e5lla nere kostnaderna tipsar Magnus Hjem\u00e9r om att bland annat hitta alternativ n\u00e4r det g\u00e4ller matbudgeten.<\/p>\n<p>\u2013 Maten \u00e4r en stor kostnadspost. Kan man p\u00e5 n\u00e5got s\u00e4tt laga hemma och ta med sig lunch ute i backen?<\/p>\n<p>Ett annat alternativ \u00e4r att f\u00f6rs\u00f6ka hitta begagnad skidutrustning i st\u00e4llet f\u00f6r att hyra p\u00e5 plats.<\/p>\n<p>\u2013 Barn v\u00e4xer otroligt snabbt och det \u00e4r \u00f6verl\u00e4gset billigast att k\u00f6pa begagnat om man sl\u00e5r ut p\u00e5 nyttjandegrad per vecka.\u00a0<\/p>\n<p><img alt=\"\"\/>Ljudklippet gick inte att spela upp<\/p>\n<p>F\u00f6rs\u00f6k igen senare<\/p>\n","protected":false},"excerpt":{"rendered":"Publicerad 15 dec 2025 kl 07.04Uppdaterad kl 09.19 En veckas skidsemester i fj\u00e4llen under sportlovet. Det lockar m\u00e5nga&hellip;\n","protected":false},"author":2,"featured_media":107142,"comment_status":"","ping_status":"","sticky":false,"template":"","format":"standard","meta":{"footnotes":""},"categories":[65],"tags":[72,70,71,11425,11957,11492,34,607,31,33,32,30,856],"class_list":{"0":"post-107141","1":"post","2":"type-post","3":"status-publish","4":"format-standard","5":"has-post-thumbnail","7":"category-ekonomi","8":"tag-business","9":"tag-economy","10":"tag-ekonomi","11":"tag-location-are","12":"tag-location-idre","13":"tag-location-salen","14":"tag-se","15":"tag-sections-konsument","16":"tag-svenska","17":"tag-sverige","18":"tag-sweden","19":"tag-swedish","20":"tag-topic-resa-turism"},"share_on_mastodon":{"url":"https:\/\/pubeurope.com\/@se\/115725427416510617","error":""},"_links":{"self":[{"href":"https:\/\/www.europesays.com\/se\/wp-json\/wp\/v2\/posts\/107141","targetHints":{"allow":["GET"]}}],"collection":[{"href":"https:\/\/www.europesays.com\/se\/wp-json\/wp\/v2\/posts"}],"about":[{"href":"https:\/\/www.europesays.com\/se\/wp-json\/wp\/v2\/types\/post"}],"author":[{"embeddable":true,"href":"https:\/\/www.europesays.com\/se\/wp-json\/wp\/v2\/users\/2"}],"replies":[{"embeddable":true,"href":"https:\/\/www.europesays.com\/se\/wp-json\/wp\/v2\/comments?post=107141"}],"version-history":[{"count":0,"href":"https:\/\/www.europesays.com\/se\/wp-json\/wp\/v2\/posts\/107141\/revisions"}],"wp:featuredmedia":[{"embeddable":true,"href":"https:\/\/www.europesays.com\/se\/wp-json\/wp\/v2\/media\/107142"}],"wp:attachment":[{"href":"https:\/\/www.europesays.com\/se\/wp-json\/wp\/v2\/media?parent=107141"}],"wp:term":[{"taxonomy":"category","embeddable":true,"href":"https:\/\/www.europesays.com\/se\/wp-json\/wp\/v2\/categories?post=107141"},{"taxonomy":"post_tag","embeddable":true,"href":"https:\/\/www.europesays.com\/se\/wp-json\/wp\/v2\/tags?post=107141"}],"curies":[{"name":"wp","href":"https:\/\/api.w.org\/{rel}","templated":true}]}}