{"id":107143,"date":"2025-12-15T20:17:13","date_gmt":"2025-12-15T20:17:13","guid":{"rendered":"https:\/\/www.europesays.com\/se\/107143\/"},"modified":"2025-12-15T20:17:13","modified_gmt":"2025-12-15T20:17:13","slug":"europas-plan-multinationell-fredsstyrka-i-ukraina","status":"publish","type":"post","link":"https:\/\/www.europesays.com\/se\/107143\/","title":{"rendered":"Europas plan: Multinationell fredsstyrka i Ukraina"},"content":{"rendered":"<p><a data-test-tag=\"internal-link\" href=\"https:\/\/www.aftonbladet.se\/av\/emil-forsberg\" class=\"hyperion-css-13ns1rr\" rel=\"nofollow noopener\" target=\"\" aria-label=\"Se alla artiklar av Emil Forsberg\"><img decoding=\"async\" class=\"image-asset hyperion-css-n6kkq1\" data-test-tag=\"image-asset\" src=\"https:\/\/www.europesays.com\/se\/wp-content\/uploads\/2025\/12\/1765829831_473_602ef119-32a3-4a6a-b86e-0ebfdb56a147\"  alt=\"\"  loading=\"lazy\" fetchpriority=\"auto\" style=\"aspect-ratio:1900 \/ 1900\"\/><\/a><\/p>\n<p class=\"boxtextgrotesk-root_baa6 hyperion-css-7pajle\">Uppdaterad 21.10 | Publicerad 20.21<\/p>\n<p>share-arrowDela<\/p>\n<p>unsaveSpara<\/p>\n<p>expand-left<\/p>\n<p>helsk\u00e4rm<img decoding=\"async\" class=\"image-asset hyperion-css-u06ts1\" data-test-tag=\"image-asset\" src=\"https:\/\/www.europesays.com\/se\/wp-content\/uploads\/2025\/12\/e742128e-8294-48fb-ae46-c623b2f29954\"  alt=\"Europeiska ledare tillsammans med bland annat USA:s s\u00e4ndebud Steve Witkoff i Berlin. \"  loading=\"eager\" fetchpriority=\"high\" style=\"aspect-ratio:1900 \/ 1267\"\/>Europeiska ledare tillsammans med bland annat USA:s s\u00e4ndebud Steve Witkoff i Berlin. Foto: Markus Schreiber\/AP<\/p>\n<p class=\"hyperion-css-1shl3oz\" data-test-tag=\"lead-text\">En europeiskledd fredsstyrka ska s\u00e4kra Ukrainas \u00e5teruppbyggnad, bekr\u00e4ftar statsminister Ulf Kristersson.<\/p>\n<p class=\"hyperion-css-1shl3oz\" data-test-tag=\"lead-text\">Nu v\u00e4ntar man p\u00e5 att Ryssland ska skriva under Donald Trumps fredsplan.<\/p>\n<p class=\"hyperion-css-1shl3oz\" data-test-tag=\"lead-text\">\u201dDet \u00e4r n\u00e4rmare fred \u00e4n n\u00e5gonsin\u201d, s\u00e4ger Tysklands f\u00f6rbundskansler Friedrich Merz.<\/p>\n<p class=\"hyperion-css-1v9qo5x\">I ett gemensamt uttalande uppger Sverige, Frankrike, Storbritannien, Italien och \u00f6vriga nordiska l\u00e4nder att man \u201dv\u00e4lkomnar Donald Trumps anstr\u00e4ngningar f\u00f6r en varaktig fred\u201d.<\/p>\n<p class=\"hyperion-css-1v9qo5x\">De europeiska statscheferna har nu \u00e5tagit sig att s\u00e4tta ihop en multinationell fredsstyrka med st\u00f6d fr\u00e5n USA.<\/p>\n<p class=\"hyperion-css-1v9qo5x\">De vill \u00e4ven bidra till att bygga upp den ukrainska arm\u00e9n, som enligt statscheferna b\u00f6r uppg\u00e5 till 800 000 soldater i fredstid. <a data-test-tag=\"internal-link\" href=\"https:\/\/www.aftonbladet.se\/tagg\/ryssland\" class=\"hyperion-css-15jkft9\" rel=\"nofollow noopener\" target=\"\" aria-label=\"Ryssland\">Ryssland<\/a> har tidigare velat begr\u00e4nsa det ukrainska f\u00f6rsvaret till 600\u00a0000 soldater.<\/p>\n<p class=\"hyperion-css-1v9qo5x\">\u201dDetta \u00e4r avsett att m\u00f6jligg\u00f6ra avskr\u00e4ckning av konflikter och f\u00f6rsvar av <a data-test-tag=\"internal-link\" href=\"https:\/\/www.aftonbladet.se\/tagg\/ukraina\" class=\"hyperion-css-15jkft9\" rel=\"nofollow noopener\" target=\"\" aria-label=\"Ukrainas\">Ukrainas<\/a> territorium\u201d, st\u00e5r det i uttalandet.<\/p>\n<p>expand-left<\/p>\n<p>helsk\u00e4rm<img decoding=\"async\" class=\"image-asset hyperion-css-u06ts1\" data-test-tag=\"image-asset\" src=\"https:\/\/www.europesays.com\/se\/wp-content\/uploads\/2025\/12\/054610de-5f88-4266-b2c5-e6afa83fef10\"  alt=\"Zelenskyj och Witkoff. \"  loading=\"eager\" fetchpriority=\"high\" style=\"aspect-ratio:1900 \/ 1267\"\/>Zelenskyj och Witkoff. Foto: Markus Schreiber\/APMerz: Freden n\u00e4rmare \u00e4n n\u00e5gonsin <\/p>\n<p class=\"hyperion-css-1v9qo5x\">De europeiska ledarna uttrycker sitt st\u00f6d f\u00f6r president Volodymyr Zelenskyj och trycker p\u00e5 att att internationellt erk\u00e4nda gr\u00e4nser inte f\u00e5r \u00e4ndras med v\u00e5ld.<\/p>\n<p class=\"hyperion-css-1v9qo5x\">Fredssamtal p\u00e5g\u00e5r just nu i Berlin d\u00e4r Zelenskyj och USA:s s\u00e4ndebud <a data-test-tag=\"internal-link\" href=\"https:\/\/www.aftonbladet.se\/tagg\/steve-witkoff\" class=\"hyperion-css-15jkft9\" rel=\"nofollow noopener\" target=\"\" aria-label=\"Steve Witkoff\">Steve Witkoff<\/a> finns p\u00e5 plats.<\/p>\n<p class=\"hyperion-css-1v9qo5x\">Enligt v\u00e4rdlandet Tysklands f\u00f6rbundskansler Friedrich Merz \u00e4r freden n\u00e4rmare \u00e4n n\u00e5gonsin.<\/p>\n<p class=\"hyperion-css-1v9qo5x\">Zelenskyj ska bland annat ha \u00f6ppnat f\u00f6r att sl\u00e4ppa kravet p\u00e5 Natomedlemskap.<\/p>\n<p class=\"hyperion-css-1v9qo5x\">I ett uttalande p\u00e5 m\u00e5ndagskv\u00e4llen s\u00e4ger han:<\/p>\n<p class=\"hyperion-css-1v9qo5x\">\u201dI g\u00e5r hade vi v\u00e5rt f\u00f6rsta m\u00f6te med herr Witkoff och herr Kushner, samt med det amerikanska teamet. Innan dess hade v\u00e5ra team h\u00e5llit de relevanta m\u00f6tena. Det \u00e4r mycket viktigt att v\u00e5ra motparter fr\u00e5n Amerikas f\u00f6renta stater fick ta del av alla detaljer kring kriget. Om dessa m\u00f6ten hade \u00e4gt rum tidigare hade framstegen varit \u00e4nnu st\u00f6rre. Men jag \u00e4r tacksam f\u00f6r att vi verkligen arbetade mycket bra tillsammans. Det finns vissa saker som enligt min mening \u00e4r destruktiva och som definitivt inte skulle hj\u00e4lpa oss. Det \u00e4r viktigt att de inte l\u00e4ngre finns med i de nya versionerna av dokumenten. Detta \u00e4r viktigt, eftersom v\u00e4rdighet \u00e4r viktigt\u201d.<\/p>\n<p>expand-left<\/p>\n<p>helsk\u00e4rm<img decoding=\"async\" class=\"image-asset hyperion-css-u06ts1\" data-test-tag=\"image-asset\" src=\"https:\/\/www.europesays.com\/se\/wp-content\/uploads\/2025\/12\/a593e6db-838b-4174-bcd8-6d0a6986f701\"  alt=\"Statsminister Ulf Kristersson. \"  loading=\"eager\" fetchpriority=\"high\" style=\"aspect-ratio:1900 \/ 1266\"\/>Statsminister Ulf Kristersson. Foto: Maryam Majd\/AP<\/p>\n","protected":false},"excerpt":{"rendered":"Uppdaterad 21.10 | Publicerad 20.21 share-arrowDela unsaveSpara expand-left helsk\u00e4rmEuropeiska ledare tillsammans med bland annat USA:s s\u00e4ndebud Steve Witkoff&hellip;\n","protected":false},"author":2,"featured_media":107144,"comment_status":"","ping_status":"","sticky":false,"template":"","format":"standard","meta":{"footnotes":""},"categories":[14],"tags":[22,23,26,27,17,21,24,25,28,29,15,16,18,34,31,33,32,30,19,20,51,52,53,54],"class_list":{"0":"post-107143","1":"post","2":"type-post","3":"status-publish","4":"format-standard","5":"has-post-thumbnail","7":"category-varlden","8":"tag-breaking-news","9":"tag-breakingnews","10":"tag-featured-news","11":"tag-featurednews","12":"tag-headlines","13":"tag-huvudnyheter","14":"tag-latest-news","15":"tag-latestnews","16":"tag-main-news","17":"tag-mainnews","18":"tag-news","19":"tag-nyheter","20":"tag-rubriker","21":"tag-se","22":"tag-svenska","23":"tag-sverige","24":"tag-sweden","25":"tag-swedish","26":"tag-top-stories","27":"tag-topstories","28":"tag-varlden","29":"tag-world","30":"tag-world-news","31":"tag-worldnews"},"share_on_mastodon":{"url":"https:\/\/pubeurope.com\/@se\/115725431452285521","error":""},"_links":{"self":[{"href":"https:\/\/www.europesays.com\/se\/wp-json\/wp\/v2\/posts\/107143","targetHints":{"allow":["GET"]}}],"collection":[{"href":"https:\/\/www.europesays.com\/se\/wp-json\/wp\/v2\/posts"}],"about":[{"href":"https:\/\/www.europesays.com\/se\/wp-json\/wp\/v2\/types\/post"}],"author":[{"embeddable":true,"href":"https:\/\/www.europesays.com\/se\/wp-json\/wp\/v2\/users\/2"}],"replies":[{"embeddable":true,"href":"https:\/\/www.europesays.com\/se\/wp-json\/wp\/v2\/comments?post=107143"}],"version-history":[{"count":0,"href":"https:\/\/www.europesays.com\/se\/wp-json\/wp\/v2\/posts\/107143\/revisions"}],"wp:featuredmedia":[{"embeddable":true,"href":"https:\/\/www.europesays.com\/se\/wp-json\/wp\/v2\/media\/107144"}],"wp:attachment":[{"href":"https:\/\/www.europesays.com\/se\/wp-json\/wp\/v2\/media?parent=107143"}],"wp:term":[{"taxonomy":"category","embeddable":true,"href":"https:\/\/www.europesays.com\/se\/wp-json\/wp\/v2\/categories?post=107143"},{"taxonomy":"post_tag","embeddable":true,"href":"https:\/\/www.europesays.com\/se\/wp-json\/wp\/v2\/tags?post=107143"}],"curies":[{"name":"wp","href":"https:\/\/api.w.org\/{rel}","templated":true}]}}