{"id":107171,"date":"2025-12-15T20:58:15","date_gmt":"2025-12-15T20:58:15","guid":{"rendered":"https:\/\/www.europesays.com\/se\/107171\/"},"modified":"2025-12-15T20:58:15","modified_gmt":"2025-12-15T20:58:15","slug":"vattenlacka-vid-strandbodkilen-i-uppsala","status":"publish","type":"post","link":"https:\/\/www.europesays.com\/se\/107171\/","title":{"rendered":"Vattenl\u00e4cka vid Strandbodkilen i Uppsala"},"content":{"rendered":"<p>Det var vid lunchtid under m\u00e5ndagen som vattnet b\u00f6rjade bre ut sig \u00f6ver i korsningen Strandbodkilen och Bergsbrunnagatan. Vad det \u00e4r som har h\u00e4nt \u00e4r fortsatt oklart. Det s\u00e4ger Jesper Bohm, kommunikat\u00f6r p\u00e5 Uppsala Vatten.\u2013 Det finns j\u00e4ttem\u00e5nga olika saker som kan ha h\u00e4nt n\u00e4r det blir en vattenl\u00e4cka. Vi brukar inte unders\u00f6ka vad det beror p\u00e5, s\u00e4ger han.Uppsala Vattens r<\/p>\n","protected":false},"excerpt":{"rendered":"Det var vid lunchtid under m\u00e5ndagen som vattnet b\u00f6rjade bre ut sig \u00f6ver i korsningen Strandbodkilen och Bergsbrunnagatan.&hellip;\n","protected":false},"author":2,"featured_media":107172,"comment_status":"","ping_status":"","sticky":false,"template":"","format":"standard","meta":{"footnotes":""},"categories":[14],"tags":[22,23,26,27,17,21,24,25,28,29,15,16,18,34,31,33,32,30,19,20,51,52,53,54],"class_list":{"0":"post-107171","1":"post","2":"type-post","3":"status-publish","4":"format-standard","5":"has-post-thumbnail","7":"category-varlden","8":"tag-breaking-news","9":"tag-breakingnews","10":"tag-featured-news","11":"tag-featurednews","12":"tag-headlines","13":"tag-huvudnyheter","14":"tag-latest-news","15":"tag-latestnews","16":"tag-main-news","17":"tag-mainnews","18":"tag-news","19":"tag-nyheter","20":"tag-rubriker","21":"tag-se","22":"tag-svenska","23":"tag-sverige","24":"tag-sweden","25":"tag-swedish","26":"tag-top-stories","27":"tag-topstories","28":"tag-varlden","29":"tag-world","30":"tag-world-news","31":"tag-worldnews"},"share_on_mastodon":{"url":"https:\/\/pubeurope.com\/@se\/115725592326131970","error":""},"_links":{"self":[{"href":"https:\/\/www.europesays.com\/se\/wp-json\/wp\/v2\/posts\/107171","targetHints":{"allow":["GET"]}}],"collection":[{"href":"https:\/\/www.europesays.com\/se\/wp-json\/wp\/v2\/posts"}],"about":[{"href":"https:\/\/www.europesays.com\/se\/wp-json\/wp\/v2\/types\/post"}],"author":[{"embeddable":true,"href":"https:\/\/www.europesays.com\/se\/wp-json\/wp\/v2\/users\/2"}],"replies":[{"embeddable":true,"href":"https:\/\/www.europesays.com\/se\/wp-json\/wp\/v2\/comments?post=107171"}],"version-history":[{"count":0,"href":"https:\/\/www.europesays.com\/se\/wp-json\/wp\/v2\/posts\/107171\/revisions"}],"wp:featuredmedia":[{"embeddable":true,"href":"https:\/\/www.europesays.com\/se\/wp-json\/wp\/v2\/media\/107172"}],"wp:attachment":[{"href":"https:\/\/www.europesays.com\/se\/wp-json\/wp\/v2\/media?parent=107171"}],"wp:term":[{"taxonomy":"category","embeddable":true,"href":"https:\/\/www.europesays.com\/se\/wp-json\/wp\/v2\/categories?post=107171"},{"taxonomy":"post_tag","embeddable":true,"href":"https:\/\/www.europesays.com\/se\/wp-json\/wp\/v2\/tags?post=107171"}],"curies":[{"name":"wp","href":"https:\/\/api.w.org\/{rel}","templated":true}]}}