{"id":107176,"date":"2025-12-15T21:06:07","date_gmt":"2025-12-15T21:06:07","guid":{"rendered":"https:\/\/www.europesays.com\/se\/107176\/"},"modified":"2025-12-15T21:06:07","modified_gmt":"2025-12-15T21:06:07","slug":"ukraina-rysk-ubat-utslagen-med-dronare-di","status":"publish","type":"post","link":"https:\/\/www.europesays.com\/se\/107176\/","title":{"rendered":"Ukraina: Rysk ub\u00e5t utslagen med dr\u00f6nare &#8211; DI"},"content":{"rendered":"<ol>\n<li><a href=\"https:\/\/news.google.com\/rss\/articles\/CBMib0FVX3lxTFBFZVRPSkFjcDQwcEI1bWtFUXVfYXdPSzR6WjRGaUIyOHpWcnpOdm5nX1RhSjlMOTBsdVZwRHBPUlQwMHBBZktnci1YQTc3OVJHVUVyaER2ZXpTSXYxQkdNdkt2T0l3SVNqd2NOTm9QTQ?oc=5\" target=\"_blank\" rel=\"nofollow noopener\">Ukraina: Rysk ub\u00e5t utslagen med dr\u00f6nare<\/a>&nbsp;&nbsp;DI<\/li>\n<li><a href=\"https:\/\/news.google.com\/rss\/articles\/CBMilwFBVV95cUxPbVdoUTJHeU5yc25VaXpYbUZUMThHckROaVBab3hlMHdHZ0xrUW9jWGE3OS1pR095bjhVWkRZTm82a29hd1I0SWlQbnFsV1JEdjZ4YlJjVlFySy15cGdPaTJjRTV1VmpYTFlKSThmS1drN1lId3phTktPLTNOUlRScjNxQ3RoMzVQMXhOUW5nUXJHMWo2MXRz?oc=5\" target=\"_blank\" rel=\"nofollow noopener\">Ukrainsk dr\u00f6narattack mot oljeraffinaderi<\/a>&nbsp;&nbsp;TV4 Nyheterna<\/li>\n<li><a href=\"https:\/\/news.google.com\/rss\/articles\/CBMiwgFBVV95cUxPQkxyXzlsemt2S2czdHZuYWNDZHFRZ09YeFJ3TC1PWUFGVzZoRVoteDZUWmlGSFNoQzc5VVhqN3lZcGVLM19xaFN4eGZhcjBSTmI3Ym9Hcy1nNEN2ZUltaGRLRmxuTzh6cWdYZzJWZHYwN3JqU25zMU95Nk5abHE2b3pkVEtxUzVrNXo3ckRRdlNvblJBdUNVUkFmTFJDUFlTNHE2Z0pvZDQ3TGJ6YTlSQ1k0Rk9mU1pnN0tCRFVOOUdxdw?oc=5\" target=\"_blank\" rel=\"nofollow noopener\">Ukraina h\u00e4vdar att de har attackerat tv\u00e5 ryska milit\u00e4ra transportfartyg i Kaspiska havet<\/a>&nbsp;&nbsp;Gamereactor<\/li>\n<li><a href=\"https:\/\/news.google.com\/rss\/articles\/CBMigwFBVV95cUxPTTNXX0VVRkNRX3lubFprdUV1Q1dSUTJVX0RjVGVJaHVaZ1gxMjZVVGR4TTZlODkyNkVWYmUtZkxLbzJxVE0tcV85ejktS1lTMlhvZDYzeGxOaFI1ZkQxYXJVZmJoNTcxVTlqLVM0YXctRHlnSGs2emRNVGZjZDFlUWFKWQ?oc=5\" target=\"_blank\" rel=\"nofollow noopener\">Ukraina: Vi har s\u00e4nkt en rysk ub\u00e5t<\/a>&nbsp;&nbsp;Aftonbladet<\/li>\n<li><a href=\"https:\/\/news.google.com\/rss\/articles\/CBMinAFBVV95cUxQSER1NlF5SVA5MFI4S1NvTElPSGVrQlFnT0R2eldDZUlzQXh0TkhfZTl4eWpRc2lxZy1DRXNVOUdxVmVzeDU2a2J2cGNDTHpScHhTdFByMXpDc1UzT1pVRTVRYVVuSUEzOTctamRra0g0OTJTMGN4andhVU9tNjN3RXRrQ3RsTGVhMVo2Y0hyaWczd2Rwa0FlM29qVXo?oc=5\" target=\"_blank\" rel=\"nofollow noopener\">\u201dBlixtar p\u00e5 himlen\u201d \u2013 rysk j\u00e4tteanl\u00e4ggning attackerad<\/a>&nbsp;&nbsp;Marcus Oscarsson<\/li>\n<\/ol>\n","protected":false},"excerpt":{"rendered":"Ukraina: Rysk ub\u00e5t utslagen med dr\u00f6nare&nbsp;&nbsp;DI Ukrainsk dr\u00f6narattack mot oljeraffinaderi&nbsp;&nbsp;TV4 Nyheterna Ukraina h\u00e4vdar att de har attackerat tv\u00e5&hellip;\n","protected":false},"author":2,"featured_media":11926,"comment_status":"","ping_status":"","sticky":false,"template":"","format":"standard","meta":{"footnotes":""},"categories":[14],"tags":[22,23,26,27,17,21,24,25,28,29,15,16,18,34,31,33,32,30,19,20,51,52,53,54],"class_list":{"0":"post-107176","1":"post","2":"type-post","3":"status-publish","4":"format-standard","5":"has-post-thumbnail","7":"category-varlden","8":"tag-breaking-news","9":"tag-breakingnews","10":"tag-featured-news","11":"tag-featurednews","12":"tag-headlines","13":"tag-huvudnyheter","14":"tag-latest-news","15":"tag-latestnews","16":"tag-main-news","17":"tag-mainnews","18":"tag-news","19":"tag-nyheter","20":"tag-rubriker","21":"tag-se","22":"tag-svenska","23":"tag-sverige","24":"tag-sweden","25":"tag-swedish","26":"tag-top-stories","27":"tag-topstories","28":"tag-varlden","29":"tag-world","30":"tag-world-news","31":"tag-worldnews"},"share_on_mastodon":{"url":"https:\/\/pubeurope.com\/@se\/115725623824459516","error":""},"_links":{"self":[{"href":"https:\/\/www.europesays.com\/se\/wp-json\/wp\/v2\/posts\/107176","targetHints":{"allow":["GET"]}}],"collection":[{"href":"https:\/\/www.europesays.com\/se\/wp-json\/wp\/v2\/posts"}],"about":[{"href":"https:\/\/www.europesays.com\/se\/wp-json\/wp\/v2\/types\/post"}],"author":[{"embeddable":true,"href":"https:\/\/www.europesays.com\/se\/wp-json\/wp\/v2\/users\/2"}],"replies":[{"embeddable":true,"href":"https:\/\/www.europesays.com\/se\/wp-json\/wp\/v2\/comments?post=107176"}],"version-history":[{"count":0,"href":"https:\/\/www.europesays.com\/se\/wp-json\/wp\/v2\/posts\/107176\/revisions"}],"wp:featuredmedia":[{"embeddable":true,"href":"https:\/\/www.europesays.com\/se\/wp-json\/wp\/v2\/media\/11926"}],"wp:attachment":[{"href":"https:\/\/www.europesays.com\/se\/wp-json\/wp\/v2\/media?parent=107176"}],"wp:term":[{"taxonomy":"category","embeddable":true,"href":"https:\/\/www.europesays.com\/se\/wp-json\/wp\/v2\/categories?post=107176"},{"taxonomy":"post_tag","embeddable":true,"href":"https:\/\/www.europesays.com\/se\/wp-json\/wp\/v2\/tags?post=107176"}],"curies":[{"name":"wp","href":"https:\/\/api.w.org\/{rel}","templated":true}]}}