{"id":107179,"date":"2025-12-15T21:10:10","date_gmt":"2025-12-15T21:10:10","guid":{"rendered":"https:\/\/www.europesays.com\/se\/107179\/"},"modified":"2025-12-15T21:10:10","modified_gmt":"2025-12-15T21:10:10","slug":"olof-mellberg-en-av-kandidaterna-till-tranarjobbet-i-aik","status":"publish","type":"post","link":"https:\/\/www.europesays.com\/se\/107179\/","title":{"rendered":"Olof Mellberg en av kandidaterna till tr\u00e4narjobbet i AIK"},"content":{"rendered":"<p>Publicerad 15 dec 2025 kl 19.32<\/p>\n<p>Det g\u00e5r fortfarande inte att utesluta ett tr\u00e4narskifte i AIK till 2026.<\/p>\n<p>Enligt Expressens k\u00e4llor \u00e4r Olof Mellberg en av AIK:s tr\u00e4narkandidater i vinter.<\/p>\n<p>Parterna har varit i kontakt och \u00e4r i dialog om en potentiell framtid tillsammans.<\/p>\n<p>H\u00e4r sjunger Viktor Eriksson duett med Markoolio<img loading=\"lazy\"   alt=\"\"\/><\/p>\n<p>Olof Mellberg \u00e4r i kontakt med AIK om tr\u00e4narjobbet.<\/p>\n<p>Foto: JONATHAN N\u00c4CKSTRAND \/ BILDBYR\u00c5N<\/p>\n<p>\u00d6ppna bild i helsk\u00e4rm<img loading=\"lazy\"   alt=\"\"\/> <\/p>\n<p>Foto: PETTER ARVIDSON \/ BILDBYR\u00c5N<\/p>\n<p>\u00d6ppna bild i helsk\u00e4rm<img loading=\"lazy\"   alt=\"\"\/> <\/p>\n<p>Foto: MICHAEL ERICHSEN \/ BILDBYR\u00c5N<\/p>\n<p>\u00d6ppna bild i helsk\u00e4rm<\/p>\n<p>Trots att Mikkjal Thomassen \u00e4r AIK:s huvudtr\u00e4nare och har kontrakt \u00f6ver n\u00e4sta \u00e5r har f\u00e4r\u00f6ingens framtid i klubben varit omdiskuterad under vintern efter en sjundeplats i serien.<\/p>\n<p>Under vintern har <a href=\"https:\/\/www.expressen.se\/sport\/fotboll\/allsvenskan\/kalle-karlsson-en-av-kandidaterna-att-ta-over-aik-om-thomassen-lamnar-\/\" rel=\"nofollow noopener\" target=\"_blank\">Expressen rapporterat att AIK h\u00e5llit m\u00f6ten med Kalle Karlsson<\/a> och den engelske tr\u00e4naren Michael Beale.<\/p>\n<p>Karlsson var l\u00e4nge ett av namnen som AIK \u00f6verv\u00e4gde om Thomassen skulle l\u00e4mna f\u00f6r en utl\u00e4ndsk klubb eller f\u00e5 sparken. I st\u00e4llet flyttade den tidigare VSK-managern till Hammarby, n\u00e5got som blev klart f\u00f6rra veckan.<\/p>\n<p>AIK har visat konkret intresse<\/p>\n<p>Flera k\u00e4llor som Expressen har varit i kontakt med uppger att det fortfarande inte g\u00e5r att utesluta att AIK v\u00e4ljer att genomf\u00f6ra ett tr\u00e4narskifte till n\u00e4sta s\u00e4song.<\/p>\n<p>Thomassen har tillsammans med spelartruppen varit p\u00e5 semester den senaste tiden och Expressen erfar att tr\u00e4naren inte har varit involverad i den sportsliga planeringen till 2026.<\/p>\n<p>Det innefattar bland annat vilka spelare AIK ska buda p\u00e5 och truppbygget i stort. Bakom kulisserna har AIK:s sportsliga ledning fortsatt att sondera terr\u00e4ngen efter nya tr\u00e4narnamn.<\/p>\n<p><img loading=\"lazy\"   alt=\"\"\/><\/p>\n<p>Olof Mellberg.<\/p>\n<p>Foto: STEFAN JERREV\u00c5NG\/TT \/ TT NYHETSBYR\u00c5N<\/p>\n<p>\u00d6ppna bild i helsk\u00e4rm<\/p>\n<p>D\u00e4r ska <a href=\"https:\/\/www.expressen.se\/tagg\/person\/olof-mellberg\/\" class=\"\" rel=\"nofollow noopener\" target=\"_blank\">Olof Mellberg<\/a> vara ett namn som \u00e4r aktuellt f\u00f6r AIK. Flera k\u00e4llor som Expressen har varit i kontakt med uppger att Mellberg \u00e4r en av kandidaterna internt i AIK.<\/p>\n<p>Parterna har haft kontakt och f\u00f6r en dialog om en potentiell framtid tillsammans. Ingenting \u00e4r \u00e4nnu klart eller p\u00e5skrivet, men enligt flera k\u00e4llor \u00e4r Mellberg det namn som AIK hoppas kunna locka och \u00f6vertyga att komma till klubben. Hur den tidigare BP-tr\u00e4naren skulle st\u00e4lla sig till en skarp fr\u00e5gan fr\u00e5n AIK f\u00f6rt\u00e4ljer inte v\u00e5ra uppgifter i nul\u00e4get.<\/p>\n<p>Det \u00e5terst\u00e5r att se om det blir Mellberg som tr\u00e4nar AIK n\u00e4sta s\u00e4song, eller om klubben till slut v\u00e4ljer att anst\u00e4lla n\u00e5gon annan kandidat.<\/p>\n<p>AIK har \u00e4ven haft ett par utl\u00e4ndska namn uppe f\u00f6r diskussion den senaste tiden \u2013 och den n\u00e4rmsta veckan eller tv\u00e5 l\u00e4r allts\u00e5 utvisa hur AIK formerar sin ledarstab till 2026 och ifall Mikkjal Thomassen blir kvar i klubben.<\/p>\n<p>Olof Mellberg har tr\u00e4nat BP i tv\u00e5 omg\u00e5ngar och \u00e4ven basat \u00f6ver St. Louis City SC. D\u00e4r blev det bara 17 matcher innan MLS-klubben valde att avskeda honom.<\/p>\n","protected":false},"excerpt":{"rendered":"Publicerad 15 dec 2025 kl 19.32 Det g\u00e5r fortfarande inte att utesluta ett tr\u00e4narskifte i AIK till 2026.&hellip;\n","protected":false},"author":2,"featured_media":107180,"comment_status":"","ping_status":"","sticky":false,"template":"","format":"standard","meta":{"footnotes":""},"categories":[68],"tags":[131,11958,34,130,129,111,110,31,33,32,30],"class_list":{"0":"post-107179","1":"post","2":"type-post","3":"status-publish","4":"format-standard","5":"has-post-thumbnail","7":"category-sport","8":"tag-organization-aik-fotboll","9":"tag-person-olof-mellberg","10":"tag-se","11":"tag-sections-allsvenskan","12":"tag-sections-fotboll","13":"tag-sport","14":"tag-sports","15":"tag-svenska","16":"tag-sverige","17":"tag-sweden","18":"tag-swedish"},"share_on_mastodon":{"url":"https:\/\/pubeurope.com\/@se\/115725639559455967","error":""},"_links":{"self":[{"href":"https:\/\/www.europesays.com\/se\/wp-json\/wp\/v2\/posts\/107179","targetHints":{"allow":["GET"]}}],"collection":[{"href":"https:\/\/www.europesays.com\/se\/wp-json\/wp\/v2\/posts"}],"about":[{"href":"https:\/\/www.europesays.com\/se\/wp-json\/wp\/v2\/types\/post"}],"author":[{"embeddable":true,"href":"https:\/\/www.europesays.com\/se\/wp-json\/wp\/v2\/users\/2"}],"replies":[{"embeddable":true,"href":"https:\/\/www.europesays.com\/se\/wp-json\/wp\/v2\/comments?post=107179"}],"version-history":[{"count":0,"href":"https:\/\/www.europesays.com\/se\/wp-json\/wp\/v2\/posts\/107179\/revisions"}],"wp:featuredmedia":[{"embeddable":true,"href":"https:\/\/www.europesays.com\/se\/wp-json\/wp\/v2\/media\/107180"}],"wp:attachment":[{"href":"https:\/\/www.europesays.com\/se\/wp-json\/wp\/v2\/media?parent=107179"}],"wp:term":[{"taxonomy":"category","embeddable":true,"href":"https:\/\/www.europesays.com\/se\/wp-json\/wp\/v2\/categories?post=107179"},{"taxonomy":"post_tag","embeddable":true,"href":"https:\/\/www.europesays.com\/se\/wp-json\/wp\/v2\/tags?post=107179"}],"curies":[{"name":"wp","href":"https:\/\/api.w.org\/{rel}","templated":true}]}}