{"id":107195,"date":"2025-12-15T21:32:23","date_gmt":"2025-12-15T21:32:23","guid":{"rendered":"https:\/\/www.europesays.com\/se\/107195\/"},"modified":"2025-12-15T21:32:23","modified_gmt":"2025-12-15T21:32:23","slug":"ryssland-pastar-kontroll-over-ukrainsk-stad-tillbakavisas","status":"publish","type":"post","link":"https:\/\/www.europesays.com\/se\/107195\/","title":{"rendered":"Ryssland p\u00e5st\u00e5r kontroll \u00f6ver ukrainsk stad \u2013 tillbakavisas"},"content":{"rendered":"<p>Ryssland har f\u00f6rklarat seger i slaget om Siversk.<\/p>\n<p>Men Kremls p\u00e5st\u00e5enden \u00e4r sannolikt en l\u00f6gn, enligt brittiska underr\u00e4ttelser.<\/p>\n<p>\u201dSiversk har l\u00e4nge varit ett m\u00e5l f\u00f6r ryska styrkor, som har genomf\u00f6rt flera misslyckade anfall mot staden\u201d, skriver Storbritanniens f\u00f6rsvarsdepartement.<\/p>\n<p>Senaste klippen om kriget i Ukraina.<img   alt=\"\"\/><\/p>\n<p>Ryska trupper h\u00e5ller upp flaggor i Siversk.<\/p>\n<p>Foto: AP \/ AP TT NYHETSBYR\u00c5N<\/p>\n<p>\u00d6ppna bild i helsk\u00e4rm<img loading=\"lazy\"   alt=\"\"\/><\/p>\n<p>Rysslands president Vladimir Putin.<\/p>\n<p>Foto: Vyacheslav Prokofyev\/Kremlin Poo \/ TT NYHETSBYR\u00c5N<\/p>\n<p>\u00d6ppna bild i helsk\u00e4rm<\/p>\n<p>Sedan slutet av oktober har ryska marktrupper riktat en offensiv mot ukrainska Siversk l\u00e4ngs frontlinjen i Donetsk. Striderna har under de senaste veckorna intensifierats och i torsdags l\u00e4mnade <a href=\"https:\/\/www.expressen.se\/tagg\/location\/ryssland\/\" class=\"\" rel=\"nofollow noopener\" target=\"_blank\">Rysslands<\/a> f\u00f6rsvarschef \u00f6ver en rapport till Vladimir Putin om att de lyckats ta full kontroll \u00f6ver omr\u00e5det.<\/p>\n<p>Ett p\u00e5st\u00e5ende som snabbt tillbakavisades av Ukrainas f\u00f6rsvar.<\/p>\n<p>\u201dFienden utnyttjar of\u00f6rdelaktiga v\u00e4derf\u00f6rh\u00e5llanden f\u00f6r att f\u00f6rs\u00f6ka infiltrera Siversk i sm\u00e5 grupper, men merparten av dessa enheter blir \u00f6delagda n\u00e4r de n\u00e4rmar sig\u201d, skriver milit\u00e4ren i ett inl\u00e4gg p\u00e5 Facebook.<\/p>\n<p>F\u00f6rsvarar de v\u00e4stra delarna<\/p>\n<p>Det styrks \u00e4ven av det brittiska f\u00f6rsvarsdepartementet, som publicerat en underr\u00e4ttelseuppdatering p\u00e5 X:<\/p>\n<p>\u201dUkrainska styrkor forts\u00e4tter sannolikt att f\u00f6rsvara de v\u00e4stra delarna av staden. Siversk har l\u00e4nge varit ett m\u00e5l f\u00f6r ryska styrkor, som har genomf\u00f6rt flera misslyckade anfall mot staden\u201d, skriver de i inl\u00e4gget.<\/p>\n<p>Ryssland lider stora f\u00f6rluster<\/p>\n<p>Samtidigt tar den ryska arm\u00e9n l\u00e5ngsamt mark, men till stora f\u00f6rluster. Hittills i \u00e5r har uppskattningsvis uppemot 400 000 ryska soldater d\u00f6dats eller skadats, enligt underr\u00e4ttelserna.<\/p>\n<p>Rysslands p\u00e5st\u00e5ende om att de tagit full kontroll \u00f6ver staden Pokrovsk, cirka tio mil sydv\u00e4st om Siversk, \u00e4r med st\u00f6rsta s\u00e4kerhet ocks\u00e5 felaktigt, skriver f\u00f6rsvarsdepartementet i inl\u00e4gget.<\/p>\n<p>\u201dUkrainska styrkor har sannolikt fortfarande en begr\u00e4nsad f\u00f6rm\u00e5ga att genomf\u00f6ra mindre r\u00e4der mot norra delen av staden, vilket f\u00f6rsv\u00e5rar rysk kontroll.\u201d<\/p>\n<p>Oljelarm p\u00e5 flera h\u00e5ll i Ryssland \u2022 Str\u00f6mmen slogs ut.<\/p>\n","protected":false},"excerpt":{"rendered":"Ryssland har f\u00f6rklarat seger i slaget om Siversk. Men Kremls p\u00e5st\u00e5enden \u00e4r sannolikt en l\u00f6gn, enligt brittiska underr\u00e4ttelser.&hellip;\n","protected":false},"author":2,"featured_media":107196,"comment_status":"","ping_status":"","sticky":false,"template":"","format":"standard","meta":{"footnotes":""},"categories":[5],"tags":[22,23,26,27,17,21,24,25,2341,274,202,28,29,15,276,16,543,203,18,34,55,31,33,32,30,19,60,20],"class_list":{"0":"post-107195","1":"post","2":"type-post","3":"status-publish","4":"format-standard","5":"has-post-thumbnail","7":"category-rubriker","8":"tag-breaking-news","9":"tag-breakingnews","10":"tag-featured-news","11":"tag-featurednews","12":"tag-headlines","13":"tag-huvudnyheter","14":"tag-latest-news","15":"tag-latestnews","16":"tag-location-donetsk","17":"tag-location-ryssland","18":"tag-location-ukraina","19":"tag-main-news","20":"tag-mainnews","21":"tag-news","22":"tag-newsstory-kriget-i-ukraina","23":"tag-nyheter","24":"tag-organization-kreml","25":"tag-person-vladimir-putin","26":"tag-rubriker","27":"tag-se","28":"tag-sections-varlden","29":"tag-svenska","30":"tag-sverige","31":"tag-sweden","32":"tag-swedish","33":"tag-top-stories","34":"tag-topic-krig-konflikt","35":"tag-topstories"},"share_on_mastodon":{"url":"https:\/\/pubeurope.com\/@se\/115725726110217315","error":""},"_links":{"self":[{"href":"https:\/\/www.europesays.com\/se\/wp-json\/wp\/v2\/posts\/107195","targetHints":{"allow":["GET"]}}],"collection":[{"href":"https:\/\/www.europesays.com\/se\/wp-json\/wp\/v2\/posts"}],"about":[{"href":"https:\/\/www.europesays.com\/se\/wp-json\/wp\/v2\/types\/post"}],"author":[{"embeddable":true,"href":"https:\/\/www.europesays.com\/se\/wp-json\/wp\/v2\/users\/2"}],"replies":[{"embeddable":true,"href":"https:\/\/www.europesays.com\/se\/wp-json\/wp\/v2\/comments?post=107195"}],"version-history":[{"count":0,"href":"https:\/\/www.europesays.com\/se\/wp-json\/wp\/v2\/posts\/107195\/revisions"}],"wp:featuredmedia":[{"embeddable":true,"href":"https:\/\/www.europesays.com\/se\/wp-json\/wp\/v2\/media\/107196"}],"wp:attachment":[{"href":"https:\/\/www.europesays.com\/se\/wp-json\/wp\/v2\/media?parent=107195"}],"wp:term":[{"taxonomy":"category","embeddable":true,"href":"https:\/\/www.europesays.com\/se\/wp-json\/wp\/v2\/categories?post=107195"},{"taxonomy":"post_tag","embeddable":true,"href":"https:\/\/www.europesays.com\/se\/wp-json\/wp\/v2\/tags?post=107195"}],"curies":[{"name":"wp","href":"https:\/\/api.w.org\/{rel}","templated":true}]}}