{"id":107199,"date":"2025-12-15T21:35:14","date_gmt":"2025-12-15T21:35:14","guid":{"rendered":"https:\/\/www.europesays.com\/se\/107199\/"},"modified":"2025-12-15T21:35:14","modified_gmt":"2025-12-15T21:35:14","slug":"tv4s-andring-i-kalla-fakta-efter-kritiken","status":"publish","type":"post","link":"https:\/\/www.europesays.com\/se\/107199\/","title":{"rendered":"TV4:s \u00e4ndring i \u201dKalla fakta\u201d \u2013 efter kritiken"},"content":{"rendered":"<p>Publicerad 15 dec 2025 kl 21.57<\/p>\n<p>Ebba \u00c5kerlund var en av dem som m\u00f6rdades av Rakhmat Akilov p\u00e5 Drottninggatan 2017.<\/p>\n<p>Nu reagerar hennes pappa Stefan mot TV4:s \u201dKalla fakta\u201d \u2013 som p\u00e5 m\u00e5ndagen s\u00e4nde ett program med bilder fr\u00e5n terrorn och som han menar visar Ebba under allt br\u00e5te.<\/p>\n<p>\u2013 Jag menar att jag kan se Ebba, s\u00e4ger han till Expressen.<\/p>\n<p>Senaste nyhetsklippen fr\u00e5n Expressen.<img   alt=\"\"\/><\/p>\n<p>Ebba \u00c5kerlund hedrades p\u00e5 Drottninggatan efter terrord\u00e5det.<\/p>\n<p>Foto: ALEX LJUNGDAHL<\/p>\n<p>\u00d6ppna bild i helsk\u00e4rm<img loading=\"lazy\"   alt=\"\"\/><\/p>\n<p>Hennes pappa Stefan.<\/p>\n<p>Foto: OLLE SPORRONG<\/p>\n<p>\u00d6ppna bild i helsk\u00e4rm<img loading=\"lazy\"   alt=\"\"\/><\/p>\n<p>TV4 \u00e4ndrade i programmet efter kontakten med Stefan.<\/p>\n<p>Foto: FREDRIK SANDBERG \/ TT NYHETSBYR\u00c5N<\/p>\n<p>\u00d6ppna bild i helsk\u00e4rm<\/p>\n<p>P\u00e5 m\u00e5ndagen s\u00e4nde <a href=\"https:\/\/www.expressen.se\/tagg\/organization\/tv4\/\" class=\"\" rel=\"nofollow noopener\" target=\"_blank\">TV4<\/a>:s \u201dKalla fakta\u201d ett program som handlar om Stig Westerlunds kamp mot f\u00f6rs\u00e4kringsbolagen efter att ha f\u00e5tt PTSD efter terrorattentatet p\u00e5 Drottninggatan 2017.<\/p>\n<p>I programmet anv\u00e4nds nya bilder fr\u00e5n f\u00f6runders\u00f6kningen som \u00e4r tagna inifr\u00e5n \u00c5hl\u00e9nshuset i Stockholm, d\u00e4r terroristen Rakhmat Akilov kraschade.<\/p>\n<p>P\u00e5 bilderna syns Ebba \u00c5kerlund, ett av d\u00f6dsoffren i attacken. Det menar hennes pappa Stefan.<\/p>\n<p>\u2013 Jag tycker att man ska t\u00e4nka sig f\u00f6r innan man g\u00f6r s\u00e5na h\u00e4r inslag, s\u00e4ger han till Expressen.<\/p>\n<p>\u201dF\u00f6r mig duger det inte\u201d<\/p>\n<p>Inf\u00f6r programmet riktade han kritik mot \u201dKalla fakta\u201d i ett inl\u00e4gg p\u00e5 Facebook. D\u00e4refter har han varit i kontakt med TV4.<\/p>\n<p>\u2013 Jag menar att jag kan se Ebba. Du ser inte Ebba f\u00f6r det g\u00e5r s\u00e5 fort. Du ser ett tv-program och det g\u00e5r fort. Du ser inte, men jag g\u00f6r det, s\u00e4ger han.<\/p>\n<p>Stefan s\u00e4ger att han kan \u201dhacka i sig\u201d att det skrivs om terrorattacken, att det g\u00f6rs dokument\u00e4rer och podcasts. Men han tycker att man b\u00f6r vara f\u00f6rsiktig med att visa bilder fr\u00e5n f\u00f6runders\u00f6kningen.<\/p>\n<p>\u2013 Det r\u00e4cker f\u00f6r dem att ha en bild p\u00e5 lastbilen inne p\u00e5 \u00c5hl\u00e9ns, d\u00e4r Ebba \u00e4r bortplockad. Det var mitt case n\u00e4r jag pratade med chefen p\u00e5 \u201dKalla fakta\u201d.<\/p>\n<p>TV4:s \u00e4ndring<\/p>\n<p>Fredrick Malmberg \u00e4r ansvarig utgivare p\u00e5 TV4 och f\u00f6r \u201dKalla fakta\u201d. Han bekr\u00e4ftar att man \u00e4ndrade i programmet efter att ha talat med Stefan.<\/p>\n<p>\u2013 Vi har tagit h\u00e4nsyn till det och blurrat, s\u00e4ger han.<\/p>\n<p>Fredrick Malmberg till\u00e4gger att varken han eller n\u00e5gon p\u00e5 redaktionen kunde se Ebba p\u00e5 bilden som blurrades.<\/p>\n<p>\u2013 Och i utredningen st\u00e5r det ingenting om att det ska vara en person med p\u00e5 den h\u00e4r bilden, det g\u00f6r det p\u00e5 de andra bilderna i utredningen.<\/p>\n<p>Ebbas pappa Stefan, igen.<\/p>\n<p>\u2013 De fattar ju inte att Ebba ligger d\u00e4r. Det \u00e4r deras f\u00f6rsvarstal. Och det kan v\u00e4l duga p\u00e5 sitt s\u00e4tt, men f\u00f6r mig duger det inte, s\u00e4ger Stefan.<\/p>\n","protected":false},"excerpt":{"rendered":"Publicerad 15 dec 2025 kl 21.57 Ebba \u00c5kerlund var en av dem som m\u00f6rdades av Rakhmat Akilov p\u00e5&hellip;\n","protected":false},"author":2,"featured_media":107200,"comment_status":"","ping_status":"","sticky":false,"template":"","format":"standard","meta":{"footnotes":""},"categories":[67],"tags":[104,11959,11652,384,34,154,31,33,32,30,205,105],"class_list":{"0":"post-107199","1":"post","2":"type-post","3":"status-publish","4":"format-standard","5":"has-post-thumbnail","7":"category-underhallning","8":"tag-entertainment","9":"tag-location-drottninggatan","10":"tag-organization-kalla-fakta","11":"tag-organization-tv4","12":"tag-se","13":"tag-sections-sverige","14":"tag-svenska","15":"tag-sverige","16":"tag-sweden","17":"tag-swedish","18":"tag-topic-journalistik-medier","19":"tag-underhallning"},"share_on_mastodon":{"url":"https:\/\/pubeurope.com\/@se\/115725737905553316","error":""},"_links":{"self":[{"href":"https:\/\/www.europesays.com\/se\/wp-json\/wp\/v2\/posts\/107199","targetHints":{"allow":["GET"]}}],"collection":[{"href":"https:\/\/www.europesays.com\/se\/wp-json\/wp\/v2\/posts"}],"about":[{"href":"https:\/\/www.europesays.com\/se\/wp-json\/wp\/v2\/types\/post"}],"author":[{"embeddable":true,"href":"https:\/\/www.europesays.com\/se\/wp-json\/wp\/v2\/users\/2"}],"replies":[{"embeddable":true,"href":"https:\/\/www.europesays.com\/se\/wp-json\/wp\/v2\/comments?post=107199"}],"version-history":[{"count":0,"href":"https:\/\/www.europesays.com\/se\/wp-json\/wp\/v2\/posts\/107199\/revisions"}],"wp:featuredmedia":[{"embeddable":true,"href":"https:\/\/www.europesays.com\/se\/wp-json\/wp\/v2\/media\/107200"}],"wp:attachment":[{"href":"https:\/\/www.europesays.com\/se\/wp-json\/wp\/v2\/media?parent=107199"}],"wp:term":[{"taxonomy":"category","embeddable":true,"href":"https:\/\/www.europesays.com\/se\/wp-json\/wp\/v2\/categories?post=107199"},{"taxonomy":"post_tag","embeddable":true,"href":"https:\/\/www.europesays.com\/se\/wp-json\/wp\/v2\/tags?post=107199"}],"curies":[{"name":"wp","href":"https:\/\/api.w.org\/{rel}","templated":true}]}}