{"id":107209,"date":"2025-12-15T21:46:06","date_gmt":"2025-12-15T21:46:06","guid":{"rendered":"https:\/\/www.europesays.com\/se\/107209\/"},"modified":"2025-12-15T21:46:06","modified_gmt":"2025-12-15T21:46:06","slug":"julgranen-och-julkrubban-invigda-pa-petersplatsen","status":"publish","type":"post","link":"https:\/\/www.europesays.com\/se\/107209\/","title":{"rendered":"Julgranen och julkrubban invigda p\u00e5 Petersplatsen"},"content":{"rendered":"<p>Vatikanen t\u00e4nde julgranen och julkrubban p\u00e5 Petersplatsen vid en ceremoni med syster Raffaella Petrini, ordf\u00f6rande f\u00f6r Vatikanstatens regering, samt italienska civila och kyrkliga representanter fr\u00e5n de stift som har bidragit till \u00e5rets krubba och gran.<\/p>\n<p><b>Vatican News<\/b><\/p>\n<p>Vatikanens julgran och julkrubba t\u00e4ndes och invigdes officiellt p\u00e5 Petersplatsen m\u00e5ndagen den 15 december av syster Raffaella Petrini, ordf\u00f6rande f\u00f6r Vatikanstatens regering.<\/p>\n<p>\u201dI dag, p\u00e5 detta torg som omfamnar v\u00e4rlden, \u00e4r julkrubban och julgranen inte bara juldekorationer, utan tecken p\u00e5 gemenskap, uppmaningar till fred och till omsorg om skapelsen samt en inbjudan till universellt broderskap \u2013 n\u00e5got som p\u00e5ven Franciskus satte \u00f6ver allt annat och som blev k\u00e4nnetecknande f\u00f6r hans karisma\u201d, sade hon. Hon p\u00e5minde ocks\u00e5 om att n\u00e4sta \u00e5r markerar 800-\u00e5rsdagen av den helige Franciskus av Assisis d\u00f6d \u2013 helgonet som inledde traditionen med julkrubbor \u00e5r 1223.<\/p>\n<p>Kyrkliga och civila representanter fr\u00e5n de stift som donerat juldekorationerna n\u00e4rvarade och h\u00f6ll anf\u00f6randen vid invigningsceremonin. Tidigare under dagen hade de \u00e4ven haft m\u00f6jlighet att m\u00f6ta p\u00e5ve Leo XIV.<\/p>\n<p>Vatikanens gendarmeris musikk\u00e5r, liksom olika k\u00f6rer och musikk\u00e5rer fr\u00e5n stiften, framf\u00f6rde traditionella juls\u00e5nger och danser.<\/p>\n<p>Julkrubban och granen kommer att st\u00e5 kvar till slutet av jultiden, som sammanfaller med Herrens dop p\u00e5 s\u00f6ndagen den 11 januari 2026.<\/p>\n<p>Julkrubban har utformats av stiftet Nocera Inferiore-Sarno i s\u00f6dra Italien, representerat vid ceremonin av biskop Giuseppe Giudice. Julgranen kommer fr\u00e5n stiftet Bolzano-Bressanone i norra Italien, och dess biskop, Ivo Muser, var ocks\u00e5 n\u00e4rvarande.<\/p>\n<p>\u00c4rkebiskop Emilio Nappa och Giuseppe Puglisi-Alibrandi, b\u00e5da generalsekreterare f\u00f6r guvernementet, deltog \u00e4ven de i invigningsceremonin.<\/p>\n","protected":false},"excerpt":{"rendered":"Vatikanen t\u00e4nde julgranen och julkrubban p\u00e5 Petersplatsen vid en ceremoni med syster Raffaella Petrini, ordf\u00f6rande f\u00f6r Vatikanstatens regering,&hellip;\n","protected":false},"author":2,"featured_media":107210,"comment_status":"","ping_status":"","sticky":false,"template":"","format":"standard","meta":{"footnotes":""},"categories":[14],"tags":[22,23,26,27,17,21,24,25,28,29,15,16,18,34,31,33,32,30,19,20,51,52,53,54],"class_list":{"0":"post-107209","1":"post","2":"type-post","3":"status-publish","4":"format-standard","5":"has-post-thumbnail","7":"category-varlden","8":"tag-breaking-news","9":"tag-breakingnews","10":"tag-featured-news","11":"tag-featurednews","12":"tag-headlines","13":"tag-huvudnyheter","14":"tag-latest-news","15":"tag-latestnews","16":"tag-main-news","17":"tag-mainnews","18":"tag-news","19":"tag-nyheter","20":"tag-rubriker","21":"tag-se","22":"tag-svenska","23":"tag-sverige","24":"tag-sweden","25":"tag-swedish","26":"tag-top-stories","27":"tag-topstories","28":"tag-varlden","29":"tag-world","30":"tag-world-news","31":"tag-worldnews"},"share_on_mastodon":{"url":"https:\/\/pubeurope.com\/@se\/115725781089923275","error":""},"_links":{"self":[{"href":"https:\/\/www.europesays.com\/se\/wp-json\/wp\/v2\/posts\/107209","targetHints":{"allow":["GET"]}}],"collection":[{"href":"https:\/\/www.europesays.com\/se\/wp-json\/wp\/v2\/posts"}],"about":[{"href":"https:\/\/www.europesays.com\/se\/wp-json\/wp\/v2\/types\/post"}],"author":[{"embeddable":true,"href":"https:\/\/www.europesays.com\/se\/wp-json\/wp\/v2\/users\/2"}],"replies":[{"embeddable":true,"href":"https:\/\/www.europesays.com\/se\/wp-json\/wp\/v2\/comments?post=107209"}],"version-history":[{"count":0,"href":"https:\/\/www.europesays.com\/se\/wp-json\/wp\/v2\/posts\/107209\/revisions"}],"wp:featuredmedia":[{"embeddable":true,"href":"https:\/\/www.europesays.com\/se\/wp-json\/wp\/v2\/media\/107210"}],"wp:attachment":[{"href":"https:\/\/www.europesays.com\/se\/wp-json\/wp\/v2\/media?parent=107209"}],"wp:term":[{"taxonomy":"category","embeddable":true,"href":"https:\/\/www.europesays.com\/se\/wp-json\/wp\/v2\/categories?post=107209"},{"taxonomy":"post_tag","embeddable":true,"href":"https:\/\/www.europesays.com\/se\/wp-json\/wp\/v2\/tags?post=107209"}],"curies":[{"name":"wp","href":"https:\/\/api.w.org\/{rel}","templated":true}]}}