{"id":10721,"date":"2025-08-22T03:30:17","date_gmt":"2025-08-22T03:30:17","guid":{"rendered":"https:\/\/www.europesays.com\/se\/10721\/"},"modified":"2025-08-22T03:30:17","modified_gmt":"2025-08-22T03:30:17","slug":"naringslivet-valkomnar-vattenfalls-karnkraftsbesked","status":"publish","type":"post","link":"https:\/\/www.europesays.com\/se\/10721\/","title":{"rendered":"N\u00e4ringslivet v\u00e4lkomnar Vattenfalls k\u00e4rnkraftsbesked"},"content":{"rendered":"<p>Svenskt N\u00e4ringsliv v\u00e4lkomnar Vattenfalls besked att man ska bygga ut k\u00e4rnkraften med sm\u00e5skaliga reaktorer (SMR), skriver DI.<\/p>\n<p>\u2013 En stabil och v\u00e4lfungerande elf\u00f6rs\u00f6rjning till konkurrenskraftiga kostnader \u00e4r helt avg\u00f6rande f\u00f6r att l\u00e5ngsiktigt st\u00e4rka v\u00e5r ekonomi och konkurrenskraft, s\u00e4ger vd Jan-Olof Jacke till tidningen.<\/p>\n<p>Han efterlyser \u201dl\u00e5ngsiktigt stabila spelregler i energipolitiken\u201d f\u00f6r att g\u00f6ra investeringar m\u00f6jliga och s\u00e4ger att det \u00e4r positivt att det finns en pragmatisk inst\u00e4llning p\u00e5 b\u00e5da sidor i politiken. <\/p>\n<p>Omni \u00e4r politiskt obundna och oberoende. Vi str\u00e4var efter att ge fler perspektiv p\u00e5 nyheterna. Har du fr\u00e5gor eller synpunkter kring v\u00e5r rapportering? <a href=\"https:\/\/omni.se\/naringslivet-valkomnar-vattenfalls-karnkraftsbesked\/a\/mailto:redaktion@omni.se\" class=\"ArticleActions_contactLink__W2F1M\" rel=\"nofollow noopener\" target=\"_blank\">Kontakta redaktionen<\/a><\/p>\n","protected":false},"excerpt":{"rendered":"Svenskt N\u00e4ringsliv v\u00e4lkomnar Vattenfalls besked att man ska bygga ut k\u00e4rnkraften med sm\u00e5skaliga reaktorer (SMR), skriver DI. \u2013&hellip;\n","protected":false},"author":2,"featured_media":10722,"comment_status":"","ping_status":"","sticky":false,"template":"","format":"standard","meta":{"footnotes":""},"categories":[5],"tags":[22,23,291,1426,26,27,17,21,1506,24,25,28,29,15,16,369,18,34,31,1250,33,32,30,19,20,1507],"class_list":{"0":"post-10721","1":"post","2":"type-post","3":"status-publish","4":"format-standard","5":"has-post-thumbnail","7":"category-rubriker","8":"tag-breaking-news","9":"tag-breakingnews","10":"tag-energi-ravaror","11":"tag-energipolitik","12":"tag-featured-news","13":"tag-featurednews","14":"tag-headlines","15":"tag-huvudnyheter","16":"tag-jan-olof-jacke","17":"tag-latest-news","18":"tag-latestnews","19":"tag-main-news","20":"tag-mainnews","21":"tag-news","22":"tag-nyheter","23":"tag-politik","24":"tag-rubriker","25":"tag-se","26":"tag-svenska","27":"tag-svenskt-naringsliv","28":"tag-sverige","29":"tag-sweden","30":"tag-swedish","31":"tag-top-stories","32":"tag-topstories","33":"tag-vattenfall"},"share_on_mastodon":{"url":"","error":""},"_links":{"self":[{"href":"https:\/\/www.europesays.com\/se\/wp-json\/wp\/v2\/posts\/10721","targetHints":{"allow":["GET"]}}],"collection":[{"href":"https:\/\/www.europesays.com\/se\/wp-json\/wp\/v2\/posts"}],"about":[{"href":"https:\/\/www.europesays.com\/se\/wp-json\/wp\/v2\/types\/post"}],"author":[{"embeddable":true,"href":"https:\/\/www.europesays.com\/se\/wp-json\/wp\/v2\/users\/2"}],"replies":[{"embeddable":true,"href":"https:\/\/www.europesays.com\/se\/wp-json\/wp\/v2\/comments?post=10721"}],"version-history":[{"count":0,"href":"https:\/\/www.europesays.com\/se\/wp-json\/wp\/v2\/posts\/10721\/revisions"}],"wp:featuredmedia":[{"embeddable":true,"href":"https:\/\/www.europesays.com\/se\/wp-json\/wp\/v2\/media\/10722"}],"wp:attachment":[{"href":"https:\/\/www.europesays.com\/se\/wp-json\/wp\/v2\/media?parent=10721"}],"wp:term":[{"taxonomy":"category","embeddable":true,"href":"https:\/\/www.europesays.com\/se\/wp-json\/wp\/v2\/categories?post=10721"},{"taxonomy":"post_tag","embeddable":true,"href":"https:\/\/www.europesays.com\/se\/wp-json\/wp\/v2\/tags?post=10721"}],"curies":[{"name":"wp","href":"https:\/\/api.w.org\/{rel}","templated":true}]}}