{"id":107224,"date":"2025-12-15T22:01:24","date_gmt":"2025-12-15T22:01:24","guid":{"rendered":"https:\/\/www.europesays.com\/se\/107224\/"},"modified":"2025-12-15T22:01:24","modified_gmt":"2025-12-15T22:01:24","slug":"eu-krav-pa-nollutslapp-skjuts-upp-flera-ar","status":"publish","type":"post","link":"https:\/\/www.europesays.com\/se\/107224\/","title":{"rendered":"EU-krav p\u00e5 nollutsl\u00e4pp skjuts upp flera \u00e5r"},"content":{"rendered":"<p>EU-kommissionen v\u00e4ntas under tisdagen backa fr\u00e5n sitt tidigare beslut att inf\u00f6ra ett utsl\u00e4ppsf\u00f6rbud f\u00f6r nya bilar i EU fr\u00e5n \u00e5r 2035, rapporterar Reuters. Enligt nyhetsbyr\u00e5ns k\u00e4llor kan f\u00f6rbudet skjutas upp i fem \u00e5r. <\/p>\n<p>F\u00f6rbudet har splittrat fordonssektorn \u2013 traditionella biltillverkare som Volkswagen och Stellantis har drivit p\u00e5 f\u00f6r l\u00e4ttare krav, medan elbilssektorn menar att f\u00f6rbudet beh\u00f6vs f\u00f6r att inte f\u00f6rlora elbilsmarknaden gentemot Kina. Polestars vd Michael Lohscheller vill att EU beh\u00e5ller f\u00f6rbudet.<\/p>\n<p>\u2013 Tekniken, laddinfrastrukturen och konsumenterna \u00e4r redo. S\u00e5 vad v\u00e4ntar vi p\u00e5? fr\u00e5gar Lohscheller. <\/p>\n<p>Omni \u00e4r politiskt obundna och oberoende. Vi str\u00e4var efter att ge fler perspektiv p\u00e5 nyheterna. Har du fr\u00e5gor eller synpunkter kring v\u00e5r rapportering? <a href=\"https:\/\/omni.se\/uppgift-eu-krav-pa-nollutslapp-skjuts-upp-flera-ar\/a\/mailto:redaktion@omni.se\" class=\"ArticleActions_contactLink__W2F1M\" rel=\"nofollow noopener\" target=\"_blank\">Kontakta redaktionen<\/a><\/p>\n","protected":false},"excerpt":{"rendered":"EU-kommissionen v\u00e4ntas under tisdagen backa fr\u00e5n sitt tidigare beslut att inf\u00f6ra ett utsl\u00e4ppsf\u00f6rbud f\u00f6r nya bilar i EU&hellip;\n","protected":false},"author":2,"featured_media":107225,"comment_status":"","ping_status":"","sticky":false,"template":"","format":"standard","meta":{"footnotes":""},"categories":[65],"tags":[72,70,71,73,1141,528,940,34,31,33,32,30],"class_list":{"0":"post-107224","1":"post","2":"type-post","3":"status-publish","4":"format-standard","5":"has-post-thumbnail","7":"category-ekonomi","8":"tag-business","9":"tag-economy","10":"tag-ekonomi","11":"tag-eu","12":"tag-eu-politik","13":"tag-klimat-miljo","14":"tag-klimathotet","15":"tag-se","16":"tag-svenska","17":"tag-sverige","18":"tag-sweden","19":"tag-swedish"},"share_on_mastodon":{"url":"https:\/\/pubeurope.com\/@se\/115725840125746005","error":""},"_links":{"self":[{"href":"https:\/\/www.europesays.com\/se\/wp-json\/wp\/v2\/posts\/107224","targetHints":{"allow":["GET"]}}],"collection":[{"href":"https:\/\/www.europesays.com\/se\/wp-json\/wp\/v2\/posts"}],"about":[{"href":"https:\/\/www.europesays.com\/se\/wp-json\/wp\/v2\/types\/post"}],"author":[{"embeddable":true,"href":"https:\/\/www.europesays.com\/se\/wp-json\/wp\/v2\/users\/2"}],"replies":[{"embeddable":true,"href":"https:\/\/www.europesays.com\/se\/wp-json\/wp\/v2\/comments?post=107224"}],"version-history":[{"count":0,"href":"https:\/\/www.europesays.com\/se\/wp-json\/wp\/v2\/posts\/107224\/revisions"}],"wp:featuredmedia":[{"embeddable":true,"href":"https:\/\/www.europesays.com\/se\/wp-json\/wp\/v2\/media\/107225"}],"wp:attachment":[{"href":"https:\/\/www.europesays.com\/se\/wp-json\/wp\/v2\/media?parent=107224"}],"wp:term":[{"taxonomy":"category","embeddable":true,"href":"https:\/\/www.europesays.com\/se\/wp-json\/wp\/v2\/categories?post=107224"},{"taxonomy":"post_tag","embeddable":true,"href":"https:\/\/www.europesays.com\/se\/wp-json\/wp\/v2\/tags?post=107224"}],"curies":[{"name":"wp","href":"https:\/\/api.w.org\/{rel}","templated":true}]}}