{"id":107241,"date":"2025-12-15T22:19:09","date_gmt":"2025-12-15T22:19:09","guid":{"rendered":"https:\/\/www.europesays.com\/se\/107241\/"},"modified":"2025-12-15T22:19:09","modified_gmt":"2025-12-15T22:19:09","slug":"viktigt-steg-mot-hallbar-fred","status":"publish","type":"post","link":"https:\/\/www.europesays.com\/se\/107241\/","title":{"rendered":"\u201dViktigt steg mot h\u00e5llbar fred\u201d"},"content":{"rendered":"<p>share-arrowDela<\/p>\n<p>unsaveSpara<\/p>\n<p>expand-left<\/p>\n<p>helsk\u00e4rm<img decoding=\"async\" class=\"image-asset hyperion-css-u06ts1\" data-test-tag=\"image-asset\" src=\"https:\/\/www.europesays.com\/se\/wp-content\/uploads\/2025\/12\/d94b17c1-4089-4015-989a-d92b4eba7593\"  alt=\"Ulf Kristersson p\u00e5 v\u00e4g till m\u00e5ndagskv\u00e4llens middagsm\u00f6te.\"  loading=\"eager\" fetchpriority=\"high\" style=\"aspect-ratio:1900 \/ 1266\"\/>Ulf Kristersson p\u00e5 v\u00e4g till m\u00e5ndagskv\u00e4llens middagsm\u00f6te. Foto: Maryam Majd\/AP\/TT<\/p>\n<p class=\"hyperion-css-1shl3oz\" data-test-tag=\"lead-text\">Fr\u00e5gan om s\u00e4kerhetsgarantier f\u00f6r Ukraina efter kriget har blivit \u201dtydligare och trov\u00e4rdigare\u201d under kv\u00e4llens m\u00f6te i Berlin, anser Ulf Kristersson (M).<\/p>\n<p class=\"hyperion-css-1shl3oz\" data-test-tag=\"lead-text\">\u201dDet \u00e4r i sig ett viktigt steg mot en h\u00e5llbar fred\u201d, s\u00e4ger statsministern i ett skriftligt uttalande.<\/p>\n<p class=\"hyperion-css-1v9qo5x\">Ulf Kristersson deltog i m\u00e5ndagskv\u00e4llens m\u00f6te med flera europeiska ledare, amerikanska s\u00e4ndebud och Ukrainas president Volodymyr Zelenskyj.<\/p>\n<p class=\"hyperion-css-1v9qo5x\">Han kallar det f\u00f6r ett konstruktivt m\u00f6te och s\u00e4ger att det var bra att Ukraina, USA och Europa \u201df\u00f6r f\u00f6rsta g\u00e5ngen p\u00e5 l\u00e4nge satt ner tillsammans och diskuterade m\u00f6jligheter och problem i en freds\u00f6verenskommelse\u201d.<\/p>\n<p class=\"hyperion-css-1v9qo5x\">Kristersson s\u00e4ger dock att m\u00e5nga sv\u00e5ra fr\u00e5gor \u00e5terst\u00e5r.<\/p>\n<p class=\"hyperion-css-1v9qo5x\">\u201dInte minst om territorier och om Ryssland \u00f6verhuvud taget vill ha fred. Men nu finns ett momentum som \u00e4r viktigt, och vi kommer forts\u00e4tta det intensiva arbetet under de kommande dagarna\u201d, skriver han.<\/p>\n","protected":false},"excerpt":{"rendered":"share-arrowDela unsaveSpara expand-left helsk\u00e4rmUlf Kristersson p\u00e5 v\u00e4g till m\u00e5ndagskv\u00e4llens middagsm\u00f6te. Foto: Maryam Majd\/AP\/TT Fr\u00e5gan om s\u00e4kerhetsgarantier f\u00f6r Ukraina&hellip;\n","protected":false},"author":2,"featured_media":107242,"comment_status":"","ping_status":"","sticky":false,"template":"","format":"standard","meta":{"footnotes":""},"categories":[12],"tags":[22,23,26,27,17,21,24,25,28,29,15,16,18,34,31,33,32,30,19,20],"class_list":{"0":"post-107241","1":"post","2":"type-post","3":"status-publish","4":"format-standard","5":"has-post-thumbnail","7":"category-sverige","8":"tag-breaking-news","9":"tag-breakingnews","10":"tag-featured-news","11":"tag-featurednews","12":"tag-headlines","13":"tag-huvudnyheter","14":"tag-latest-news","15":"tag-latestnews","16":"tag-main-news","17":"tag-mainnews","18":"tag-news","19":"tag-nyheter","20":"tag-rubriker","21":"tag-se","22":"tag-svenska","23":"tag-sverige","24":"tag-sweden","25":"tag-swedish","26":"tag-top-stories","27":"tag-topstories"},"share_on_mastodon":{"url":"https:\/\/pubeurope.com\/@se\/115725911098344693","error":""},"_links":{"self":[{"href":"https:\/\/www.europesays.com\/se\/wp-json\/wp\/v2\/posts\/107241","targetHints":{"allow":["GET"]}}],"collection":[{"href":"https:\/\/www.europesays.com\/se\/wp-json\/wp\/v2\/posts"}],"about":[{"href":"https:\/\/www.europesays.com\/se\/wp-json\/wp\/v2\/types\/post"}],"author":[{"embeddable":true,"href":"https:\/\/www.europesays.com\/se\/wp-json\/wp\/v2\/users\/2"}],"replies":[{"embeddable":true,"href":"https:\/\/www.europesays.com\/se\/wp-json\/wp\/v2\/comments?post=107241"}],"version-history":[{"count":0,"href":"https:\/\/www.europesays.com\/se\/wp-json\/wp\/v2\/posts\/107241\/revisions"}],"wp:featuredmedia":[{"embeddable":true,"href":"https:\/\/www.europesays.com\/se\/wp-json\/wp\/v2\/media\/107242"}],"wp:attachment":[{"href":"https:\/\/www.europesays.com\/se\/wp-json\/wp\/v2\/media?parent=107241"}],"wp:term":[{"taxonomy":"category","embeddable":true,"href":"https:\/\/www.europesays.com\/se\/wp-json\/wp\/v2\/categories?post=107241"},{"taxonomy":"post_tag","embeddable":true,"href":"https:\/\/www.europesays.com\/se\/wp-json\/wp\/v2\/tags?post=107241"}],"curies":[{"name":"wp","href":"https:\/\/api.w.org\/{rel}","templated":true}]}}