{"id":107257,"date":"2025-12-15T22:54:15","date_gmt":"2025-12-15T22:54:15","guid":{"rendered":"https:\/\/www.europesays.com\/se\/107257\/"},"modified":"2025-12-15T22:54:15","modified_gmt":"2025-12-15T22:54:15","slug":"expressen-direkt-senaste-nytt-i-korthet-1008","status":"publish","type":"post","link":"https:\/\/www.europesays.com\/se\/107257\/","title":{"rendered":"Expressen Direkt \u2013 senaste nytt i korthet"},"content":{"rendered":"<p>Trump: Ska l\u00e4mna in st\u00e4mningsans\u00f6kan mot BBC<\/p>\n<p id=\"isPasted\">USA:s president Donald Trump meddelar nu att han under tisdagen \u00e4mnar l\u00e4mna in en st\u00e4mningsans\u00f6kan mot BBC.<\/p>\n<p>Detta med bakgrund av att det brittiska mediebolaget erk\u00e4nt att de h\u00e5rdredigerat ett tal av Trump den 6 januari 2021.<\/p>\n<p>Vi kommer att l\u00e4mna in st\u00e4mningsans\u00f6kan i kv\u00e4ll eller i morgon, sade Trump till reportrar i Vita huset p\u00e5 m\u00e5ndagskv\u00e4llen, svensk tid.<\/p>\n<p>Det \u00e4r exakt en m\u00e5nad sedan Trump sade att han skulle st\u00e4mma BBC p\u00e5 upp till fem miljarder dollar, motsvarande n\u00e4stan 50 miljarder kronor.<\/p>\n<p>Fr\u00e5gan r\u00f6r redigeringen av det tal som Trump h\u00f6ll och som visades i dokument\u00e4ren \u201dPanorama\u201d. Redigeringen, d\u00e4r Trumps citat klippts ihop, ger intrycket att presidenten direkt uppmanar till v\u00e5ldsamheter inf\u00f6r den d\u00f6dliga stormningen av kongressbyggnaden Kapitolium.<\/p>\n<p>BBC har tidigare avslagit Trumps krav p\u00e5 skadest\u00e5nd.<\/p>\n<p>(TT)<\/p>\n","protected":false},"excerpt":{"rendered":"Trump: Ska l\u00e4mna in st\u00e4mningsans\u00f6kan mot BBC USA:s president Donald Trump meddelar nu att han under tisdagen \u00e4mnar&hellip;\n","protected":false},"author":2,"featured_media":39,"comment_status":"","ping_status":"","sticky":false,"template":"","format":"standard","meta":{"footnotes":""},"categories":[5],"tags":[22,23,26,27,17,21,24,25,28,29,15,16,18,34,31,33,32,30,19,20],"class_list":{"0":"post-107257","1":"post","2":"type-post","3":"status-publish","4":"format-standard","5":"has-post-thumbnail","7":"category-rubriker","8":"tag-breaking-news","9":"tag-breakingnews","10":"tag-featured-news","11":"tag-featurednews","12":"tag-headlines","13":"tag-huvudnyheter","14":"tag-latest-news","15":"tag-latestnews","16":"tag-main-news","17":"tag-mainnews","18":"tag-news","19":"tag-nyheter","20":"tag-rubriker","21":"tag-se","22":"tag-svenska","23":"tag-sverige","24":"tag-sweden","25":"tag-swedish","26":"tag-top-stories","27":"tag-topstories"},"share_on_mastodon":{"url":"https:\/\/pubeurope.com\/@se\/115726048490253347","error":""},"_links":{"self":[{"href":"https:\/\/www.europesays.com\/se\/wp-json\/wp\/v2\/posts\/107257","targetHints":{"allow":["GET"]}}],"collection":[{"href":"https:\/\/www.europesays.com\/se\/wp-json\/wp\/v2\/posts"}],"about":[{"href":"https:\/\/www.europesays.com\/se\/wp-json\/wp\/v2\/types\/post"}],"author":[{"embeddable":true,"href":"https:\/\/www.europesays.com\/se\/wp-json\/wp\/v2\/users\/2"}],"replies":[{"embeddable":true,"href":"https:\/\/www.europesays.com\/se\/wp-json\/wp\/v2\/comments?post=107257"}],"version-history":[{"count":0,"href":"https:\/\/www.europesays.com\/se\/wp-json\/wp\/v2\/posts\/107257\/revisions"}],"wp:featuredmedia":[{"embeddable":true,"href":"https:\/\/www.europesays.com\/se\/wp-json\/wp\/v2\/media\/39"}],"wp:attachment":[{"href":"https:\/\/www.europesays.com\/se\/wp-json\/wp\/v2\/media?parent=107257"}],"wp:term":[{"taxonomy":"category","embeddable":true,"href":"https:\/\/www.europesays.com\/se\/wp-json\/wp\/v2\/categories?post=107257"},{"taxonomy":"post_tag","embeddable":true,"href":"https:\/\/www.europesays.com\/se\/wp-json\/wp\/v2\/tags?post=107257"}],"curies":[{"name":"wp","href":"https:\/\/api.w.org\/{rel}","templated":true}]}}