{"id":107265,"date":"2025-12-15T23:23:27","date_gmt":"2025-12-15T23:23:27","guid":{"rendered":"https:\/\/www.europesays.com\/se\/107265\/"},"modified":"2025-12-15T23:23:27","modified_gmt":"2025-12-15T23:23:27","slug":"amerikanska-nahb-husmarknadsindex-var-som-vantat-i-december","status":"publish","type":"post","link":"https:\/\/www.europesays.com\/se\/107265\/","title":{"rendered":"Amerikanska NAHB husmarknadsindex var som v\u00e4ntat i december"},"content":{"rendered":"<p class=\"font-sans text-base text-text-main dark:text-text-main-dark font-normal leading-[1.4]\">Amerikanska NAHB husmarknadsindex var som v\u00e4ntat i december.\n  <\/p>\n<p>Husmarknadsindexet \u00f6kade till 39 fr\u00e5n 38 f\u00f6reg\u00e5ende m\u00e5nad. Marknaden r\u00e4knade enligt Bloomberg med en niv\u00e5 p\u00e5 39.\n  <\/p>\n<p>Unders\u00f6kningen g\u00f6rs av National Association of Home Builders (NAHB).\n  <\/p>\n<tr class=\"odd:bg-surf-grey dark:odd:bg-surf-grey-dark even:bg-surf-main dark:even:bg-surf-main-dark\">\n<td class=\"p-2 text-start min-h-10 relative max-w-[250px] border-r border-b border-border dark:border-border-dark last:border-r-0 break-words\">\n<p>USA<\/p>\n<\/td>\n<td class=\"p-2 text-start min-h-10 relative max-w-[250px] border-r border-b border-border dark:border-border-dark last:border-r-0 break-words\">\n<p>december, 2025<\/p>\n<\/td>\n<td class=\"p-2 text-start min-h-10 relative max-w-[250px] border-r border-b border-border dark:border-border-dark last:border-r-0 break-words\">\n<p>Konsensus<\/p>\n<\/td>\n<td class=\"p-2 text-start min-h-10 relative max-w-[250px] border-r border-b border-border dark:border-border-dark last:border-r-0 break-words\">\n<p>F\u00f6r\u00e4ndring mot konsensus<\/p>\n<\/td>\n<td class=\"p-2 text-start min-h-10 relative max-w-[250px] border-r border-b border-border dark:border-border-dark last:border-r-0 break-words\">\n<p>november, 2025<\/p>\n<\/td>\n<\/tr>\n<tr class=\"odd:bg-surf-grey dark:odd:bg-surf-grey-dark even:bg-surf-main dark:even:bg-surf-main-dark\">\n<td class=\"p-2 text-start min-h-10 relative max-w-[250px] border-r border-b border-border dark:border-border-dark last:border-r-0 break-words\">\n<p>NAHB husmarknadsindex<\/p>\n<\/td>\n<td class=\"p-2 text-start min-h-10 relative max-w-[250px] border-r border-b border-border dark:border-border-dark last:border-r-0 break-words\">\n<p>39<\/p>\n<\/td>\n<td class=\"p-2 text-start min-h-10 relative max-w-[250px] border-r border-b border-border dark:border-border-dark last:border-r-0 break-words\">\n<p>39<\/p>\n<\/td>\n<td class=\"p-2 text-start min-h-10 relative max-w-[250px] border-r border-b border-border dark:border-border-dark last:border-r-0 break-words\">\n<p>0,0%<\/p>\n<\/td>\n<td class=\"p-2 text-start min-h-10 relative max-w-[250px] border-r border-b border-border dark:border-border-dark last:border-r-0 break-words\">\n<p>38<\/p>\n<\/td>\n<\/tr>\n<p class=\"font-sans text-base text-text-main dark:text-text-main-dark font-normal leading-[1.4]\">Konsensusdata fr\u00e5n Bloomberg<\/p>\n<p class=\"font-sans text-base text-text-main dark:text-text-main-dark font-normal leading-[1.4]\">Nils Lolk<br \/>\n <br class=\"col-start-2\"\/><br \/>\n Nyhetsbyr\u00e5n Finwire<\/p>\n","protected":false},"excerpt":{"rendered":"Amerikanska NAHB husmarknadsindex var som v\u00e4ntat i december. Husmarknadsindexet \u00f6kade till 39 fr\u00e5n 38 f\u00f6reg\u00e5ende m\u00e5nad. Marknaden r\u00e4knade&hellip;\n","protected":false},"author":2,"featured_media":77249,"comment_status":"","ping_status":"","sticky":false,"template":"","format":"standard","meta":{"footnotes":""},"categories":[65],"tags":[72,70,71,34,31,33,32,30],"class_list":{"0":"post-107265","1":"post","2":"type-post","3":"status-publish","4":"format-standard","5":"has-post-thumbnail","7":"category-ekonomi","8":"tag-business","9":"tag-economy","10":"tag-ekonomi","11":"tag-se","12":"tag-svenska","13":"tag-sverige","14":"tag-sweden","15":"tag-swedish"},"share_on_mastodon":{"url":"https:\/\/pubeurope.com\/@se\/115726162563344798","error":""},"_links":{"self":[{"href":"https:\/\/www.europesays.com\/se\/wp-json\/wp\/v2\/posts\/107265","targetHints":{"allow":["GET"]}}],"collection":[{"href":"https:\/\/www.europesays.com\/se\/wp-json\/wp\/v2\/posts"}],"about":[{"href":"https:\/\/www.europesays.com\/se\/wp-json\/wp\/v2\/types\/post"}],"author":[{"embeddable":true,"href":"https:\/\/www.europesays.com\/se\/wp-json\/wp\/v2\/users\/2"}],"replies":[{"embeddable":true,"href":"https:\/\/www.europesays.com\/se\/wp-json\/wp\/v2\/comments?post=107265"}],"version-history":[{"count":0,"href":"https:\/\/www.europesays.com\/se\/wp-json\/wp\/v2\/posts\/107265\/revisions"}],"wp:featuredmedia":[{"embeddable":true,"href":"https:\/\/www.europesays.com\/se\/wp-json\/wp\/v2\/media\/77249"}],"wp:attachment":[{"href":"https:\/\/www.europesays.com\/se\/wp-json\/wp\/v2\/media?parent=107265"}],"wp:term":[{"taxonomy":"category","embeddable":true,"href":"https:\/\/www.europesays.com\/se\/wp-json\/wp\/v2\/categories?post=107265"},{"taxonomy":"post_tag","embeddable":true,"href":"https:\/\/www.europesays.com\/se\/wp-json\/wp\/v2\/tags?post=107265"}],"curies":[{"name":"wp","href":"https:\/\/api.w.org\/{rel}","templated":true}]}}