{"id":107266,"date":"2025-12-15T23:24:10","date_gmt":"2025-12-15T23:24:10","guid":{"rendered":"https:\/\/www.europesays.com\/se\/107266\/"},"modified":"2025-12-15T23:24:10","modified_gmt":"2025-12-15T23:24:10","slug":"trump-klassar-fentanyl-som-massforstorelsevapen","status":"publish","type":"post","link":"https:\/\/www.europesays.com\/se\/107266\/","title":{"rendered":"Trump klassar fentanyl som \u201dmassf\u00f6rst\u00f6relsevapen\u201d"},"content":{"rendered":"<p class=\"boxtextgrotesk-root_baa6 hyperion-css-7pajle\">Publicerad 2025-12-15 22.03<\/p>\n<p>share-arrowDela<\/p>\n<p>unsaveSpara<\/p>\n<p>expand-left<\/p>\n<p>helsk\u00e4rm<img decoding=\"async\" class=\"image-asset hyperion-css-u06ts1\" data-test-tag=\"image-asset\" src=\"https:\/\/www.europesays.com\/se\/wp-content\/uploads\/2025\/12\/ca3a5d28-be39-4a56-8246-ac393abeb7ee\"  alt=\"Dondald Trump i Vita huset under m\u00e5ndagen.\"  loading=\"eager\" fetchpriority=\"high\" style=\"aspect-ratio:1900 \/ 1267\"\/>Dondald Trump i Vita huset under m\u00e5ndagen. Foto: Alex Brandon\/AP\/TT<\/p>\n<p class=\"hyperion-css-1shl3oz\" data-test-tag=\"lead-text\">USA:s president Donald Trump har undertecknat en presidentorder som inneb\u00e4r att fentanyl nu klassas som \u201dett massf\u00f6rst\u00f6relsevapen\u201d.<\/p>\n<p class=\"hyperion-css-1v9qo5x\">Det \u00e4r Trumpadministrationens senaste drag i den allt mer upptrappade kampen mot drogkarteller i Sydamerika.<\/p>\n<p class=\"hyperion-css-1v9qo5x\">\u2013 Nu klassar vi formellt fentanyl som ett massf\u00f6rst\u00f6relsevapen, sade Trump n\u00e4r han skrev p\u00e5 presidentordern.<\/p>\n<p class=\"hyperion-css-1v9qo5x\">\u2013 Ingen bomb g\u00f6r vad det h\u00e4r g\u00f6r \u2013 200\u00a0000\u2013300\u00a0000 m\u00e4nniskor d\u00f6r varje \u00e5r, som vi k\u00e4nner till, fortsatte Trump.<\/p>\n<p class=\"hyperion-css-1v9qo5x\">Fentanyl \u00e4r en s\u00e5 kallad syntetisk opioid, som kan vara m\u00e5ngdubbelt mer potent \u00e4n heroin.<\/p>\n<p class=\"hyperion-css-1v9qo5x\">USA har de senaste m\u00e5naderna utf\u00f6rt d\u00f6dliga attacker mot fartyg som p\u00e5st\u00e5s frakta narkotika utanf\u00f6r fr\u00e4mst Venezuelas, men \u00e4ven Colombias, kust.<\/p>\n","protected":false},"excerpt":{"rendered":"Publicerad 2025-12-15 22.03 share-arrowDela unsaveSpara expand-left helsk\u00e4rmDondald Trump i Vita huset under m\u00e5ndagen. Foto: Alex Brandon\/AP\/TT USA:s president&hellip;\n","protected":false},"author":2,"featured_media":107267,"comment_status":"","ping_status":"","sticky":false,"template":"","format":"standard","meta":{"footnotes":""},"categories":[14],"tags":[22,23,26,27,17,21,24,25,28,29,15,16,18,34,31,33,32,30,19,20,51,52,53,54],"class_list":{"0":"post-107266","1":"post","2":"type-post","3":"status-publish","4":"format-standard","5":"has-post-thumbnail","7":"category-varlden","8":"tag-breaking-news","9":"tag-breakingnews","10":"tag-featured-news","11":"tag-featurednews","12":"tag-headlines","13":"tag-huvudnyheter","14":"tag-latest-news","15":"tag-latestnews","16":"tag-main-news","17":"tag-mainnews","18":"tag-news","19":"tag-nyheter","20":"tag-rubriker","21":"tag-se","22":"tag-svenska","23":"tag-sverige","24":"tag-sweden","25":"tag-swedish","26":"tag-top-stories","27":"tag-topstories","28":"tag-varlden","29":"tag-world","30":"tag-world-news","31":"tag-worldnews"},"share_on_mastodon":{"url":"https:\/\/pubeurope.com\/@se\/115726166741561998","error":""},"_links":{"self":[{"href":"https:\/\/www.europesays.com\/se\/wp-json\/wp\/v2\/posts\/107266","targetHints":{"allow":["GET"]}}],"collection":[{"href":"https:\/\/www.europesays.com\/se\/wp-json\/wp\/v2\/posts"}],"about":[{"href":"https:\/\/www.europesays.com\/se\/wp-json\/wp\/v2\/types\/post"}],"author":[{"embeddable":true,"href":"https:\/\/www.europesays.com\/se\/wp-json\/wp\/v2\/users\/2"}],"replies":[{"embeddable":true,"href":"https:\/\/www.europesays.com\/se\/wp-json\/wp\/v2\/comments?post=107266"}],"version-history":[{"count":0,"href":"https:\/\/www.europesays.com\/se\/wp-json\/wp\/v2\/posts\/107266\/revisions"}],"wp:featuredmedia":[{"embeddable":true,"href":"https:\/\/www.europesays.com\/se\/wp-json\/wp\/v2\/media\/107267"}],"wp:attachment":[{"href":"https:\/\/www.europesays.com\/se\/wp-json\/wp\/v2\/media?parent=107266"}],"wp:term":[{"taxonomy":"category","embeddable":true,"href":"https:\/\/www.europesays.com\/se\/wp-json\/wp\/v2\/categories?post=107266"},{"taxonomy":"post_tag","embeddable":true,"href":"https:\/\/www.europesays.com\/se\/wp-json\/wp\/v2\/tags?post=107266"}],"curies":[{"name":"wp","href":"https:\/\/api.w.org\/{rel}","templated":true}]}}