{"id":107268,"date":"2025-12-15T23:25:10","date_gmt":"2025-12-15T23:25:10","guid":{"rendered":"https:\/\/www.europesays.com\/se\/107268\/"},"modified":"2025-12-15T23:25:10","modified_gmt":"2025-12-15T23:25:10","slug":"brand-i-lagenhetshus-i-borlange-svt-nyheter","status":"publish","type":"post","link":"https:\/\/www.europesays.com\/se\/107268\/","title":{"rendered":"Brand i l\u00e4genhetshus i Borl\u00e4nge &#8211; SVT Nyheter"},"content":{"rendered":"<ol>\n<li><a href=\"https:\/\/news.google.com\/rss\/articles\/CBMifkFVX3lxTE84QWxnTlZrbGRxQm84cUlrck1YZlNSNzU3V0VhZzZjNm9JdlFIdE1zcWVBRUNEYmNUS2t4ZjVwQ3RTaHBQM1U0NUpEdlphekJDZkdQMHRjWS1vSE5mU1h6ZjFRMHlRNldnYnFrRmVlaWJBdElTeXVLcTNIUGJYQQ?oc=5\" target=\"_blank\" rel=\"nofollow noopener\">Brand i l\u00e4genhetshus i Borl\u00e4nge<\/a>&nbsp;&nbsp;SVT Nyheter<\/li>\n<li><a href=\"https:\/\/news.google.com\/rss\/articles\/CBMipwFBVV95cUxPVkJiMU5SdDFnbmhENFNfb21YQWJLQlMwcGRzVFZIMkhYMk5UVFVuVVJXRnk0bWx0UEJ6LWdjSUhDUFNvWWM1ZDQ3QkNRcXBvaFBLdUtSWUFLMDVOajBLOWlQMDc3dnVoUTBGbndHSDhmMWNva2NyZWNSSkJjRnBpNGxoaTc1c3huTHhSLVJJS0o4eVRuak0yOU9TNlFtSTR3cE1wczZLOA?oc=5\" target=\"_blank\" rel=\"nofollow noopener\">Insats i natt efter brand p\u00e5 boende \u2013 polis p\u00e5 plats<\/a>&nbsp;&nbsp;Kuriren<\/li>\n<li><a href=\"https:\/\/news.google.com\/rss\/articles\/CBMingFBVV95cUxQdW5xSDNXaUg1NTlpQlRKcjBiSm9vOUdJZTVwc21vU1V2OWc3WHo3S2Fyc3JVRmk5WlFtUjRVd012YWZrbW4zOFo3Qll5Y0hnS2ZrdllrY1pqY2tkbl85cEdJXy1PQzB5TDFiUDFnTWhOOTJ3R25iZ1JoMzR2VmdoWFlZSkZhWndya0lPVnRIN0VscEFqZUVsX0ZlMUlGQQ?oc=5\" target=\"_blank\" rel=\"nofollow noopener\">Bekr\u00e4ftad brand i l\u00e4genhet \u2013 var stor risk f\u00f6r spridning<\/a>&nbsp;&nbsp;Borl\u00e4nge Tidning<\/li>\n<li><a href=\"https:\/\/news.google.com\/rss\/articles\/CBMisAFBVV95cUxPR2oxa2lCcld6cjRyblhQcl9WNGMxdjdHZnVHQkNXdDgxS1ZRVU40cXFPWlRTNld3UmQyZzZMcFE4dm54NXYzdHhsWFZyRENmT3Y4UC0xRDltMWJpMWJtbFg4S0RYeWdCYVBDYjB3dnRKTWJ2N2E4YXhITGE1cmtEZDBHTGozSjZLVmZKbWZPWnJKaWotUTFCX1lsc2JOYXlfQzZMQm5ndU9oVzdkczBhaA?oc=5\" target=\"_blank\" rel=\"nofollow noopener\">Det brinner i en l\u00e4genhet i Domnarvet.<\/a>&nbsp;&nbsp;Brottsplatskartan.se<\/li>\n<li><a href=\"https:\/\/news.google.com\/rss\/articles\/CBMimAFBVV95cUxNUGxSYWZDWjVmdUpodndTQWFoR0gxNHB2RGtUa3c5QUtWNEFTd3dMQVkzY3Fid0lSa0QxVDNlQm5fWTdOME1wUUpuUDZVbkRlWTJoWFlwRF84c3RGeExhbHZGVWdpUjNQdEJoN2FXX1pkajRTdXlMNGx6WGZQMVdpQkxiZ1dUaW9BNTVvTWZZY1Nzb2NGRnExNQ?oc=5\" target=\"_blank\" rel=\"nofollow noopener\">Bekr\u00e4ftad brand i l\u00e4genhet \u2013 stor risk f\u00f6r spridning<\/a>&nbsp;&nbsp;Borl\u00e4nge Tidning<\/li>\n<\/ol>\n","protected":false},"excerpt":{"rendered":"Brand i l\u00e4genhetshus i Borl\u00e4nge&nbsp;&nbsp;SVT Nyheter Insats i natt efter brand p\u00e5 boende \u2013 polis p\u00e5 plats&nbsp;&nbsp;Kuriren Bekr\u00e4ftad&hellip;\n","protected":false},"author":2,"featured_media":107269,"comment_status":"","ping_status":"","sticky":false,"template":"","format":"standard","meta":{"footnotes":""},"categories":[12],"tags":[22,23,26,27,17,21,24,25,28,29,15,16,18,34,31,33,32,30,19,20],"class_list":{"0":"post-107268","1":"post","2":"type-post","3":"status-publish","4":"format-standard","5":"has-post-thumbnail","7":"category-sverige","8":"tag-breaking-news","9":"tag-breakingnews","10":"tag-featured-news","11":"tag-featurednews","12":"tag-headlines","13":"tag-huvudnyheter","14":"tag-latest-news","15":"tag-latestnews","16":"tag-main-news","17":"tag-mainnews","18":"tag-news","19":"tag-nyheter","20":"tag-rubriker","21":"tag-se","22":"tag-svenska","23":"tag-sverige","24":"tag-sweden","25":"tag-swedish","26":"tag-top-stories","27":"tag-topstories"},"share_on_mastodon":{"url":"https:\/\/pubeurope.com\/@se\/115726170441089011","error":""},"_links":{"self":[{"href":"https:\/\/www.europesays.com\/se\/wp-json\/wp\/v2\/posts\/107268","targetHints":{"allow":["GET"]}}],"collection":[{"href":"https:\/\/www.europesays.com\/se\/wp-json\/wp\/v2\/posts"}],"about":[{"href":"https:\/\/www.europesays.com\/se\/wp-json\/wp\/v2\/types\/post"}],"author":[{"embeddable":true,"href":"https:\/\/www.europesays.com\/se\/wp-json\/wp\/v2\/users\/2"}],"replies":[{"embeddable":true,"href":"https:\/\/www.europesays.com\/se\/wp-json\/wp\/v2\/comments?post=107268"}],"version-history":[{"count":0,"href":"https:\/\/www.europesays.com\/se\/wp-json\/wp\/v2\/posts\/107268\/revisions"}],"wp:featuredmedia":[{"embeddable":true,"href":"https:\/\/www.europesays.com\/se\/wp-json\/wp\/v2\/media\/107269"}],"wp:attachment":[{"href":"https:\/\/www.europesays.com\/se\/wp-json\/wp\/v2\/media?parent=107268"}],"wp:term":[{"taxonomy":"category","embeddable":true,"href":"https:\/\/www.europesays.com\/se\/wp-json\/wp\/v2\/categories?post=107268"},{"taxonomy":"post_tag","embeddable":true,"href":"https:\/\/www.europesays.com\/se\/wp-json\/wp\/v2\/tags?post=107268"}],"curies":[{"name":"wp","href":"https:\/\/api.w.org\/{rel}","templated":true}]}}