{"id":107273,"date":"2025-12-15T23:38:37","date_gmt":"2025-12-15T23:38:37","guid":{"rendered":"https:\/\/www.europesays.com\/se\/107273\/"},"modified":"2025-12-15T23:38:37","modified_gmt":"2025-12-15T23:38:37","slug":"spackat-med-aktiviteter-i-nasta-ars-satsning-pa-demokrati-gefle-dagblad","status":"publish","type":"post","link":"https:\/\/www.europesays.com\/se\/107273\/","title":{"rendered":"Sp\u00e4ckat med aktiviteter i n\u00e4sta \u00e5rs satsning p\u00e5 demokrati \u2013 Gefle Dagblad"},"content":{"rendered":"<p>Sammanlagt har 173 125 kronor beviljats till lokala f\u00f6reningar f\u00f6r att anordna kulturaktiviteter med temat demokrati.<\/p>\n<p>\u201dUnder demokrati\u00e5ret fokuserar vi p\u00e5 att st\u00e4rka kunskapen om yttrandefrihet och k\u00e4llkritik, \u00f6ka delaktigheten och skapa fler platser d\u00e4r m\u00e4nniskor kan dela sina ber\u00e4ttelser. Vi \u00e4r v\u00e4ldigt glada att s\u00e5 m\u00e5nga f\u00f6reningar har tagit chansen att s\u00f6ka medel f\u00f6r sina projekt som vi verkligen tror kommer att bidra till ett \u00f6ppet och inkluderande G\u00e4vle med hj\u00e4lp av kulturen som uttryck\u201d, s\u00e4ger Sofia Nohrstedt, kulturchef i G\u00e4vle kommun i ett pressmeddelande.<\/p>\n<p><strong>Bland aktiviteterna som planerats f\u00f6r \u00e5ret finns:<\/strong><\/p>\n<p>\uffed Att leva och l\u00e4ra i en demokrati \u2013 en kv\u00e4ll med Johan A Eriksson (NBV Norr)<\/p>\n<p>\uffed Aktiviteter under Joe Hill-dagarna i G\u00e4vle i april (ABF, Musikhuset och Skottes musikteater)<\/p>\n<p>\uffed En tillf\u00e4llig utst\u00e4llning om m\u00e4nniskor som \u00e4r f\u00e4ngslade runt om i v\u00e4rlden f\u00f6r sina \u00e5sikter i dag i Sveriges F\u00e4ngelsemuseum<\/p>\n<p>\uffed Poesikv\u00e4ll hos Rapatac Aktivitetscenter G\u00e4vle<\/p>\n<p>\uffed Tre tematiska workshops som tillsammans leder fram till ett publikt arrangemang med Teater Aros<\/p>\n<p>\uffed F\u00f6rel\u00e4sning och arbete kring strukturer och arbetss\u00e4tt f\u00f6r att identifiera och st\u00f6dja barn och unga som riskerar barn- eller tv\u00e5ngs\u00e4ktenskap, k\u00f6nsstympning eller bortf\u00f6rande (G\u00e4vle Zontaklubb)<\/p>\n<p>\uffed En demokratidag med f\u00f6rel\u00e4sningar, modererade samtal och film i Agnes Kulturhus<\/p>\n<p>\uffed Bio 7:an anordnar dokument\u00e4rfilmfestival<\/p>\n<p>\uffed Affischkonst f\u00f6r att g\u00f6ra sin r\u00f6st h\u00f6rd tillsammans G\u00e4vle Konstcentrum och M\u00f6tesplatser &amp; unga<\/p>\n<p>\uffed Kulturskolan anordnar open stage i Agnes Kulturhus<\/p>\n<p>\uffed Demokratim\u00f6ten f\u00f6r unga<\/p>\n<p>\uffed Kulturskolan bjuder in till konsert i samarbete med Unicef<\/p>\n","protected":false},"excerpt":{"rendered":"Sammanlagt har 173 125 kronor beviljats till lokala f\u00f6reningar f\u00f6r att anordna kulturaktiviteter med temat demokrati. \u201dUnder demokrati\u00e5ret&hellip;\n","protected":false},"author":2,"featured_media":107274,"comment_status":"","ping_status":"","sticky":false,"template":"","format":"standard","meta":{"footnotes":""},"categories":[67],"tags":[104,34,31,33,32,30,105],"class_list":{"0":"post-107273","1":"post","2":"type-post","3":"status-publish","4":"format-standard","5":"has-post-thumbnail","7":"category-underhallning","8":"tag-entertainment","9":"tag-se","10":"tag-svenska","11":"tag-sverige","12":"tag-sweden","13":"tag-swedish","14":"tag-underhallning"},"share_on_mastodon":{"url":"https:\/\/pubeurope.com\/@se\/115726221498591629","error":""},"_links":{"self":[{"href":"https:\/\/www.europesays.com\/se\/wp-json\/wp\/v2\/posts\/107273","targetHints":{"allow":["GET"]}}],"collection":[{"href":"https:\/\/www.europesays.com\/se\/wp-json\/wp\/v2\/posts"}],"about":[{"href":"https:\/\/www.europesays.com\/se\/wp-json\/wp\/v2\/types\/post"}],"author":[{"embeddable":true,"href":"https:\/\/www.europesays.com\/se\/wp-json\/wp\/v2\/users\/2"}],"replies":[{"embeddable":true,"href":"https:\/\/www.europesays.com\/se\/wp-json\/wp\/v2\/comments?post=107273"}],"version-history":[{"count":0,"href":"https:\/\/www.europesays.com\/se\/wp-json\/wp\/v2\/posts\/107273\/revisions"}],"wp:featuredmedia":[{"embeddable":true,"href":"https:\/\/www.europesays.com\/se\/wp-json\/wp\/v2\/media\/107274"}],"wp:attachment":[{"href":"https:\/\/www.europesays.com\/se\/wp-json\/wp\/v2\/media?parent=107273"}],"wp:term":[{"taxonomy":"category","embeddable":true,"href":"https:\/\/www.europesays.com\/se\/wp-json\/wp\/v2\/categories?post=107273"},{"taxonomy":"post_tag","embeddable":true,"href":"https:\/\/www.europesays.com\/se\/wp-json\/wp\/v2\/tags?post=107273"}],"curies":[{"name":"wp","href":"https:\/\/api.w.org\/{rel}","templated":true}]}}