{"id":107275,"date":"2025-12-15T23:45:13","date_gmt":"2025-12-15T23:45:13","guid":{"rendered":"https:\/\/www.europesays.com\/se\/107275\/"},"modified":"2025-12-15T23:45:13","modified_gmt":"2025-12-15T23:45:13","slug":"uppgifter-mellberg-en-av-aiks-tranarkandidater-allsvenskan","status":"publish","type":"post","link":"https:\/\/www.europesays.com\/se\/107275\/","title":{"rendered":"Uppgifter: Mellberg en av AIK:s tr\u00e4narkandidater &#8211; Allsvenskan"},"content":{"rendered":"<p>Trots att chefstr\u00e4naren Mikkjal Thomassen har kontrakt med AIK \u00f6ver 2026 har hans framtid i klubben varit omdiskuterad efter \u00e5rets sjundeplats i allsvenskan.<\/p>\n<p>Expressen har tidigare rapporterat att AIK h\u00e5llit m\u00f6ten med Kalle Karlsson (som nu \u00e4r klar f\u00f6r Hammarby) samt engelsmannen Michael Beale.<\/p>\n<p>Nu uppger tidningen att Olof Mellberg \u00e4r en av kandidaterna till att tr\u00e4na AIK 2026. Parterna har varit i kontakt och f\u00f6r en dialog om en potentiell framtid ihop, enligt Expressens uppgifter.<\/p>\n<p>AIK:s vd och klubbdirekt\u00f6r Fredrik S\u00f6derberg sa f\u00f6r en m\u00e5nad sedan i en intervju med <a href=\"https:\/\/www.fotbollskanalen.se\/artiklar\/allsvenskan\/aiks-vd-i-stor-intervju-oppnar-upp-om-2025-och-framtiden\" rel=\"nofollow noopener\" target=\"_blank\">Fotbollskanalen<\/a>, ang\u00e5ende Thomassens framtid:<\/p>\n<p>&#8211; Han \u00e4r v\u00e5r tr\u00e4nare och det \u00e4r inte sv\u00e5rare \u00e4n s\u00e5. Det blir m\u00e4rkligt att sitta och f\u00f6rklara och f\u00f6rsvara medarbetare som jobbar i klubbens anst\u00e4llning. Det h\u00e4r \u00e4r fotbollens st\u00f6rsta baksida. Det blir en absurd situation d\u00e4r en medarbetare hela tiden ska f\u00e5 l\u00e4sa om sig sj\u00e4lv och sin framtid i media. Det \u00e4r ov\u00e4rdigt att diskutera det.<\/p>\n<p>Olof Mellberg gjorde 117 A-landskamper som spelare och representerade klubbar som Aston Villa, Juventus och Olympiakos. Han vann \u00e4ven SM-guld med AIK 1998.<\/p>\n<p>Mellberg st\u00e5r f\u00f6r n\u00e4rvarande utan tr\u00e4narjobb efter att ha l\u00e4mnat St. Louis City. Han har tidigare tr\u00e4nat BP och Helsingborg.<\/p>\n","protected":false},"excerpt":{"rendered":"Trots att chefstr\u00e4naren Mikkjal Thomassen har kontrakt med AIK \u00f6ver 2026 har hans framtid i klubben varit omdiskuterad&hellip;\n","protected":false},"author":2,"featured_media":107276,"comment_status":"","ping_status":"","sticky":false,"template":"","format":"standard","meta":{"footnotes":""},"categories":[68],"tags":[34,111,110,31,33,32,30],"class_list":{"0":"post-107275","1":"post","2":"type-post","3":"status-publish","4":"format-standard","5":"has-post-thumbnail","7":"category-sport","8":"tag-se","9":"tag-sport","10":"tag-sports","11":"tag-svenska","12":"tag-sverige","13":"tag-sweden","14":"tag-swedish"},"share_on_mastodon":{"url":"https:\/\/pubeurope.com\/@se\/115726249056408015","error":""},"_links":{"self":[{"href":"https:\/\/www.europesays.com\/se\/wp-json\/wp\/v2\/posts\/107275","targetHints":{"allow":["GET"]}}],"collection":[{"href":"https:\/\/www.europesays.com\/se\/wp-json\/wp\/v2\/posts"}],"about":[{"href":"https:\/\/www.europesays.com\/se\/wp-json\/wp\/v2\/types\/post"}],"author":[{"embeddable":true,"href":"https:\/\/www.europesays.com\/se\/wp-json\/wp\/v2\/users\/2"}],"replies":[{"embeddable":true,"href":"https:\/\/www.europesays.com\/se\/wp-json\/wp\/v2\/comments?post=107275"}],"version-history":[{"count":0,"href":"https:\/\/www.europesays.com\/se\/wp-json\/wp\/v2\/posts\/107275\/revisions"}],"wp:featuredmedia":[{"embeddable":true,"href":"https:\/\/www.europesays.com\/se\/wp-json\/wp\/v2\/media\/107276"}],"wp:attachment":[{"href":"https:\/\/www.europesays.com\/se\/wp-json\/wp\/v2\/media?parent=107275"}],"wp:term":[{"taxonomy":"category","embeddable":true,"href":"https:\/\/www.europesays.com\/se\/wp-json\/wp\/v2\/categories?post=107275"},{"taxonomy":"post_tag","embeddable":true,"href":"https:\/\/www.europesays.com\/se\/wp-json\/wp\/v2\/tags?post=107275"}],"curies":[{"name":"wp","href":"https:\/\/api.w.org\/{rel}","templated":true}]}}