{"id":107277,"date":"2025-12-15T23:49:11","date_gmt":"2025-12-15T23:49:11","guid":{"rendered":"https:\/\/www.europesays.com\/se\/107277\/"},"modified":"2025-12-15T23:49:11","modified_gmt":"2025-12-15T23:49:11","slug":"festernas-fest-bekostas-av-nobelstiftelsen-vlt","status":"publish","type":"post","link":"https:\/\/www.europesays.com\/se\/107277\/","title":{"rendered":"Festernas fest bekostas av Nobelstiftelsen \u2013 VLT"},"content":{"rendered":"<p><strong>Ja. det \u00e4r fritt f\u00f6r alla <\/strong>att tycka vad man vill om Festernas fest, Nobelmiddagen. Och tycker det g\u00f6r Sverre Haukeland. Han vill ocks\u00e5 att vi ska h\u00e5lla med honom om att festen inte beh\u00f6vs eftersom den \u00e4r dyr och att &#8221;svenska folket betalar den dryga notan&#8221;. Allts\u00e5 att denna fest skulle bekostas av oss skattebetalare.<\/p>\n<p>D\u00e4r har Sverre fel. Alfred Nobel efterl\u00e4mnade en stor f\u00f6rm\u00f6genhet som i dag f\u00f6rvaltas av Nobelstiftelsen. Avkastningen anv\u00e4nder stiftelsen bland annat till att dela ut priser och arrangera festligheter.<\/p>\n<p><strong>Oavsett vad man tycker om sj\u00e4lva festen,<\/strong> \u00e4r det viktigt att framf\u00f6ra \u00e5sikter som bygger p\u00e5 fakta. Och sant i detta fall \u00e4r att denna fest inte belastar de offentliga utgifterna, utan det \u00e4r Nobelstiftelsen som betalar kalaset.<\/p>\n<p><strong>Alf Gustafsson<\/strong><\/p>\n","protected":false},"excerpt":{"rendered":"Ja. det \u00e4r fritt f\u00f6r alla att tycka vad man vill om Festernas fest, Nobelmiddagen. Och tycker det&hellip;\n","protected":false},"author":2,"featured_media":107278,"comment_status":"","ping_status":"","sticky":false,"template":"","format":"standard","meta":{"footnotes":""},"categories":[67],"tags":[104,34,31,33,32,30,105],"class_list":{"0":"post-107277","1":"post","2":"type-post","3":"status-publish","4":"format-standard","5":"has-post-thumbnail","7":"category-underhallning","8":"tag-entertainment","9":"tag-se","10":"tag-svenska","11":"tag-sverige","12":"tag-sweden","13":"tag-swedish","14":"tag-underhallning"},"share_on_mastodon":{"url":"https:\/\/pubeurope.com\/@se\/115726264799866672","error":""},"_links":{"self":[{"href":"https:\/\/www.europesays.com\/se\/wp-json\/wp\/v2\/posts\/107277","targetHints":{"allow":["GET"]}}],"collection":[{"href":"https:\/\/www.europesays.com\/se\/wp-json\/wp\/v2\/posts"}],"about":[{"href":"https:\/\/www.europesays.com\/se\/wp-json\/wp\/v2\/types\/post"}],"author":[{"embeddable":true,"href":"https:\/\/www.europesays.com\/se\/wp-json\/wp\/v2\/users\/2"}],"replies":[{"embeddable":true,"href":"https:\/\/www.europesays.com\/se\/wp-json\/wp\/v2\/comments?post=107277"}],"version-history":[{"count":0,"href":"https:\/\/www.europesays.com\/se\/wp-json\/wp\/v2\/posts\/107277\/revisions"}],"wp:featuredmedia":[{"embeddable":true,"href":"https:\/\/www.europesays.com\/se\/wp-json\/wp\/v2\/media\/107278"}],"wp:attachment":[{"href":"https:\/\/www.europesays.com\/se\/wp-json\/wp\/v2\/media?parent=107277"}],"wp:term":[{"taxonomy":"category","embeddable":true,"href":"https:\/\/www.europesays.com\/se\/wp-json\/wp\/v2\/categories?post=107277"},{"taxonomy":"post_tag","embeddable":true,"href":"https:\/\/www.europesays.com\/se\/wp-json\/wp\/v2\/tags?post=107277"}],"curies":[{"name":"wp","href":"https:\/\/api.w.org\/{rel}","templated":true}]}}