{"id":107281,"date":"2025-12-15T23:59:07","date_gmt":"2025-12-15T23:59:07","guid":{"rendered":"https:\/\/www.europesays.com\/se\/107281\/"},"modified":"2025-12-15T23:59:07","modified_gmt":"2025-12-15T23:59:07","slug":"musk-tar-jattekliv-mot-att-bli-forsta-dollarbiljonaren","status":"publish","type":"post","link":"https:\/\/www.europesays.com\/se\/107281\/","title":{"rendered":"Musk tar j\u00e4ttekliv mot att bli f\u00f6rsta dollarbiljon\u00e4ren"},"content":{"rendered":"<p>Elon Musk \u00e4r den f\u00f6rsta m\u00e4nniskan n\u00e5gonsin att n\u00e5 en f\u00f6rm\u00f6genhet p\u00e5 \u00f6ver 600 miljarder dollar, skriver Forbes. <\/p>\n<p>Musk uppges vara god f\u00f6r 677 miljarder \u2013 ett rej\u00e4lt kliv upp\u00e5t tack vare att hans rymdbolag Space X nu v\u00e4rderas till 800 miljarder dollar. Elon Musk \u00e4ger 42 procent av bolaget, som planerar en b\u00f6rsnotering n\u00e4sta \u00e5r och d\u00e5 siktar p\u00e5 en v\u00e4rdering p\u00e5 omkring 1\u202f500 miljarder. <\/p>\n<p>Om s\u00e5 blir fallet blir Musk troligen v\u00e4rldens f\u00f6rsta dollarbiljon\u00e4r, enligt aff\u00e4rstidningen. <\/p>\n<p>Omni \u00e4r politiskt obundna och oberoende. Vi str\u00e4var efter att ge fler perspektiv p\u00e5 nyheterna. Har du fr\u00e5gor eller synpunkter kring v\u00e5r rapportering? <a href=\"https:\/\/omni.se\/musk-tar-jattekliv-mot-att-bli-forsta-dollarbiljonaren\/a\/mailto:redaktion@omni.se\" class=\"ArticleActions_contactLink__W2F1M\" rel=\"nofollow noopener\" target=\"_blank\">Kontakta redaktionen<\/a><\/p>\n","protected":false},"excerpt":{"rendered":"Elon Musk \u00e4r den f\u00f6rsta m\u00e4nniskan n\u00e5gonsin att n\u00e5 en f\u00f6rm\u00f6genhet p\u00e5 \u00f6ver 600 miljarder dollar, skriver Forbes.&hellip;\n","protected":false},"author":2,"featured_media":107282,"comment_status":"","ping_status":"","sticky":false,"template":"","format":"standard","meta":{"footnotes":""},"categories":[65],"tags":[72,70,71,704,34,5353,31,33,32,30],"class_list":{"0":"post-107281","1":"post","2":"type-post","3":"status-publish","4":"format-standard","5":"has-post-thumbnail","7":"category-ekonomi","8":"tag-business","9":"tag-economy","10":"tag-ekonomi","11":"tag-elon-musk","12":"tag-se","13":"tag-space-x","14":"tag-svenska","15":"tag-sverige","16":"tag-sweden","17":"tag-swedish"},"share_on_mastodon":{"url":"https:\/\/pubeurope.com\/@se\/115726304059650120","error":""},"_links":{"self":[{"href":"https:\/\/www.europesays.com\/se\/wp-json\/wp\/v2\/posts\/107281","targetHints":{"allow":["GET"]}}],"collection":[{"href":"https:\/\/www.europesays.com\/se\/wp-json\/wp\/v2\/posts"}],"about":[{"href":"https:\/\/www.europesays.com\/se\/wp-json\/wp\/v2\/types\/post"}],"author":[{"embeddable":true,"href":"https:\/\/www.europesays.com\/se\/wp-json\/wp\/v2\/users\/2"}],"replies":[{"embeddable":true,"href":"https:\/\/www.europesays.com\/se\/wp-json\/wp\/v2\/comments?post=107281"}],"version-history":[{"count":0,"href":"https:\/\/www.europesays.com\/se\/wp-json\/wp\/v2\/posts\/107281\/revisions"}],"wp:featuredmedia":[{"embeddable":true,"href":"https:\/\/www.europesays.com\/se\/wp-json\/wp\/v2\/media\/107282"}],"wp:attachment":[{"href":"https:\/\/www.europesays.com\/se\/wp-json\/wp\/v2\/media?parent=107281"}],"wp:term":[{"taxonomy":"category","embeddable":true,"href":"https:\/\/www.europesays.com\/se\/wp-json\/wp\/v2\/categories?post=107281"},{"taxonomy":"post_tag","embeddable":true,"href":"https:\/\/www.europesays.com\/se\/wp-json\/wp\/v2\/tags?post=107281"}],"curies":[{"name":"wp","href":"https:\/\/api.w.org\/{rel}","templated":true}]}}