{"id":107289,"date":"2025-12-16T00:12:35","date_gmt":"2025-12-16T00:12:35","guid":{"rendered":"https:\/\/www.europesays.com\/se\/107289\/"},"modified":"2025-12-16T00:12:35","modified_gmt":"2025-12-16T00:12:35","slug":"succedebuten-han-har-swag-hockeysverige-se","status":"publish","type":"post","link":"https:\/\/www.europesays.com\/se\/107289\/","title":{"rendered":"Succ\u00e9debuten: \u201dHan har swag\u201d &#8211; hockeysverige.se"},"content":{"rendered":"<p><strong>Zeev Buium var en del av utbytet som Vancouver fick fr\u00e5n Minnesota i Quinn Hughes-trejden.<br \/>I g\u00e5r kv\u00e4ll debuterade 20-\u00e5ringen i Canucks \u2013 och gjorde succ\u00e9 direkt.<br \/>\u2013 Han \u00e4r s\u00e5 ung och han har swag, konstaterar tr\u00e4naren Adam Foote efter 2\u20131-segern mot New Jersey.<\/strong><\/p>\n<p><img loading=\"lazy\" decoding=\"async\" width=\"1024\" height=\"658\" src=\"https:\/\/www.europesays.com\/se\/wp-content\/uploads\/2025\/12\/3DB75R3-1024x658.webp.webp\" alt=\"\" class=\"wp-image-336636\"  \/>Zeev Buium gl\u00e4nste i sin debutmatch med Vancouver.<br \/><strong>Foto:<\/strong> Noah K. Murray\/AP\/Alamy<\/p>\n<p>Tillsammans med Marco Rossi och svenske <a href=\"https:\/\/hockeysverige.se\/spelare\/liam-ohgren\/\" rel=\"nofollow noopener\" target=\"_blank\">Liam \u00d6hgren<\/a> var storl\u00f6ftet <a href=\"https:\/\/hockeysverige.se\/spelare\/zeev-buium\/\" rel=\"nofollow noopener\" target=\"_blank\">Zeev Buium<\/a> en del av utbytet som <a href=\"https:\/\/hockeysverige.se\/klubb\/minnesota-wild\/\" rel=\"nofollow noopener\" target=\"_blank\">Minnesota Wild<\/a> var tvungna att ge upp till <a href=\"https:\/\/hockeysverige.se\/klubb\/vancouver-canucks\/\" rel=\"nofollow noopener\" target=\"_blank\">Vancouver Canucks<\/a> f\u00f6r att landa storstj\u00e4rnan <a href=\"https:\/\/hockeysverige.se\/spelare\/quinn-hughes\/\" rel=\"nofollow noopener\" target=\"_blank\">Quinn Hughes<\/a> i trejden som skakade om <a href=\"https:\/\/hockeysverige.se\/nhl\/\" rel=\"nofollow noopener\" target=\"_blank\">NHL<\/a> i slutet av den g\u00e5ngna veckan.<\/p>\n<p>I helgen gjorde samtliga spelare debut i sina nya klubbar \u2013 och bland Vancouver-spelarna var det Buium som klev fram allra mest. Redan 61 sekunder in i g\u00e5rdagens debutmatch mot <a href=\"https:\/\/hockeysverige.se\/klubb\/new-jersey-devils\/\" rel=\"nofollow noopener\" target=\"_blank\">New Jersey Devils<\/a> noterades 20-\u00e5ringen f\u00f6r en assist till Jake DeBrusks 1\u20130-m\u00e5l. N\u00e5gra minuter senare var det han sj\u00e4lv som ordnade 2\u20130 i powerplay.<\/p>\n<p>Vancouver vann till slut matchen med 2\u20131.<\/p>\n<p>\u2013 Allt klickade r\u00e4tt enkelt. Tyler Myers var otroligt mot mig under hela matchen. Det kan finnas \u00f6gonblick d\u00e4r man ser att det \u00e4r en ny kille i ett nytt lag, men jag tycker att allt kom t\u00e4mligen enkelt och det var h\u00e4rligt att ta segern, s\u00e4ger Buium till <a href=\"https:\/\/www.nhl.com\/news\/vancouver-canucks-new-jersey-devils-game-recap-december-14-2025\" rel=\"nofollow noopener\" target=\"_blank\">NHL.com<\/a>.<\/p>\n<p>Blev yngst \u2013 sedan Hughes<\/p>\n<p>Buium blev den yngsta backen i Canucks att g\u00f6ra m\u00e5l i sin debutmatch med klubben sedan\u2026 Just det: Quinn Hughes.<\/p>\n<p>Hughes var 19 \u00e5r n\u00e4r han gjorde po\u00e4ng i sin debut med Canucks, vilket ocks\u00e5 var hans NHL-debut, medan Buium \u00e4r 20 \u00e5r.<\/p>\n<p>\u2013 Zeev har sj\u00e4lvf\u00f6rtroende. Han \u00e4r s\u00e5 ung och han har swag. Det beh\u00f6ver man ha om man ska kunna driva ett powerplay s\u00e5 d\u00e4r, och det har han, s\u00e4ger tr\u00e4naren Adam Foote.<\/p>\n<p>Po\u00e4ngl\u00f6s debut f\u00f6r \u00d6hgren<\/p>\n<p>B\u00e5de Marco Rossi och Liam \u00d6hgren l\u00e4mnade isen po\u00e4ngl\u00f6sa f\u00f6r Canucks, d\u00e4r Rossi loggade strax \u00f6ver 18 minuters istid i matchen medan \u00d6hgren spelade tredje minst av Canucks spelare med en istid p\u00e5 elva minuter och 39 sekunder.<\/p>\n<p>\u2013 \u00d6hgren har fart och kraften kommer att komma. Det ska bli intressant att se var han \u00e4r om n\u00e5gra \u00e5r med den farten och kraften, s\u00e4ger Foote.<\/p>\n<p><strong>New Jersey Devils \u2013 Vancouver Canucks 1\u20132<br \/>New Jersey: <\/strong>Luke Hughes (3).<br \/><strong>Vancouver: <\/strong>Jake DeBrusk (9), Zeev Buium (4).<\/p>\n<p>Se matchens h\u00f6jdpuntker i videospelaren.<\/p>\n","protected":false},"excerpt":{"rendered":"Zeev Buium var en del av utbytet som Vancouver fick fr\u00e5n Minnesota i Quinn Hughes-trejden.I g\u00e5r kv\u00e4ll debuterade&hellip;\n","protected":false},"author":2,"featured_media":107290,"comment_status":"","ping_status":"","sticky":false,"template":"","format":"standard","meta":{"footnotes":""},"categories":[68],"tags":[247,34,111,110,31,33,32,30],"class_list":{"0":"post-107289","1":"post","2":"type-post","3":"status-publish","4":"format-standard","5":"has-post-thumbnail","7":"category-sport","8":"tag-nhl","9":"tag-se","10":"tag-sport","11":"tag-sports","12":"tag-svenska","13":"tag-sverige","14":"tag-sweden","15":"tag-swedish"},"share_on_mastodon":{"url":"https:\/\/pubeurope.com\/@se\/115726355416333820","error":""},"_links":{"self":[{"href":"https:\/\/www.europesays.com\/se\/wp-json\/wp\/v2\/posts\/107289","targetHints":{"allow":["GET"]}}],"collection":[{"href":"https:\/\/www.europesays.com\/se\/wp-json\/wp\/v2\/posts"}],"about":[{"href":"https:\/\/www.europesays.com\/se\/wp-json\/wp\/v2\/types\/post"}],"author":[{"embeddable":true,"href":"https:\/\/www.europesays.com\/se\/wp-json\/wp\/v2\/users\/2"}],"replies":[{"embeddable":true,"href":"https:\/\/www.europesays.com\/se\/wp-json\/wp\/v2\/comments?post=107289"}],"version-history":[{"count":0,"href":"https:\/\/www.europesays.com\/se\/wp-json\/wp\/v2\/posts\/107289\/revisions"}],"wp:featuredmedia":[{"embeddable":true,"href":"https:\/\/www.europesays.com\/se\/wp-json\/wp\/v2\/media\/107290"}],"wp:attachment":[{"href":"https:\/\/www.europesays.com\/se\/wp-json\/wp\/v2\/media?parent=107289"}],"wp:term":[{"taxonomy":"category","embeddable":true,"href":"https:\/\/www.europesays.com\/se\/wp-json\/wp\/v2\/categories?post=107289"},{"taxonomy":"post_tag","embeddable":true,"href":"https:\/\/www.europesays.com\/se\/wp-json\/wp\/v2\/tags?post=107289"}],"curies":[{"name":"wp","href":"https:\/\/api.w.org\/{rel}","templated":true}]}}