{"id":107297,"date":"2025-12-16T00:23:20","date_gmt":"2025-12-16T00:23:20","guid":{"rendered":"https:\/\/www.europesays.com\/se\/107297\/"},"modified":"2025-12-16T00:23:20","modified_gmt":"2025-12-16T00:23:20","slug":"kallor-motstand-mot-hassett-som-ny-fed-chef-di","status":"publish","type":"post","link":"https:\/\/www.europesays.com\/se\/107297\/","title":{"rendered":"K\u00e4llor: Motst\u00e5nd mot Hassett som ny Fed-chef &#8211; DI"},"content":{"rendered":"<ol>\n<li><a href=\"https:\/\/news.google.com\/rss\/articles\/CBMidkFVX3lxTE92UDlNWld0S0FZZGgyTnNQQk5aRXREVmhzT2gzeE9fVWt0U0pGZVRSMGp3QW84cWNyRnFvZ3ZScjhGcl9zOEV5SHNlemtNVE5PSldyMC1SNFFYMHpTMzlpYk1ycnU5ZVhhNEY0azRNbnItcDUtR0E?oc=5\" target=\"_blank\" rel=\"nofollow noopener\">K\u00e4llor: Motst\u00e5nd mot Hassett som ny Fed-chef<\/a>&nbsp;&nbsp;DI<\/li>\n<li><a href=\"https:\/\/news.google.com\/rss\/articles\/CBMi6AFBVV95cUxNeDBhMTFXdVZoTUQ0WlNaSzVZbEhJZngxekxNenI2ZEFna3p5Znpxem5vWXc2eUhBQnNXUmg2c2hOUS1wOGVXX3FLRGJOSHJzV2hKSzl6SzlsSm83ME40ci1qMjN1bjhLSDdhU3FnUTFta0cwWjNrcS1EcVo1YmFNaTF0Y3A5dFdQRDI5XzJIdHFhbGpWcEQ1bVpaRG9NNmZaa1NUQ0lDTFg2WHdxeEZfS25Pd1prcW14ZEdqdlpPWm9XVlJTeXMwMDJKOWRaVUtsV1R6T1JPRnBRdjljS24yWHhNMmg2Y1Z5?oc=5\" target=\"_blank\" rel=\"nofollow noopener\">Fed-kandidaten: Trump har inget att s\u00e4ga till om<\/a>&nbsp;&nbsp;MSN<\/li>\n<li><a href=\"https:\/\/news.google.com\/rss\/articles\/CBMihAFBVV95cUxOd3pTeWRyYWh6cHh5TGJiaW5wWS1INFBpaGlROFQ1NUJsa0Rwd29sZmhQWnhrWlFzbUJ1aEFBQlYzbmNDZ2hrNnRldTVQZzlwU29iaV9pYy1RQW1Pa3oyN1RTbDZ5Tk5pNGdkbTM5U1NQLWgtTl82alU3dURJbEpBN2p2dUw?oc=5\" target=\"_blank\" rel=\"nofollow noopener\">K\u00e4llor: Personer n\u00e4ra Trump oroade \u00f6ver Hassett<\/a>&nbsp;&nbsp;Omni Ekonomi<\/li>\n<li><a href=\"https:\/\/news.google.com\/rss\/articles\/CBMiY0FVX3lxTE5xcVJYbXZvamxTcG95NkRkWmFEczU1UGZsSXlOTzZCb1Exd3FCbG52Mms5U2dwVVd1cmJQRlViNEtPa3VvdWFfYTdMNGcyVzUyMTFkcDl2MEU0UkJqUmxQeU90NA?oc=5\" target=\"_blank\" rel=\"nofollow noopener\">Motst\u00e5nd f\u00f6r Hasset som n\u00e4sta Fed-chef<\/a>&nbsp;&nbsp;EFN.se<\/li>\n<li><a href=\"https:\/\/news.google.com\/rss\/articles\/CBMixgFBVV95cUxOWjZoM29NTnVJRnhuWENYQ25JbGdaT2M1UFpnWmtPU2JiWUZoUl9DWllxVmZDSWxDU3NUZTRZUFZxRkg4T2VMem9rRzJXczgwZWFab25fMk9pa2Q0akJxMHJqdUFJWlo2MkszSWhnMGlVNDc2SHFJalAtQ1Y2UERMbGw2VXBWX1hFOEdwaDNMcWg3T09hVWI4dkJTUGZpSk1ock9kaVNoWGtGUTJvd1JBNW1yUV8tTjRpd3JfUUdpZFZUOWl0REE?oc=5\" target=\"_blank\" rel=\"nofollow noopener\">JPMorgans Dimon uttalar sig om potentiella kandidater till Fed-ordf\u00f6rande av Investing.com<\/a>&nbsp;&nbsp;Investing.com Sverige<\/li>\n<\/ol>\n","protected":false},"excerpt":{"rendered":"K\u00e4llor: Motst\u00e5nd mot Hassett som ny Fed-chef&nbsp;&nbsp;DI Fed-kandidaten: Trump har inget att s\u00e4ga till om&nbsp;&nbsp;MSN K\u00e4llor: Personer n\u00e4ra&hellip;\n","protected":false},"author":2,"featured_media":107298,"comment_status":"","ping_status":"","sticky":false,"template":"","format":"standard","meta":{"footnotes":""},"categories":[65],"tags":[72,70,71,34,31,33,32,30],"class_list":{"0":"post-107297","1":"post","2":"type-post","3":"status-publish","4":"format-standard","5":"has-post-thumbnail","7":"category-ekonomi","8":"tag-business","9":"tag-economy","10":"tag-ekonomi","11":"tag-se","12":"tag-svenska","13":"tag-sverige","14":"tag-sweden","15":"tag-swedish"},"share_on_mastodon":{"url":"https:\/\/pubeurope.com\/@se\/115726398554837123","error":""},"_links":{"self":[{"href":"https:\/\/www.europesays.com\/se\/wp-json\/wp\/v2\/posts\/107297","targetHints":{"allow":["GET"]}}],"collection":[{"href":"https:\/\/www.europesays.com\/se\/wp-json\/wp\/v2\/posts"}],"about":[{"href":"https:\/\/www.europesays.com\/se\/wp-json\/wp\/v2\/types\/post"}],"author":[{"embeddable":true,"href":"https:\/\/www.europesays.com\/se\/wp-json\/wp\/v2\/users\/2"}],"replies":[{"embeddable":true,"href":"https:\/\/www.europesays.com\/se\/wp-json\/wp\/v2\/comments?post=107297"}],"version-history":[{"count":0,"href":"https:\/\/www.europesays.com\/se\/wp-json\/wp\/v2\/posts\/107297\/revisions"}],"wp:featuredmedia":[{"embeddable":true,"href":"https:\/\/www.europesays.com\/se\/wp-json\/wp\/v2\/media\/107298"}],"wp:attachment":[{"href":"https:\/\/www.europesays.com\/se\/wp-json\/wp\/v2\/media?parent=107297"}],"wp:term":[{"taxonomy":"category","embeddable":true,"href":"https:\/\/www.europesays.com\/se\/wp-json\/wp\/v2\/categories?post=107297"},{"taxonomy":"post_tag","embeddable":true,"href":"https:\/\/www.europesays.com\/se\/wp-json\/wp\/v2\/tags?post=107297"}],"curies":[{"name":"wp","href":"https:\/\/api.w.org\/{rel}","templated":true}]}}