{"id":107303,"date":"2025-12-16T00:36:34","date_gmt":"2025-12-16T00:36:34","guid":{"rendered":"https:\/\/www.europesays.com\/se\/107303\/"},"modified":"2025-12-16T00:36:34","modified_gmt":"2025-12-16T00:36:34","slug":"neymar-dyker-upp-i-osannolik-outfit-i-new-york","status":"publish","type":"post","link":"https:\/\/www.europesays.com\/se\/107303\/","title":{"rendered":"Neymar dyker upp i \u201dosannolik\u201d outfit i New York"},"content":{"rendered":"<p>Publicerad 15 dec 2025 kl 12.50<\/p>\n<p>Det \u00e4r inte f\u00f6r alla som en pastellrosa Louis Vuitton-jacka och en Fr\u00f6ken Snusk-fl\u00f6rtande r\u00e5narluva \u00e4r att vara inkognito.\u00a0<\/p>\n<p>Men det var det f\u00f6r Neymar.\u00a0<\/p>\n<p><img   alt=\"\"\/><\/p>\n<p>Neymar n\u00e4r han g\u00e5r p\u00e5 stadens gator som en vanlig man.<\/p>\n<p>Foto: @neymarjr \/ Instagram<\/p>\n<p>\u00d6ppna bild i helsk\u00e4rm<img loading=\"lazy\"   alt=\"\"\/><\/p>\n<p>H\u00e4r \u00e4r fotbollsstj\u00e4rnan i sin professionella kontext<\/p>\n<p>Foto: SPORTS PRESS PH\/SHUTTERSTOCK \/ SHUTTERSTOCK EDITORIAL\/IBL<\/p>\n<p>\u00d6ppna bild i helsk\u00e4rm<\/p>\n<p>Tillbaka i barndomsklubben Santos blev 33-\u00e5riga <a href=\"https:\/\/www.expressen.se\/tagg\/person\/neymar\/\" class=\"\" rel=\"nofollow noopener\" target=\"_blank\">Neymar<\/a> en hj\u00e4lte p\u00e5 nytt. Den h\u00e4r s\u00e4songen k\u00e4mpade han mot skadeproblem f\u00f6r att r\u00e4dda kvar klubben i den brasilianska h\u00f6gstaligan \u2013 och lyckades.\u00a0<\/p>\n<p>Det har dock kr\u00e4vt en del av honom. Enligt brasilianska O Globo ska Neymar opereras i n\u00e4sta vecka f\u00f6r att bli kvitt problem med en menisk.\u00a0<\/p>\n<p>Men innan dess var han p\u00e5 semester i New York med flickv\u00e4nnen Bruna Biancardi och tv\u00e5 v\u00e4nner. Att njuta av staden som aldrig sover \u00e4r dock inte det l\u00e4ttaste om man \u00e4r en av v\u00e4rldens k\u00e4ndaste fotbollsspelare, s\u00e5 Neymar fick bli kreativ f\u00f6r att g\u00e5 under radarn.\u00a0<\/p>\n<p>V\u00e4rldens reagerar p\u00e5 stj\u00e4rnans kl\u00e4der<\/p>\n<p>Han passade p\u00e5, i det vinterkalla New York, att g\u00e5 inkognito med en lila balaklava och en stor rosavit dunjacka n\u00e4r han gick runt p\u00e5 Times Square med Biancardi och v\u00e4nnerna, n\u00e5got s\u00e5v\u00e4l Neymar som Biancardi har delat med sig av p\u00e5 Instagram.\u00a0<\/p>\n<p>Det \u00e4r en minst sagt i\u00f6gonfallande utstyrsel f\u00f6r n\u00e5gon som vill g\u00e5 under radarn \u2013 och n\u00e5got flera medier reagerat p\u00e5.\u00a0<\/p>\n<p>\u201dDet \u00e4r en osannolik look\u201d, skriver franska <a href=\"https:\/\/rmcsport.bfmtv.com\/football\/cagoule-doudoune-louis-vuitton-rose-le-look-improbable-de-neymar-pour-passer-incognito-a-new-york_AV-202512150246.html\" rel=\"nofollow noopener\" target=\"_blank\">RMC Sport.\u00a0<\/a><\/p>\n<p>\u201dHan ville vara s\u00e5 diskret som m\u00f6jligt \u2013 men det gjorde bara allt \u00e4n mer intressant\u201d, skriver tyska<a href=\"https:\/\/www.20min.ch\/story\/wer-ist-das-denn-superstar-spaziert-mit-5000-euro-jacke-vermummt-durch-new-york-103470124\" rel=\"nofollow noopener\" target=\"_blank\"> 20minuten.<\/a>\u00a0<\/p>\n<p>\u201dNeymar bar en extravagant f\u00f6rkl\u00e4dnad v\u00e4rd mer \u00e4n 50 000 kronor\u201d, skriver brittiska <a href=\"https:\/\/www.dailymail.co.uk\/sport\/football\/article-15382659\/Brazilian-star-Neymar-catches-eye.html\" rel=\"nofollow noopener\" target=\"_blank\">Daily Mail. <\/a>\u00a0<\/p>\n<p>Men resultatet? Det var lyckat.\u00a0<\/p>\n<p>I en video p\u00e5 Instagram s\u00e4ger Neymars v\u00e4n Cris Guedes till honom:<\/p>\n<p>\u2013 Ingen k\u00e4nde igen dig&#8230; hur \u00e4r det att vara en normal kille?\u00a0<\/p>\n<p>Neymar tittar ner p\u00e5 sina kl\u00e4der och svarar:\u00a0<\/p>\n<p>\u2013 Jag tycker inte att jag ser helt normal ut.\u00a0<\/p>\n","protected":false},"excerpt":{"rendered":"Publicerad 15 dec 2025 kl 12.50 Det \u00e4r inte f\u00f6r alla som en pastellrosa Louis Vuitton-jacka och en&hellip;\n","protected":false},"author":2,"featured_media":107304,"comment_status":"","ping_status":"","sticky":false,"template":"","format":"standard","meta":{"footnotes":""},"categories":[68],"tags":[11970,34,129,111,110,31,33,32,30],"class_list":{"0":"post-107303","1":"post","2":"type-post","3":"status-publish","4":"format-standard","5":"has-post-thumbnail","7":"category-sport","8":"tag-person-neymar","9":"tag-se","10":"tag-sections-fotboll","11":"tag-sport","12":"tag-sports","13":"tag-svenska","14":"tag-sverige","15":"tag-sweden","16":"tag-swedish"},"share_on_mastodon":{"url":"https:\/\/pubeurope.com\/@se\/115726449543890644","error":""},"_links":{"self":[{"href":"https:\/\/www.europesays.com\/se\/wp-json\/wp\/v2\/posts\/107303","targetHints":{"allow":["GET"]}}],"collection":[{"href":"https:\/\/www.europesays.com\/se\/wp-json\/wp\/v2\/posts"}],"about":[{"href":"https:\/\/www.europesays.com\/se\/wp-json\/wp\/v2\/types\/post"}],"author":[{"embeddable":true,"href":"https:\/\/www.europesays.com\/se\/wp-json\/wp\/v2\/users\/2"}],"replies":[{"embeddable":true,"href":"https:\/\/www.europesays.com\/se\/wp-json\/wp\/v2\/comments?post=107303"}],"version-history":[{"count":0,"href":"https:\/\/www.europesays.com\/se\/wp-json\/wp\/v2\/posts\/107303\/revisions"}],"wp:featuredmedia":[{"embeddable":true,"href":"https:\/\/www.europesays.com\/se\/wp-json\/wp\/v2\/media\/107304"}],"wp:attachment":[{"href":"https:\/\/www.europesays.com\/se\/wp-json\/wp\/v2\/media?parent=107303"}],"wp:term":[{"taxonomy":"category","embeddable":true,"href":"https:\/\/www.europesays.com\/se\/wp-json\/wp\/v2\/categories?post=107303"},{"taxonomy":"post_tag","embeddable":true,"href":"https:\/\/www.europesays.com\/se\/wp-json\/wp\/v2\/tags?post=107303"}],"curies":[{"name":"wp","href":"https:\/\/api.w.org\/{rel}","templated":true}]}}