{"id":107317,"date":"2025-12-16T01:14:20","date_gmt":"2025-12-16T01:14:20","guid":{"rendered":"https:\/\/www.europesays.com\/se\/107317\/"},"modified":"2025-12-16T01:14:20","modified_gmt":"2025-12-16T01:14:20","slug":"malina-abrahamssonjag-har-avslutat-mitt-spotifykonto-av-religiosa-skal","status":"publish","type":"post","link":"https:\/\/www.europesays.com\/se\/107317\/","title":{"rendered":"Malina Abrahamsson:\nJag har avslutat mitt Spotifykonto \u2013 av religi\u00f6sa sk\u00e4l"},"content":{"rendered":"<p class=\"kicker \" style=\"\">Kultur | Kr\u00f6nika<\/p>\n<p>\n        Hur p\u00e5verkas vi av att ha en n\u00e4stan o\u00e4ndlig tillg\u00e5ng till musik? fr\u00e5gar sig Malina Abrahamsson i sin kr\u00f6nika.<br \/>\n        Evgeniy Smersh\n    <\/p>\n<p>    \u201dNu har jag gjort det sv\u00e5rt f\u00f6r mig sj\u00e4lv. Eller enkelt, beroende p\u00e5 hur man ser det\u201d<\/p>\n<p class=\"dropCap\">Jag sitter hemma och jobbar och det \u00e4r helt tyst i l\u00e4genheten. Vanligtvis har jag musik i g\u00e5ng hela dagen och alternerar mellan olika spellistor, olika sorters bakgrundsbrus. Det \u00e4r bra f\u00f6r min koncentration, inbillar jag mig. Tystnad kan l\u00e4tt g\u00f6ra mig rastl\u00f6s.\u00a0<\/p>\n","protected":false},"excerpt":{"rendered":"Kultur | Kr\u00f6nika Hur p\u00e5verkas vi av att ha en n\u00e4stan o\u00e4ndlig tillg\u00e5ng till musik? fr\u00e5gar sig Malina&hellip;\n","protected":false},"author":2,"featured_media":34960,"comment_status":"","ping_status":"","sticky":false,"template":"","format":"standard","meta":{"footnotes":""},"categories":[67],"tags":[104,34,31,33,32,30,105],"class_list":{"0":"post-107317","1":"post","2":"type-post","3":"status-publish","4":"format-standard","5":"has-post-thumbnail","7":"category-underhallning","8":"tag-entertainment","9":"tag-se","10":"tag-svenska","11":"tag-sverige","12":"tag-sweden","13":"tag-swedish","14":"tag-underhallning"},"share_on_mastodon":{"url":"https:\/\/pubeurope.com\/@se\/115726599030035417","error":""},"_links":{"self":[{"href":"https:\/\/www.europesays.com\/se\/wp-json\/wp\/v2\/posts\/107317","targetHints":{"allow":["GET"]}}],"collection":[{"href":"https:\/\/www.europesays.com\/se\/wp-json\/wp\/v2\/posts"}],"about":[{"href":"https:\/\/www.europesays.com\/se\/wp-json\/wp\/v2\/types\/post"}],"author":[{"embeddable":true,"href":"https:\/\/www.europesays.com\/se\/wp-json\/wp\/v2\/users\/2"}],"replies":[{"embeddable":true,"href":"https:\/\/www.europesays.com\/se\/wp-json\/wp\/v2\/comments?post=107317"}],"version-history":[{"count":0,"href":"https:\/\/www.europesays.com\/se\/wp-json\/wp\/v2\/posts\/107317\/revisions"}],"wp:featuredmedia":[{"embeddable":true,"href":"https:\/\/www.europesays.com\/se\/wp-json\/wp\/v2\/media\/34960"}],"wp:attachment":[{"href":"https:\/\/www.europesays.com\/se\/wp-json\/wp\/v2\/media?parent=107317"}],"wp:term":[{"taxonomy":"category","embeddable":true,"href":"https:\/\/www.europesays.com\/se\/wp-json\/wp\/v2\/categories?post=107317"},{"taxonomy":"post_tag","embeddable":true,"href":"https:\/\/www.europesays.com\/se\/wp-json\/wp\/v2\/tags?post=107317"}],"curies":[{"name":"wp","href":"https:\/\/api.w.org\/{rel}","templated":true}]}}