{"id":107348,"date":"2025-12-16T04:19:23","date_gmt":"2025-12-16T04:19:23","guid":{"rendered":"https:\/\/www.europesays.com\/se\/107348\/"},"modified":"2025-12-16T04:19:23","modified_gmt":"2025-12-16T04:19:23","slug":"sveriges-radio-gor-serie-om-barnmordarkorset","status":"publish","type":"post","link":"https:\/\/www.europesays.com\/se\/107348\/","title":{"rendered":"Sveriges Radio g\u00f6r serie om Barnm\u00f6rdarkorset"},"content":{"rendered":"<p>R\u00f6da kors p\u00e5 tr\u00e4dstammarna och rykten om isande barnskrik p\u00e5 n\u00e4tterna. Historierna om Barnm\u00f6rdarkorset har l\u00e4nge gett kalla k\u00e5rar hos dem som v\u00e5gat bes\u00f6ka platsen efter m\u00f6rkrets int\u00e5gEnligt myten bodde det i den t\u00e4ta skogen mellan \u00d6desh\u00f6g och Tran\u00e5s p\u00e5 1800-talet en kvinna, Anna Stina, som f\u00f6dde flera o\u00f6nskade barn. S\u00e4gnen s\u00e4ger att hon antingen f\u00f6rs\u00f6rjde sig som pros<\/p>\n","protected":false},"excerpt":{"rendered":"R\u00f6da kors p\u00e5 tr\u00e4dstammarna och rykten om isande barnskrik p\u00e5 n\u00e4tterna. Historierna om Barnm\u00f6rdarkorset har l\u00e4nge gett kalla&hellip;\n","protected":false},"author":2,"featured_media":107349,"comment_status":"","ping_status":"","sticky":false,"template":"","format":"standard","meta":{"footnotes":""},"categories":[67],"tags":[104,34,31,33,32,30,105],"class_list":{"0":"post-107348","1":"post","2":"type-post","3":"status-publish","4":"format-standard","5":"has-post-thumbnail","7":"category-underhallning","8":"tag-entertainment","9":"tag-se","10":"tag-svenska","11":"tag-sverige","12":"tag-sweden","13":"tag-swedish","14":"tag-underhallning"},"share_on_mastodon":{"url":"https:\/\/pubeurope.com\/@se\/115727326432529158","error":""},"_links":{"self":[{"href":"https:\/\/www.europesays.com\/se\/wp-json\/wp\/v2\/posts\/107348","targetHints":{"allow":["GET"]}}],"collection":[{"href":"https:\/\/www.europesays.com\/se\/wp-json\/wp\/v2\/posts"}],"about":[{"href":"https:\/\/www.europesays.com\/se\/wp-json\/wp\/v2\/types\/post"}],"author":[{"embeddable":true,"href":"https:\/\/www.europesays.com\/se\/wp-json\/wp\/v2\/users\/2"}],"replies":[{"embeddable":true,"href":"https:\/\/www.europesays.com\/se\/wp-json\/wp\/v2\/comments?post=107348"}],"version-history":[{"count":0,"href":"https:\/\/www.europesays.com\/se\/wp-json\/wp\/v2\/posts\/107348\/revisions"}],"wp:featuredmedia":[{"embeddable":true,"href":"https:\/\/www.europesays.com\/se\/wp-json\/wp\/v2\/media\/107349"}],"wp:attachment":[{"href":"https:\/\/www.europesays.com\/se\/wp-json\/wp\/v2\/media?parent=107348"}],"wp:term":[{"taxonomy":"category","embeddable":true,"href":"https:\/\/www.europesays.com\/se\/wp-json\/wp\/v2\/categories?post=107348"},{"taxonomy":"post_tag","embeddable":true,"href":"https:\/\/www.europesays.com\/se\/wp-json\/wp\/v2\/tags?post=107348"}],"curies":[{"name":"wp","href":"https:\/\/api.w.org\/{rel}","templated":true}]}}