{"id":107354,"date":"2025-12-16T04:45:20","date_gmt":"2025-12-16T04:45:20","guid":{"rendered":"https:\/\/www.europesays.com\/se\/107354\/"},"modified":"2025-12-16T04:45:20","modified_gmt":"2025-12-16T04:45:20","slug":"almegas-tjansteindikator-for-fjarde-kvartalet-2025","status":"publish","type":"post","link":"https:\/\/www.europesays.com\/se\/107354\/","title":{"rendered":"Almegas tj\u00e4nsteindikator f\u00f6r fj\u00e4rde kvartalet 2025"},"content":{"rendered":"<p>Rapporten finns i sin helhet p\u00e5 denna sida men kan ocks\u00e5 h\u00e4mtas som pdf-fil.<\/p>\n<p>Almegas tj\u00e4nsteindikator \u00e4r en kvartalsbaserad konjunkturindikator som belyser utvecklingen i den privata tj\u00e4nstesektorn. Den ligger tv\u00e5 m\u00e5nader f\u00f6re SCB:s publicering av den faktiska tj\u00e4nsteproduktionen och \u00e4r en aktuell spegel av konjunkturl\u00e4get i den privata tj\u00e4nstesektorn som svarar f\u00f6r 52 procent av Sveriges BNP och 48 procent av syssels\u00e4ttningen. Almega har publicerat tj\u00e4nsteindikatorn varje kvartal sedan 2001.<\/p>\n<p>Denna upplaga av tj\u00e4nsteindikatorn har arbetats fram p\u00e5 Almega av <strong>Patrick Joyce<\/strong> och <strong>Staffan Johansson<\/strong>. Insamlingen av data avslutades den 25 september 2025.<\/p>\n<p> F\u00f6r ytterligare upplysningar om det ekonomiska l\u00e4get i den privata tj\u00e4nstesektorn kontakta:<\/p>\n<p>\nTj\u00e4nstesektorn lyfter\n<\/p>\n<p>Uppg\u00e5ngen i tj\u00e4nstesektorn, som startade tidigare i \u00e5r, har f\u00e5tt mer fart. Det tredje kvar\u00actalet var tj\u00e4nste\u00acproduktionen 2,6 procent h\u00f6gre \u00e4n ett \u00e5r tidigare. Almegas tj\u00e4nsteindikator f\u00f6rut\u00acsp\u00e5r att produk\u00actionen kommer att \u00f6ka \u00e4ven kommande kvartal.<\/p>\n<p>Efterfr\u00e5gan p\u00e5 f\u00f6retagstj\u00e4nster \u00f6kar med draghj\u00e4lp fr\u00e5n en v\u00e4xande industri-produktion och en god tj\u00e4nsteexport.<\/p>\n<p>Informations- och kommunikationssektorn forts\u00e4tter att v\u00e4xa starkt. Det tredje kvartalet var produktionen 4,2 procent h\u00f6gre \u00e4n ett \u00e5r tidigare. Tillv\u00e4xten har varit starkast bland datakonsulter.<\/p>\n<p>F\u00f6retagstj\u00e4nster inom juridik, ekonomi, vetenskap och teknik v\u00e4xer igen efter en svag period. Det tredje kvartalet var produktionen 3,3 procent h\u00f6gre \u00e4n f\u00f6r ett \u00e5r sedan. Efterfr\u00e5gan p\u00e5 arkitekttj\u00e4nster \u00f6kar efter flera d\u00e5liga \u00e5r. <\/p>\n<p>\u00c5terh\u00e4mtningen g\u00e5r l\u00e5ngsammare f\u00f6r andra st\u00f6dtj\u00e4nster till f\u00f6retag \u2013 personaluthyrning, fastighets\u00adtj\u00e4nster och andra kontorstj\u00e4nster sl\u00e4par d\u00e4remot efter. Det tredje kvartalet var fortfarande produktionen 2,8 procent l\u00e4gre \u00e4n f\u00f6r ett \u00e5r sedan. L\u00e4get f\u00f6r bemanningsf\u00f6retagen har dock f\u00f6rb\u00e4ttrats avsev\u00e4rt i \u00e5r.<\/p>\n<p>Den \u00f6kande hush\u00e5llskonsumtionen ger draghj\u00e4lp till tj\u00e4nstebranscher som s\u00e4ljer till hush\u00e5llen. Produktionen inom detaljhandeln \u00e4r 4,6 procent h\u00f6gre \u00e4n f\u00f6r ett \u00e5r sedan och produktionen inom hotell och restaurang har \u00f6kat 2,7 procent det senaste \u00e5ret.<\/p>\n<p>\nJobben blir fler i tj\u00e4nstesektorn\n<\/p>\n<p>V\u00e4ndningen i tj\u00e4nstekonjunkturen har f\u00e5tt snabbare genomslag p\u00e5 arbetsmark\u00acna-den \u00e4n vanligt. Det tredje kvartalet var antalet anst\u00e4llda i den privata tj\u00e4nstesektorn 12 400, eller 0,5 procent, fler \u00e4n f\u00f6r ett \u00e5r sedan. Almegas arbetsmarknads\u00acindikator f\u00f6rutsp\u00e5r att jobben i tj\u00e4nste\u00acsektorn kommer att forts\u00e4tta \u00f6ka \u00e4ven n\u00e4sta kvartal.<\/p>\n<p>Flest nya jobb har skapats bland konsulttj\u00e4nster inom juridik, ekonomi, vetenskap och teknik. P\u00e5 ett \u00e5r har antalet anst\u00e4llda \u00f6kat med 7 400 personer. Den mest expansiva branschen \u00e4r tekniska konsulter och arkitekter d\u00e4r 4 900 nya jobb har skapats det senaste \u00e5ret.<\/p>\n<p>Den \u00f6kande hush\u00e5llskonsumtionen har lyft syssels\u00e4ttningen inom flera tj\u00e4nstebranscher som s\u00e4ljer till hush\u00e5llen. Inom hotell och restaurang har antalet anst\u00e4llda \u00f6kat med 4 300 personer det senaste \u00e5ret. Inom kultur, evenemang och personlig service har antalet anst\u00e4llda blivit 2 100 fler.<\/p>\n<p>Inom information och kommunikation forts\u00e4tter d\u00e4remot jobben att bli n\u00e5got f\u00e4rre trots att produktionen \u00f6kar. Antalet anst\u00e4llda har minskat med 700 personer p\u00e5 ett \u00e5r.<\/p>\n<p>Inom personaluthyrning och rekrytering minskar fortfarande syssels\u00e4ttningen. Antalet anst\u00e4llda \u00e4r 4 100 f\u00e4rre \u00e4n f\u00f6r ett \u00e5r sedan. F\u00f6retagen inom branschen r\u00e4knar dock med att nyanst\u00e4lla fram\u00f6ver. Inom \u00f6vriga st\u00f6dtj\u00e4nster till f\u00f6retag blir jobben fler.<\/p>\n<p>\nPriserna p\u00e5 tj\u00e4nster \u00f6kar l\u00e5ngsammare\n<\/p>\n<p>Priserna p\u00e5 tj\u00e4nster \u00f6kar i l\u00e5ngsammare takt \u00e4n tidigare. Det tredje kvartalet var tj\u00e4nstef\u00f6retagens f\u00f6rs\u00e4ljningspriser \u2013 som omfattar b\u00e5de tj\u00e4nster till f\u00f6retag och konsumenter \u2013 1,3 procent h\u00f6gre \u00e4n ett \u00e5r tidigare. Almegas prisindikator f\u00f6rutsp\u00e5r att pris\u00f6kningstakten kommer att avta n\u00e5got \u00e4ven n\u00e4sta kvartal.<\/p>\n<p>Svensk ekonomi v\u00e4xlar upp. Det tredje kvartalet \u00f6kade BNP med 2,6 procent i \u00e5rstakt och med 1,1 procent s\u00e4songsrensat j\u00e4mf\u00f6rt med kvartalet innan. Uppg\u00e5ngen drivs fr\u00e4mst av \u00f6kade f\u00f6retagsinvesteringar, h\u00f6gre hush\u00e5lls\u00adkonsum\u00adtion och \u00f6kad export.1<\/p>\n<p>Uppg\u00e5ngen i den privata tj\u00e4nstesektorn, som b\u00f6rjade tidigare i \u00e5r, har f\u00e5tt mer fart. Det tredje kvartalet var produktionen 2,6 procent h\u00f6gre \u00e4n samma kvartal f\u00f6rra \u00e5ret.<\/p>\n<p><strong>Diagram 1: <\/strong><strong><strong><strong><strong><strong>Almegas tj\u00e4nsteindikator f\u00f6r kommande produktionstillv\u00e4xt i privat tj\u00e4nstesektor<\/strong><\/strong><\/strong><\/strong><\/strong><\/p>\n<p>Kvartal ett 2010 till kvartal fyra 2025<\/p>\n<p><img loading=\"lazy\" decoding=\"async\" width=\"1140\" height=\"658\" src=\"https:\/\/www.europesays.com\/se\/wp-content\/uploads\/2025\/12\/Skarmavbild-2025-12-11-kl.-5.00.19-em.png\" alt=\"\" class=\"wp-image-84826\"  \/><br \/><strong>K\u00e4lla:<\/strong> Almega, Konjunktur\u00adinstitutet, SCB, Macro\u00adbond.<br \/><strong>Anm:<\/strong> Orange linje visar indikator f\u00f6r kommande produktionstillv\u00e4xt. Bl\u00e5 linje visar \u00e5rlig produktionstillv\u00e4xt i privat tj\u00e4nstesektor.<\/p>\n<p>Den \u00f6kande hush\u00e5llskonsumtionen lyfter handeln och bes\u00f6ksn\u00e4ringen medan f\u00f6retagstj\u00e4nsterna f\u00e5r draghj\u00e4lp av en stigande industriproduktion och en fortsatt stark tj\u00e4nsteexport. En svag konjunktur i flera av Sveriges viktiga exportl\u00e4nder och en h\u00f6gre v\u00e4rderad krona har mattat av varuexporten.2 Exporten av tj\u00e4nster fort\u00acs\u00e4tter d\u00e4remot att v\u00e4xa och var det tredje kvartalet 4,7 procent h\u00f6gre i l\u00f6pande priser \u00e4n ett \u00e5r tidigare.3<\/p>\n<p>Bostadsbyggandet \u00f6kar sakta. L\u00e4gre r\u00e4ntor och \u00f6kad k\u00f6pkraft bland hush\u00e5llen v\u00e4ntas ge \u00e4nnu mer fart till bostadsbyggandet n\u00e4sta \u00e5r vilket \u00e4r viktigt f\u00f6r efter\u00adfr\u00e5gan p\u00e5 arkitekter och andra tekniska tj\u00e4nster.4<\/p>\n<p><strong>Diagram 2: <strong><strong><strong><strong>Produktion inom tj\u00e4nstesektor och industri, januari 2021 till oktober 2025<\/strong><\/strong><\/strong><\/strong><\/strong><\/p>\n<p><img loading=\"lazy\" decoding=\"async\" width=\"1102\" height=\"502\" src=\"https:\/\/www.europesays.com\/se\/wp-content\/uploads\/2025\/12\/Skarmavbild-2025-12-11-kl.-5.06.14-em.png\" alt=\"\" class=\"wp-image-84827\"  \/><strong>K\u00e4lla: <\/strong>SCB, tj\u00e4nste- och industriproduktionsindex<br \/><strong>Anm: <\/strong>Privat tj\u00e4nstesektor minus finans och f\u00f6rs\u00e4kring. Tillverkningsindustri och gruvor.<\/p>\n<p>Tj\u00e4nstef\u00f6retagens f\u00f6rv\u00e4ntningar p\u00e5 framtiden har f\u00f6rb\u00e4ttrats markant det senaste kvartalet och ink\u00f6ps\u00adchefs\u00adindex (PMI) f\u00f6r tj\u00e4nster ligger med god marginal i tillv\u00e4xt\u00adzonen \u2013 \u00f6ver 50. B\u00e5de ordering\u00e5ng och produktionsplaner forts\u00e4tter att \u00f6ka.5<\/p>\n<p><strong>Diagram 3:<\/strong><strong> <strong><strong><strong><strong>Ink\u00f6pschefsindex f\u00f6r privata tj\u00e4nster och industri, jan 2022 till nov 2025<\/strong><\/strong><\/strong><\/strong><\/strong><\/p>\n<p><img loading=\"lazy\" decoding=\"async\" width=\"1102\" height=\"568\" src=\"https:\/\/www.europesays.com\/se\/wp-content\/uploads\/2025\/12\/Skarmavbild-2025-12-11-kl.-5.07.23-em.png\" alt=\"\" class=\"wp-image-84828\"  \/><strong>K\u00e4lla<\/strong>: Swedbank och Silf<\/p>\n<p>F\u00f6retagstj\u00e4nsterna har d\u00e4mpats av den svaga konjunkturen och minskad efter-fr\u00e5gan fr\u00e5n b\u00e5de industrin och byggsektorn men l\u00e4get blir b\u00e4ttre.<\/p>\n<p><strong>Diagram 4: <\/strong><strong><strong><strong><strong><strong>Produktion inom information och kommunikation, kvartal ett 2023 till kvartal tre 2025<\/strong><\/strong><\/strong><\/strong><\/strong><\/p>\n<p>F\u00f6r\u00e4ndring \u00e5rstakt, fasta priser och kalenderkorrigerat, procent<\/p>\n<p><img loading=\"lazy\" decoding=\"async\" width=\"1186\" height=\"568\" src=\"https:\/\/www.europesays.com\/se\/wp-content\/uploads\/2025\/12\/Skarmavbild-2025-12-11-kl.-5.10.30-em.png\" alt=\"\" class=\"wp-image-84829\"  \/><strong>K\u00e4lla:<\/strong> SCB, tj\u00e4nsteproduktionsindex.<\/p>\n<p>Informations- och kommunikationssektorn har vuxit starkt i snart tv\u00e5 \u00e5r. Det tredje kvartalet var produktionen 4,2 procent h\u00f6gre \u00e4n ett \u00e5r tidigare. Tillv\u00e4xten har varit starkast bland datakonsulter. Data\u00adkonsulterna \u00e4r optimistiska om fram\u00adtiden. I november r\u00e4knade 40 procent av dem med \u00f6kad efterfr\u00e5gan i n\u00e4rtid (se tabell 1). <\/p>\n<p>Exporten av telekommunikationer och datatj\u00e4nster forts\u00e4tter att \u00f6ka men n\u00e5got l\u00e5ngsammare \u00e4n f\u00f6rut. Det tredje kvartalet var exporten av dessa tj\u00e4nster 2,4 procent h\u00f6gre i l\u00f6pande priser j\u00e4mf\u00f6rt med samma kvartal f\u00f6rra \u00e5ret.6 \u00d6kningen av exporten i fasta priser var dock st\u00f6rre. Exportpriserna p\u00e5 dessa tj\u00e4nster har fallit med drygt fyra procent under perioden p\u00e5 grund av den f\u00f6rst\u00e4rkta kronan.7<\/p>\n<p>Den svaga konjunkturen och l\u00e5g efterfr\u00e5gan fr\u00e5n andra branscher har h\u00e5llit nere efterfr\u00e5gan p\u00e5 f\u00f6retagstj\u00e4nster inom juridik, ekonomi, vetenskap och teknik. Nu b\u00f6rjar dock l\u00e4get f\u00f6rb\u00e4ttras. Det tredje kvartalet var produktionen inom sektorn 3,3 procent h\u00f6gre \u00e4n f\u00f6r ett \u00e5r sedan. Exporten av aff\u00e4rstj\u00e4nster forts\u00e4tter att utvecklas starkt. Det tredje kvartalet var exporten 13,9 procent h\u00f6gre, i l\u00f6pande priser, \u00e4n ett \u00e5r tidigare.8 F\u00f6rv\u00e4ntningarna p\u00e5 framtiden blir allt b\u00e4ttre. Fler tekniska konsulter och arkitekter r\u00e4knar med \u00f6kad efterfr\u00e5gan fram\u00f6ver (se tabell 1). <\/p>\n<p><strong>Diagram 5: <\/strong><strong><strong><strong><strong><strong>Produktion bland konsulter inom juridik, ekonomi, teknik med mera, kvartal ett 2023 till kvartal tre 2025<\/strong><\/strong><\/strong><\/strong><\/strong><\/p>\n<p>F\u00f6r\u00e4ndring \u00e5rstakt, fasta priser och kalenderkorrigerat, procent<\/p>\n<p><img loading=\"lazy\" decoding=\"async\" width=\"1186\" height=\"586\" src=\"https:\/\/www.europesays.com\/se\/wp-content\/uploads\/2025\/12\/Skarmavbild-2025-12-11-kl.-5.12.40-em.png\" alt=\"\" class=\"wp-image-84830\"  \/><strong>K\u00e4lla:<\/strong> SCB, tj\u00e4nsteproduktionsindex.<\/p>\n<p>\u00c5terh\u00e4mtningen g\u00e5r tr\u00f6gare f\u00f6r andra st\u00f6dtj\u00e4nster till f\u00f6retag \u2013 personaluthyrning, fastighetstj\u00e4nster och andra kontorstj\u00e4nster. Det tredje kvartalet var fortfarande produktionen 2,8 procent l\u00e4gre \u00e4n samma kvartal f\u00f6rra \u00e5ret.<\/p>\n<p>L\u00e4get inom bemanningsbranschen har dock f\u00f6rb\u00e4ttrats avsev\u00e4rt i \u00e5r. Enligt siffror fr\u00e5n Kompetensf\u00f6retagen, d\u00e4r majoriteten av bemanningsf\u00f6retagen ing\u00e5r, var oms\u00e4ttningen det tredje kvartalet 1,1 procent h\u00f6gre, i l\u00f6pande priser, \u00e4n samma kvartal f\u00f6rra \u00e5ret. I fasta priser var oms\u00e4ttningen fortfarande var oms\u00e4ttningen fortfarande n\u00e5got l\u00e4gre \u00e4n ett \u00e5r tidigare men f\u00f6rb\u00e4ttringen j\u00e4mf\u00f6rt med tidigare kvartal. F\u00f6rb\u00e4ttringen \u00e4r st\u00f6rst inom uthyrningen till industrin, branschens st\u00f6rsta kundgrupp. Det tredje kvartalet var uthyrningen till industrin 7,2 procent h\u00f6gre i l\u00f6pande priser \u00e4n ett \u00e5r tidigare.9<\/p>\n<p>F\u00f6rb\u00e4ttringen f\u00f6r bemanningsbranschen ett tecken p\u00e5 att l\u00e4get b\u00f6rjar ljusna p\u00e5 arbetsmarknaden.<\/p>\n<p><strong>Diagram 6:<\/strong><strong> <strong><strong><strong><strong>Produktion inom uthyrning och andra st\u00f6dtj\u00e4nster till f\u00f6retag, kvartal ett 2023 till kvartal tre 2025<\/strong><\/strong><\/strong><\/strong><\/strong><\/p>\n<p>F\u00f6r\u00e4ndring \u00e5rstakt, fasta priser och kalenderkorrigerat, procent<\/p>\n<p><img loading=\"lazy\" decoding=\"async\" width=\"1186\" height=\"508\" src=\"https:\/\/www.europesays.com\/se\/wp-content\/uploads\/2025\/12\/Skarmavbild-2025-12-11-kl.-5.14.35-em.png\" alt=\"\" class=\"wp-image-84831\"  \/><strong>K\u00e4lla:<\/strong> SCB, tj\u00e4nsteproduktionsindex.<\/p>\n<p>Inom partihandeln, som s\u00e4ljer till f\u00f6retag, har produktionen fallit tre \u00e5r i rad men utvecklingen har v\u00e4nt i \u00e5r. Det tredje kvartalet var produktionen 4,1 procent h\u00f6gre \u00e4n samma kvartal f\u00f6rra \u00e5ret. Nedg\u00e5ngen inom transportsektorn, som varat n\u00e4stan tre \u00e5r, kan ocks\u00e5 vara bruten. Det tredje kvartalet var produktionen i sektorn 1,6 procent h\u00f6gre \u00e4n ett \u00e5r tidigare.10<\/p>\n<p><strong>Tabell 1:<\/strong><strong> <strong><strong><strong><strong>Efterfr\u00e5gan i tj\u00e4nstebranscher som fr\u00e4mst s\u00e4ljer till f\u00f6retag. F\u00f6rv\u00e4ntningar tre m\u00e5nader fram\u00e5t, augusti och november 2025<\/strong><\/strong><\/strong><\/strong><\/strong><\/p>\n<p><img loading=\"lazy\" decoding=\"async\" width=\"1036\" height=\"596\" src=\"https:\/\/www.europesays.com\/se\/wp-content\/uploads\/2025\/12\/Skarmavbild-2025-12-11-kl.-5.15.39-em.png\" alt=\"\" class=\"wp-image-84832\" style=\"width:1105px;height:663px\"  \/><strong>K\u00e4lla: <\/strong>Konjunkturinstitutet<br \/><strong>Anm:<\/strong> Nettotal \u00e4r andelen f\u00f6retag som rapporterar att efterfr\u00e5gan \u00f6kar minus andelen som rapporterar att den minskar. \u00d6vriga f\u00f6retagstj\u00e4nster (SNI 82) omfattar kontorstj\u00e4nster, callcenter samt arrang\u00f6rer av kongresser och m\u00e4ssor.<\/p>\n<p>Hush\u00e5llens realinkomster har stigit tv\u00e5 \u00e5r i rad och v\u00e4ntas \u00e4ven stiga n\u00e4sta \u00e5r. Hush\u00e5llens f\u00f6rtroende f\u00f6r ekonomin var svagt under handelsoron i b\u00f6rjan \u00e5ret. Sedan dess har f\u00f6rtroendet st\u00e4rkts avsev\u00e4rt \u00e4ven om det \u00e4nnu \u00e4r l\u00e4gre \u00e4n normalt.11 Hush\u00e5llens konsumtion har b\u00f6rjat ta fart och det tredje kvartalet var den 2,2 procent h\u00f6gre \u00e4n ett \u00e5r tidigare.12<\/p>\n<p>Den \u00f6kande konsumtionen ger ordentlig draghj\u00e4lp till detaljhandeln vars oms\u00e4ttning \u00f6kat fyra kvartal i rad. Det tredje kvartalet var oms\u00e4ttningen inom detaljhandeln 4,6 procent h\u00f6gre \u00e4n f\u00f6r ett \u00e5r sedan.13 F\u00f6retagen inom detaljhandeln \u00e4r optimistiska och fler f\u00f6retag \u00e4n tidigare v\u00e4ntar sig \u00f6kad f\u00f6rs\u00e4ljning fram\u00f6ver. \u00c4ven motorhandeln utvecklas starkt. Det tredje kvartalet var oms\u00e4ttningen 12,1 procent h\u00f6gre \u00e4n samma kvartal \u00e5ret innan vilket delvis beror fler nyregistrerade bilar.14<\/p>\n<p>Hotell- och restaurangbranschen har de senaste tv\u00e5 \u00e5ren h\u00e4mmats av l\u00e5g hush\u00e5lls\u00adkonsumtion och \u00f6kade kostnader. \u00d6kningen av hush\u00e5llens konsumtion har dock givit draghj\u00e4lp till branschen. \u00a0Det tredje kvartalet var produktionen inom hotell- och restaurang 2,7 procent h\u00f6gre \u00e4n ett \u00e5r tidigare. Framtidsf\u00f6rv\u00e4ntningarna \u00e4r positiva i branschen och fler f\u00f6retag \u00e4n tidigare r\u00e4knar med \u00f6kande f\u00f6rs\u00e4ljning fram\u00f6ver.<\/p>\n<p><strong>Tabell 2: <\/strong><strong><strong><strong><strong><strong>Efterfr\u00e5gan i tj\u00e4nstebranscher som fr\u00e4mst s\u00e4ljer till hush\u00e5ll. F\u00f6rv\u00e4ntningar tre m\u00e5nader fram\u00e5t, augusti och november 2025<\/strong><\/strong><\/strong><\/strong><\/strong><\/p>\n<p><img loading=\"lazy\" decoding=\"async\" width=\"1108\" height=\"400\" src=\"https:\/\/www.europesays.com\/se\/wp-content\/uploads\/2025\/12\/Skarmavbild-2025-12-11-kl.-5.19.25-em.png\" alt=\"\" class=\"wp-image-84834\"  \/><strong>K\u00e4lla:<\/strong> Konjunkturinstitutet.<br \/><strong>Anm:<\/strong> Fastighetsf\u00f6rvaltning (SNI 68.2) och researrang\u00f6rer (SNI 79) s\u00e4ljer tj\u00e4nster b\u00e5de till hush\u00e5ll och f\u00f6retag.<\/p>\n<p>Personliga tj\u00e4nster och kultur och n\u00f6jen har utvecklats svagt en l\u00e4ngre tid men \u00e4ven h\u00e4r har utvecklingen v\u00e4nt upp.15 Det tredje kvartalet var produktionen 1,0 procent h\u00f6gre \u00e4n samma kvartal f\u00f6rra \u00e5ret.<\/p>\n<p>Privat produktion av offentligt finansierade v\u00e4lf\u00e4rdstj\u00e4nster f\u00f6ljer inte konjunkturen utan beror av demografi och politiska prioriteringar. Inom privat utf\u00f6rd utbildning steg produktionen det tredje kvartalet med 1,5 procent i \u00e5rstakt efter en tydlig nedg\u00e5ng f\u00f6rra \u00e5ret.16<\/p>\n<p>Produktionen av privat utf\u00f6rd sjukv\u00e5rd och omsorg utvecklades starkt f\u00f6rra \u00e5ret. Nu mattas dock tillv\u00e4xten av. Det tredje kvartalet var produktionen 0,4 procent l\u00e4gre \u00e4n f\u00f6r ett \u00e5r sedan.17 Produktionen minskade inom h\u00e4lso- och sjukv\u00e5rd men steg inom v\u00e5rd och omsorg, fr\u00e4mst av \u00e4ldre.18<\/p>\n<p><strong>Diagram 7:<\/strong><strong> <strong><strong>Produktion inom privat utf\u00f6rd sjukv\u00e5rd och omsorg, kvartal ett 2023 till kvartal tre 2025<\/strong><\/strong><\/strong><\/p>\n<p>F\u00f6r\u00e4ndring \u00e5rstakt, fasta priser kalenderkorrigerat, procent<\/p>\n<p><img loading=\"lazy\" decoding=\"async\" width=\"1202\" height=\"522\" src=\"https:\/\/www.europesays.com\/se\/wp-content\/uploads\/2025\/12\/Skarmavbild-2025-12-11-kl.-5.22.08-em.png\" alt=\"\" class=\"wp-image-84835\"  \/><strong>K\u00e4lla: <\/strong>SCB, tj\u00e4nste\u00adproduktions\u00adindex.<\/p>\n<p>Antalet konkurser i tj\u00e4nstesektorn \u00f6kade i b\u00f6rjan av l\u00e5gkonjunkturen 2023 och har sedan dess f\u00f6rblivit h\u00f6gt. Under \u00e5rets f\u00f6rsta tio m\u00e5nader gick 6 035 tj\u00e4nstef\u00f6retag i konkurs. Det var 1,7 procent fler \u00e4n samma period f\u00f6rra \u00e5ret.19 Under sommaren minskade antalet konkurser tillf\u00e4lligt men under h\u00f6sten har de blivit fler inom alla tj\u00e4nste\u00adbranscher.<\/p>\n<p><strong>Diagram 8:<\/strong><strong> <strong><strong><strong><strong>Konkurser i tj\u00e4nstebranscher, januari 2023 till november 2025<\/strong><\/strong><\/strong><\/strong><\/strong><\/p>\n<p><img loading=\"lazy\" decoding=\"async\" width=\"1198\" height=\"738\" src=\"https:\/\/www.europesays.com\/se\/wp-content\/uploads\/2025\/12\/Skarmavbild-2025-12-11-kl.-5.23.27-em.png\" alt=\"\" class=\"wp-image-84836\"  \/><strong>K\u00e4lla: <\/strong>UC via Macrobond.<\/p>\n<p>Konjunkturen i tj\u00e4nstesektorn v\u00e4nde upp\u00e5t det andra kvartalet och redan ett kvartal senare b\u00f6rjade \u00e4ven syssels\u00e4ttningen \u00f6ka, vilket \u00e4r snabbare \u00e4n vanligt. \u00a0Det tredje kvartalet var antalet jobb i den privata tj\u00e4nstesektorn 12 400 \u2013 eller 0,5 procent \u2013 fler \u00e4n ett \u00e5r tidigare.<\/p>\n<p>Det \u00e4r ett tydligt trendbrott. Det \u00e4r f\u00f6rsta g\u00e5ngen sedan andra kvartalet 2023 som syssels\u00e4ttningen i tj\u00e4nstesektorn v\u00e4xer. Almegas arbets\u00admark\u00adnads\u00adindikator f\u00f6rutsp\u00e5r att jobben i tj\u00e4nstesektorn kommer att bli n\u00e5got fler \u00e4ven n\u00e4sta kvartal.<\/p>\n<p><strong>Diagram 9: <\/strong><strong><strong><strong>Almegas indikator f\u00f6r syssels\u00e4ttningstillv\u00e4xten i privat tj\u00e4nstesektor<\/strong><\/strong><\/strong><\/p>\n<p>Kvartal ett 2010 till kvartal fyra 2025<\/p>\n<p><img loading=\"lazy\" decoding=\"async\" width=\"1162\" height=\"684\" src=\"https:\/\/www.europesays.com\/se\/wp-content\/uploads\/2025\/12\/Skarmavbild-2025-12-11-kl.-5.24.28-em.png\" alt=\"\" class=\"wp-image-84837\"  \/><strong>K\u00e4lla:<\/strong> Almega, SCB, Macrobond.<\/p>\n<p>Syssels\u00e4ttningen har \u00f6kat i de flesta tj\u00e4nstebranscher men inte i alla. Flest nya jobb har skapats bland konsulttj\u00e4nster inom juridik, ekonomi, vetenskap och teknik. P\u00e5 ett \u00e5r har antalet anst\u00e4llda \u00f6kat med 7 400 personer, eller drygt tv\u00e5 procent. Den mest expansiva branschen \u00e4r tekniska konsulter och arkitekter d\u00e4r 4\u00a0900 nya jobb har skapats det senaste \u00e5ret.<\/p>\n<p>Inom information och kommunikation forts\u00e4tter d\u00e4remot antalet anst\u00e4llda att minska trots god tillv\u00e4xt i sektorn. Det tredje kvartalet minskade antalet anst\u00e4llda i sektorn med 700 personer, eller 0,3 procent, j\u00e4mf\u00f6rt med samma kvartal f\u00f6rra \u00e5ret.<\/p>\n<p>Inom personaluthyrning och rekrytering forts\u00e4tter dock jobben att bli f\u00e4rre. Antalet anst\u00e4llda har minskat med 4\u00a0100 personer det senaste \u00e5ret. L\u00e4get har dock f\u00f6rb\u00e4tt\u00adrats avsev\u00e4rt inom bemanningsbranschen och f\u00f6retagen r\u00e4knar med att \u00f6ka sin personalstyrka i n\u00e4rtid (se tabell 4).<\/p>\n<p>Syssels\u00e4ttningen v\u00e4xer d\u00e4remot inom \u00f6vriga st\u00f6dtj\u00e4nster till f\u00f6retag. Inom bevak\u00adning och s\u00e4kerhetstj\u00e4nst har antalet anst\u00e4llda blivit 1\u00a0300, eller 4,2 procent, fler det senaste \u00e5ret.<\/p>\n<p><strong>Tabell 3: <strong><strong><strong> <strong>Anst\u00e4llda inom privata tj\u00e4nstesektor tredje kvartalet 2025 j\u00e4mf\u00f6rt med tredje kvartalet 2024<\/strong><\/strong><\/strong><\/strong><\/strong><\/p>\n<p>F\u00f6r\u00e4ndring i antal och procent<\/p>\n<p><img loading=\"lazy\" decoding=\"async\" width=\"1054\" height=\"1020\" src=\"https:\/\/www.europesays.com\/se\/wp-content\/uploads\/2025\/12\/Skarmavbild-2025-12-11-kl.-5.25.29-em.png\" alt=\"\" class=\"wp-image-84838\"  \/><strong>K\u00e4lla: <\/strong>SCB, Anst\u00e4llningar, Antal p\u00e5g\u00e5ende anst\u00e4llningar efter n\u00e4ringsgren.<\/p>\n<p>Den \u00f6kande hush\u00e5llskonsumtionen har lyft produktionen inom tj\u00e4nstebranscher som s\u00e4ljer till hush\u00e5llen. I flera branscher, men inte alla, har jobben blivit fler.<\/p>\n<p>Inom hotell och restaurang var antalet jobb det tredje kvartalet 4\u00a0300, eller 1,7 procent, fler \u00e4n samma kvartal f\u00f6rra \u00e5ret. Jobben har blivit fler inom branschen har vuxit tre kvartal i rad.<\/p>\n<p>Inom personliga servicetj\u00e4nster, som fris\u00f6rer, tv\u00e4tt med mera, har antalet jobb blivit 1\u00a0700, eller fyra procent, fler det senaste \u00e5ret.<\/p>\n<p>Handeln har tre tunga \u00e5r bakom sig men oms\u00e4ttningen har \u00f6kat i \u00e5r. Trots det har antalet anst\u00e4llda minskat med 1\u00a0800 personer, eller 0,3 procent, det senaste \u00e5ret.\u00a0<\/p>\n<p>Inom privat utf\u00f6rd v\u00e5rd och omsorg har antalet anst\u00e4llda blivit 900 fler p\u00e5 ett \u00e5r. Den minskade syssels\u00e4ttningen inom tj\u00e4nstesektorn tidigare under l\u00e5gkonjunk\u00adturen skedde fr\u00e4mst genom att f\u00f6retagen minskade antalet nyanst\u00e4llningar. Antalet personer som arbetat mindre sex m\u00e5nader p\u00e5 sitt nuvarande jobb minskade tydligt. Nu \u00f6kar antalet personer med korta anst\u00e4llningstider igen och antalet personer med l\u00e4ngre anst\u00e4llningstider.20<\/p>\n<p>\n3.2 Fler tj\u00e4nstef\u00f6retag vill anst\u00e4lla\n<\/p>\n<p>Det senaste \u00e5ret har tj\u00e4nstef\u00f6retagens anst\u00e4llnings\u00adplaner blivit mer positiva \u00e4ven om \u00f6kningen sker fr\u00e5n en l\u00e5g niv\u00e5.21 Nio procent fler tj\u00e4nstef\u00f6retag planerar att \u00f6ka sin personalstyrka \u00e4n f\u00f6retag som planerar att minska den.<\/p>\n<p><strong>Diagram 10:<\/strong> <strong><strong><strong><strong>Tj\u00e4nstef\u00f6retagens anst\u00e4llningsplaner tre m\u00e5nader fram\u00e5t, jan 2022 till nov 2025<\/strong><\/strong><\/strong><\/strong><\/p>\n<p><img loading=\"lazy\" decoding=\"async\" width=\"1070\" height=\"558\" src=\"https:\/\/www.europesays.com\/se\/wp-content\/uploads\/2025\/12\/Skarmavbild-2025-12-11-kl.-5.28.25-em.png\" alt=\"\" class=\"wp-image-84839\" style=\"width:743px;height:auto\"  \/><strong>K\u00e4lla:<\/strong> Konjunkturinstitutet, Macrobond<br \/><strong>Anm: <\/strong>Nettotal \u00e4r andelen f\u00f6retag som planerar \u00f6ka sin personal\u00acstyrka minus andelen som planerar att minska den.<\/p>\n<p>Anst\u00e4llningsplanerna skiljer sig kraftigt mellan tj\u00e4nstesektorns branscher. Mest positiva \u00e4r datakonsulter f\u00f6ljt av tekniska konsulter som b\u00e5de blivit mer positiva det senaste kvartalet. Anst\u00e4llningsplanerna bland arkitekter har dock blivit mindre positiva trots att efterfr\u00e5gan p\u00e5 arkitekttj\u00e4nster \u00e4r p\u00e5 v\u00e4g upp. Inom arbets\u00adf\u00f6r\u00admedling och bemanning har anst\u00e4llningsplanerna blivit mer positiva det senaste kvartalet.\u00a0<\/p>\n<p><strong>Tabell 4:<\/strong><strong> <strong><strong>Antalet anst\u00e4llda i olika tj\u00e4nstebranscher. F\u00f6rv\u00e4ntningar tre m\u00e5nader fram\u00e5t, kvartal ett och kvartal tv\u00e5 2025<\/strong><\/strong><\/strong><\/p>\n<p>Nettotal s\u00e4songsrensat, procent<\/p>\n<p><img loading=\"lazy\" decoding=\"async\" width=\"982\" height=\"722\" src=\"https:\/\/www.europesays.com\/se\/wp-content\/uploads\/2025\/12\/Skarmavbild-2025-12-11-kl.-5.29.55-em.png\" alt=\"\" class=\"wp-image-84841\"  \/><strong>K\u00e4lla:<\/strong> Konjunkturinstitutet.<br \/><strong>Anm<\/strong>: Nettotalet \u00e4r andelen f\u00f6retag som planerar \u00f6ka sin personalstyrka minus andelen som planerar att minska den.<\/p>\n<p>\u00c5r 2023 hade h\u00e4lften av tj\u00e4nstef\u00f6retagen brist p\u00e5 arbetskraft. Bristen p\u00e5 arbetskraft minskade kraftigt under l\u00e5gkonjunkturen. Det tredje kvartalet hade 13 procent av tj\u00e4nstef\u00f6retag brist p\u00e5 arbetskraft, samma andel som f\u00f6reg\u00e5ende kvartal. Bristen p\u00e5 arbetskraft \u00e4r st\u00f6rst bland datakonsulter. <\/p>\n<p><strong>Tabell 5:<\/strong><strong> <strong><strong><strong> <strong><strong>Andel f\u00f6retag med brist p\u00e5 personal, kvartal tv\u00e5 2025 och kvartal tre 2025<\/strong><\/strong><\/strong><\/strong><\/strong><\/strong><\/p>\n<p><img loading=\"lazy\" decoding=\"async\" width=\"944\" height=\"662\" src=\"https:\/\/www.europesays.com\/se\/wp-content\/uploads\/2025\/12\/Skarmavbild-2025-12-11-kl.-5.31.38-em.png\" alt=\"\" class=\"wp-image-84842\" style=\"width:1180px;height:670px\"  \/><strong>K\u00e4lla: <\/strong>Konjukturinstitutet.<\/p>\n<p>Antalet lediga jobb i tj\u00e4nstesektorn minskade under f\u00f6rra \u00e5ret och minskningen forts\u00e4tter trots att arbetsmarknaden f\u00f6rb\u00e4ttras. Det tredje kvartalet var antalet lediga jobb 6 000 f\u00e4rre \u00e4n f\u00f6r ett \u00e5r sedan. Inom transport och magasinering samt inom juridik, ekonomi, vetenskap och teknik \u00f6kade dock antalet lediga jobb.<\/p>\n<p><strong>Tabell 6: <strong><strong><strong>Lediga jobb med omg\u00e5ende tilltr\u00e4de i tj\u00e4nstesektorn kvartal tre 2024 och kvartal tre 2025<\/strong><\/strong><\/strong><\/strong><\/p>\n<p><img loading=\"lazy\" decoding=\"async\" width=\"1238\" height=\"732\" src=\"https:\/\/www.europesays.com\/se\/wp-content\/uploads\/2025\/12\/Skarmavbild-2025-12-11-kl.-5.32.30-em.png\" alt=\"\" class=\"wp-image-84843\"  \/><strong>K\u00e4lla:<\/strong> Konjunkturinstitutet<br \/><strong>Anm:<\/strong> Nettotalet \u00e4r andelen f\u00f6retag som planerar att \u00f6ka sin personalstyrka minus andelen som planerar att minska den.<\/p>\n<p>Antalet lediga jobb som kunde tilltr\u00e4das omedelbart minskade f\u00f6rra \u00e5ret och nedg\u00e5ngen forts\u00e4tter. Det andra kvartalet var antalet lediga jobb i tj\u00e4nstesektorn 7\u00a0900 f\u00e4rre \u00e4n ett \u00e5r tidigare. Inom vissa branscher, fr\u00e4mst personliga och kulturella tj\u00e4nster, \u00f6kade dock antalet lediga jobb.<\/p>\n<p>Trots att jobben blir fler \u00e4r arbetsl\u00f6sheten fortsatt h\u00f6g. I november var 470 000 personer arbetsl\u00f6sa vilket var 52 000 fler \u00e4n f\u00f6r ett \u00e5r sedan. Den s\u00e4songs\u00adrensade arbetsl\u00f6sheten i november var 9,0 procent. Syssel\u00ads\u00e4tt\u00adningen har \u00f6kat det senaste \u00e5ret men antalet personer som s\u00f6ker arbete har \u00f6kat \u00e4nnu mer. I grunden \u00e4r det positivt att fler personer s\u00f6ker sig ut p\u00e5 arbetsmarknaden.22<\/p>\n<p>Antalet l\u00e5ngtidsarbetsl\u00f6sa forts\u00e4tter att \u00f6ka men l\u00e5ngsammare \u00e4n tidigare. I november hade 215 000 personer varit arbets\u00adl\u00f6sa i minst sex m\u00e5nader, vilket var 900 fler \u00e4n ett \u00e5r tidigare.23<\/p>\n<p><strong>Diagram 11:<\/strong><strong> <strong><strong><strong><strong>Arbetsl\u00f6sheten januari 2022 till november 2025<\/strong><\/strong><\/strong><\/strong><\/strong><\/p>\n<p>Procent av arbetskraften (15 \u2013 74 \u00e5r), s\u00e4songsrensat<\/p>\n<p><img loading=\"lazy\" decoding=\"async\" width=\"1238\" height=\"690\" src=\"https:\/\/www.europesays.com\/se\/wp-content\/uploads\/2025\/12\/Skarmavbild-2025-12-12-kl.-11.05.00-fm.png\" alt=\"\" class=\"wp-image-84857\"  \/><strong>K\u00e4lla:<\/strong> SCB, AKU och Macrobond.<\/p>\n<p>Varslen om upps\u00e4gning blir d\u00e4remot f\u00e4rre i tj\u00e4nstesektorn. De senaste tolv m\u00e5naderna har 38 300 personer varslats om upps\u00e4gning, vilket \u00e4r drygt 14 procent f\u00e4rre \u00e4n f\u00f6reg\u00e5ende tolv m\u00e5nader. Varslen har minskat mest inom information och kommunikation samt inom uthyrning, fastighetsservice med mera.24<\/p>\n<p>Almegajouren hj\u00e4lper medlemmar med en rad \u00e4renden inom arbetsgivarfr\u00e5gor. Under de senaste tre m\u00e5naderna har 17 procent av samtalen till jouren handlat om upps\u00e4g\u00adningar, vilket \u00e4r samma andel och antal som under samma period f\u00f6rra \u00e5ret.25<\/p>\n<p>Priserna p\u00e5 tj\u00e4nster \u00f6kar i l\u00e5ngsammare takt \u00e4n tidigare. L\u00e4gre pris\u00f6kningar p\u00e5 insatsvaror och insatstj\u00e4nster bidrar till ett minskat kostnadstryck. Tj\u00e4nste\u00adf\u00f6retagens f\u00f6rs\u00e4ljningspriser (TPI) \u2013 som omfattar b\u00e5de tj\u00e4nster till f\u00f6retag och konsumenter \u2013 var det tredje kvartalet med 1,3 procent h\u00f6gre \u00e4n ett \u00e5r tidigare. F\u00f6reg\u00e5ende kvartal \u00f6kade tj\u00e4nstepriserna med 1,5 procent i \u00e5rstakt. Almegas prisindikator f\u00f6rutsp\u00e5r att priserna p\u00e5 tj\u00e4nster kommer \u00f6ka n\u00e5got l\u00e5ngsammare \u00e4ven n\u00e4sta kvartal.<\/p>\n<p><strong>Diagram 12:<\/strong><strong> <strong><strong><strong>Almegas prisindikator f\u00f6r kommande f\u00f6r\u00e4ndring av tj\u00e4nstepriserna<\/strong><\/strong><\/strong><\/strong><\/p>\n<p>Kvartal ett 2010 till kvartal fyra 2025<\/p>\n<p><img loading=\"lazy\" decoding=\"async\" width=\"1110\" height=\"616\" src=\"https:\/\/www.europesays.com\/se\/wp-content\/uploads\/2025\/12\/Skarmavbild-2025-12-11-kl.-5.35.58-em.png\" alt=\"\" class=\"wp-image-84844\"  \/><strong>K\u00e4lla:\u00a0<\/strong> Almega, Konjunktur\u00ad\u00adinsti\u00adtutet och SCB<br \/><strong>Anm.<\/strong>\u00a0 Bl\u00e5 linje visar \u00e5rlig f\u00f6r\u00e4ndring av tj\u00e4nstepriserna <\/p>\n<p>Den l\u00e4gre pris\u00f6kningstakten p\u00e5 tj\u00e4nster beror fr\u00e4mst p\u00e5 fallande priser p\u00e5 transport\u00adtj\u00e4nster. Transportpriserna har sjunkit med 0,8 procent det senaste \u00e5ret.<\/p>\n<p>\u00c4ven priserna p\u00e5 information- och kommunikationstj\u00e4nster har fallit med 0,7 procent det senaste \u00e5ret. Nedg\u00e5ngen beror p\u00e5 fallande priser p\u00e5 telekommunikationer och p\u00e5 f\u00f6rlagstj\u00e4nster. D\u00e4remot har priserna p\u00e5 datakonsulttj\u00e4nster stigit under \u00e5ret.<\/p>\n<p>Priserna p\u00e5 hotell- och restaurang\u00adtj\u00e4nster fortsatte att stiga snabbt. Det tredje kvartalet var priserna 3,7 procent h\u00f6gre \u00e4n ett \u00e5r tidigare.<\/p>\n<p>Priserna p\u00e5 konsulttj\u00e4nster inom juridik, ekonomi, vetenskap och teknik har \u00f6kat med 2,3 procent det senaste \u00e5ret. Priserna \u00f6kade mest f\u00f6r tj\u00e4nster inom juridik och ekonomi och mindre f\u00f6r arkitekttj\u00e4nster och tekniska konsulter. Att priserna p\u00e5 arkitekttj\u00e4nster \u00f6kar igen kan vara ett tecken p\u00e5 \u00f6kad aktivitet inom byggsektorn.<\/p>\n<p><strong>Diagram 13: <\/strong><strong><strong><strong><strong>Tj\u00e4nstebranschernas bidrag till \u00e5rsf\u00f6r\u00e4ndringen i tj\u00e4nsteprisindex<\/strong><br \/>\u00a0<\/strong><\/strong><\/strong>Kvartal ett 2022 till kvartal tre 2025<\/p>\n<p><img loading=\"lazy\" decoding=\"async\" width=\"1144\" height=\"702\" src=\"https:\/\/www.europesays.com\/se\/wp-content\/uploads\/2025\/12\/Skarmavbild-2025-12-11-kl.-5.36.53-em.png\" alt=\"\" class=\"wp-image-84845\"  \/><strong>K\u00e4lla<\/strong>: SCB.<\/p>\n<p>Trots en svag efterfr\u00e5gan var priserna inom personaluthyrning och andra st\u00f6d\u00adtj\u00e4nster till f\u00f6retag 4,0 procent h\u00f6gre \u00e4n ett \u00e5r tidigare. Priserna har \u00f6kat mest f\u00f6r bevaknings- och s\u00e4kerhetstj\u00e4nster och mindre f\u00f6r bemanning och rekrytering.<\/p>\n<p><strong>Tabell 7:<\/strong><strong> <strong><strong><strong>Pris\u00f6kningstakten inom tj\u00e4nster samt deras bidrag till \u00e5rsf\u00f6r\u00e4ndringen i tj\u00e4nsteprisindex (TPI), kvartal tre 2025<\/strong><\/strong><\/strong><\/strong><\/p>\n<p><img loading=\"lazy\" decoding=\"async\" width=\"1202\" height=\"576\" src=\"https:\/\/www.europesays.com\/se\/wp-content\/uploads\/2025\/12\/Skarmavbild-2025-12-11-kl.-5.37.32-em.png\" alt=\"\" class=\"wp-image-84846\"  \/><strong>K\u00e4lla<\/strong>: Almega, SCB.<\/p>\n<p>Tj\u00e4nstef\u00f6retagens prisf\u00f6rv\u00e4ntningar \u00e4r betydligt l\u00e4gre \u00e4n tidigare men fortfarande \u00e4r det fler tj\u00e4nstef\u00f6retag som r\u00e4knar med att h\u00f6ja priserna i n\u00e4rtid \u00e4n att s\u00e4nka dem.\u00a0<\/p>\n<p><strong>Diagram 14:<\/strong><strong> <strong><strong>Prisf\u00f6rv\u00e4ntningarna i tj\u00e4nstesektorn januari 2021 till november 2025<\/strong><\/strong><\/strong><\/p>\n<p>Nettotal s\u00e4songrensat, procent<\/p>\n<p><img loading=\"lazy\" decoding=\"async\" width=\"1160\" height=\"546\" src=\"https:\/\/www.europesays.com\/se\/wp-content\/uploads\/2025\/12\/Skarmavbild-2025-12-11-kl.-5.38.12-em.png\" alt=\"\" class=\"wp-image-84847\"  \/><strong>K\u00e4lla:<\/strong> Konjunkturinstitutet<br \/><strong>Anm: <\/strong>Privat tj\u00e4nstesektor exkl. handel. Nettotal \u00e4r andelen f\u00f6retag som r\u00e4knar med att h\u00f6ja f\u00f6rs\u00e4ljningspriserna de n\u00e4rmaste tre m\u00e5naderna minus andelen som r\u00e4knar med att s\u00e4nka dem.<\/p>\n<p>Bland juridiska och ekonomiska konsulter r\u00e4knar en majoritet av f\u00f6retagen med att h\u00f6ja sina priser fram\u00f6ver. Bland arkitekter r\u00e4knar fler f\u00f6retag \u00e4n tidigare med att kunna h\u00f6ja sina priser fram\u00f6ver, d\u00e4remot har prisf\u00f6rv\u00e4ntningarna fallit m\u00e4rkbart bland tekniska konsulter. <\/p>\n<p><strong>Tabell 8: <strong><strong><strong>Tj\u00e4nstef\u00f6retagens prisf\u00f6rv\u00e4ntningar augusti och november 2025<\/strong><\/strong><\/strong><\/strong><\/p>\n<p><img loading=\"lazy\" decoding=\"async\" width=\"1094\" height=\"576\" src=\"https:\/\/www.europesays.com\/se\/wp-content\/uploads\/2025\/12\/Skarmavbild-2025-12-11-kl.-5.39.03-em.png\" alt=\"\" class=\"wp-image-84848\"  \/><strong>K\u00e4lla:<\/strong> Konjunkturinstitutet.<br \/><strong>Anm:<\/strong> Nettotal \u00e4r andelen f\u00f6retag som planerar att h\u00f6ja sina priser minus andelen som planerar att s\u00e4nka dem.<\/p>\n<p>Priserna p\u00e5 de tj\u00e4nster som s\u00e4ljs direkt till konsumenter i Sverige \u00f6kar betydligt snabbare \u00e4n priserna p\u00e5 alla tj\u00e4nster. I november steg konsumentpriserna p\u00e5 tj\u00e4nster med 3,3 procent, vilket var 0,3 procentenheter l\u00e5ngsammare \u00e4n i oktober. \u00d6kande boende\u00adkostnader \u00e4r den viktigaste f\u00f6rklaringen till h\u00f6jda tj\u00e4nstepriser men en allt st\u00f6rre del beror p\u00e5 stigande kostnader f\u00f6r bil och andra transporter.<\/p>\n<p><strong>Tabell 9:<\/strong><strong> <strong><strong><strong><strong><strong>\u00d6kning av priserna p\u00e5 tj\u00e4nster i KPI september till november 2025, \u00e5rstakt<\/strong><\/strong><\/strong><\/strong><\/strong><\/strong><\/p>\n<p><img loading=\"lazy\" decoding=\"async\" width=\"1196\" height=\"474\" src=\"https:\/\/www.europesays.com\/se\/wp-content\/uploads\/2025\/12\/Skarmavbild-2025-12-11-kl.-5.39.54-em.png\" alt=\"\" class=\"wp-image-84849\" style=\"width:1071px;height:auto\"  \/><br \/><strong>K\u00e4lla:<\/strong> Almega, SCB<br \/><strong>Anm: <\/strong>Bland \u00f6vriga tj\u00e4nster ing\u00e5r; begravning, hemf\u00f6rs\u00e4kring, bank, utbildning, reparation och hush\u00e5llstj\u00e4nster.<\/p>\n<p>De sammanv\u00e4gda pris\u00f6kningarna p\u00e5 b\u00e5de varor och tj\u00e4nster \u00e4r l\u00e4gre. R\u00e4knar man bort effekten av s\u00e4nkta r\u00e4ntor (KPIF) var inflations\u00adtakten 2,3 procent i november. Den h\u00f6ga pris\u00f6kningstakten beror fr\u00e4mst p\u00e5 h\u00f6jda priser p\u00e5 livsmedel det senaste \u00e5ret. R\u00e4ntes\u00e4nkningarna det senaste \u00e5ret inneb\u00e4r dock att inflationen enligt KPI i november stannade p\u00e5 0,3 procent i \u00e5rstakt.26<\/p>\n<p>Almegas tj\u00e4nsteindikator har tagits fram av Almega fr\u00e5n och med \u00e5r 2001 f\u00f6r att ge en indikation om vart konjunkturen i den privata tj\u00e4nstesektorn \u00e4r p\u00e5 v\u00e4g p\u00e5 kort sikt.27 Indikatorn ger information f\u00f6r att tidigt kunna f\u00f6rutsp\u00e5 v\u00e4ndpunkter i konjunkturen, inom b\u00e5de tj\u00e4nstesektorn och Sveriges ekonomi, eftersom den privata tj\u00e4nstesektorn svarar f\u00f6r 52 procent av Sveriges BNP.<\/p>\n<p>Almegas tj\u00e4nsteindikator t\u00e4cker in cirka 90 procent av den privata tj\u00e4nste\u00adsektorns f\u00f6r\u00e4d\u00adlings\u00adv\u00e4rde och drygt 80 procent av dess syssels\u00e4ttning.28 Indikatorn bygger p\u00e5 en skattning av sambandet mellan tj\u00e4nstef\u00f6retagens svar i Konjunkturinstitutets konjunkturbarometer och utfallet f\u00f6r produk\u00adtionstillv\u00e4xten i den privata tj\u00e4nste\u00adsektorn enligt SCB:s tj\u00e4nste\u00adproduk\u00adtions\u00ad\u00adindex. Skattningen utg\u00e5r fr\u00e5n sambandet mellan bland annat f\u00f6retagens f\u00f6rv\u00e4ntningar om det kommande kvartalets efterfr\u00e5ge- och produktions\u00adutveckling och den faktiska utvecklingen av tj\u00e4nste\u00adproduktionen per kvartal enligt Statistiska Centralbyr\u00e5ns (SCB) tj\u00e4nsteproduktions\u00adindex.<\/p>\n<p>Tj\u00e4nsteindikatorn \u00e4r ber\u00e4knad i indexform d\u00e4r v\u00e4rdet 100 anger genomsnittet f\u00f6r den period som den bygger p\u00e5 (skattningen \u00e4r gjord p\u00e5 data fr\u00e5n och med \u00e5r 2005). Indexv\u00e4rden \u00f6ver 100 anger en h\u00f6gre tillv\u00e4xt \u00e4n det historiska genomsnittet och index under 100 p\u00e5 det motsatta. Indikatorn anger ocks\u00e5 om tillv\u00e4xten kan f\u00f6rv\u00e4ntas \u00f6ka, vara of\u00f6r\u00e4ndrad eller minska under det n\u00e4rmaste kvartalet. Indikatorn \u00e4r ledande och ligger tv\u00e5 till tre m\u00e5nader f\u00f6re publiceringen av det faktiska utfallet fr\u00e5n SCB.<\/p>\n<p>Almegas arbetsmarknadsindikator bygger p\u00e5 ett skattat samband mellan svar fr\u00e5n tj\u00e4nste\u00adf\u00f6retagen i Konjunkturinstitutets konjunkturbarometer och den privata tj\u00e4nstesektorns syssels\u00e4ttningsf\u00f6r\u00e4ndring enligt SCB:s statistik \u00f6ver anst\u00e4llningar. Arbetsmark\u00adnads\u00adindikatorn bygger dessutom p\u00e5 uppgifter om rekryteringsgraden i tj\u00e4nstesektorn, som h\u00e4mtas fr\u00e5n SCB och uppdateras kvartalsvis. Indexv\u00e4rdet 100 anger det historiska genom\u00adsnittet f\u00f6r indikatorn baserat p\u00e5 det skattade sambandet fr\u00e5n och med \u00e5r 2005.<\/p>\n<p>Prisindikatorn bygger p\u00e5 ett skattat samband mellan svar fr\u00e5n tj\u00e4nste\u00adf\u00f6re\u00adtagen i Konjunkturinstitutets konjunkturbarometer och f\u00f6r\u00e4ndringen av f\u00f6rs\u00e4ljnings\u00adpriserna i den privata tj\u00e4nstesektorns enligt SCB:s tj\u00e4nste\u00adpris\u00adindex. V\u00e4rdet 100 anger den genomsnittliga pris\u00f6kningstakten sedan 2006.<\/p>\n<ol class=\"wp-block-list\">\n<li>SCB, nationalr\u00e4kenskaper. <a href=\"https:\/\/www.scb.se\/hitta-statistik\/statistik-efter-amne\/nationalrakenskaper\/nationalrakenskaper\/nationalrakenskaper-kvartals-och-arsberakningar\/pong\/statistiknyhet\/nationalrakenskaper-3e-kvartalet-2025\/\" rel=\"nofollow noopener\" target=\"_blank\">BNP \u00f6kade tredje kvartalet 2025<\/a><\/li>\n<li>I \u00e5r har kronan \u00f6kat med sju procent i v\u00e4rde mot KIX-index \u2013 ett v\u00e4gt genomsnitt av valutorna hos Sveriges viktigaste handelspartners. Det tredje kvartalet var varuexporten 1,1 procent l\u00e4gre i l\u00f6pande priser \u00e4n ett \u00e5r tidigare.<a href=\"https:\/\/www.statistikdatabasen.scb.se\/pxweb\/sv\/ssd\/START__HA__HA0202\/HA0202TjanstHKvN\/\" rel=\"nofollow noopener\" target=\"_blank\">Tj\u00e4nstehandel i miljoner kronor, export och import efter tj\u00e4nsteslag. Kvartal 1982K1 \u2013 2025K2. PxWeb<\/a><\/li>\n<li>Utrikeshandel med tj\u00e4nster. <a href=\"https:\/\/www.statistikdatabasen.scb.se\/pxweb\/sv\/ssd\/START__HA__HA0202\/HA0202TjanstHKvN\/\" rel=\"nofollow noopener\" target=\"_blank\">Tj\u00e4nstehandel i miljoner kronor, export och import efter tj\u00e4nsteslag. Kvartal 1982K1 \u2013 2025K3. PxWeb<\/a><\/li>\n<li>Enligt Byggf\u00f6retagen v\u00e4ntas bostadsbyggandet \u00f6ka med en procent i \u00e5r och ytterligare fem procent 2026. Lokalbyggandet v\u00e4ntas d\u00e4remot minska n\u00e5got 2026. <a href=\"https:\/\/byggforetagen.se\/app\/uploads\/2025\/10\/Byggkonjunkturen2_2025.pdf\" rel=\"nofollow noopener\" target=\"_blank\">Byggkonjunkturen2_2025.pdf<\/a><\/li>\n<li>Ink\u00f6pschefsindex privata tj\u00e4nstesektorn. <a href=\"https:\/\/www.silf.se\/medlem-i-silf\/pmi-inkopschefsindex\/\" rel=\"nofollow noopener\" target=\"_blank\">PMI \u2013 Ink\u00f6pschefsindex \u2013 konjunkturm\u00e4tare<\/a><\/li>\n<li>SCB, utrikeshandel med tj\u00e4nster. <a href=\"https:\/\/www.statistikdatabasen.scb.se\/pxweb\/sv\/ssd\/START__HA__HA0202\/HA0202TjanstHKvN\/\" rel=\"nofollow noopener\" target=\"_blank\">https:\/\/www.statistikdatabasen.scb.se\/pxweb\/sv\/ssd\/START__HA__HA0202\/HA0202TjanstHKvN\/<\/a><\/li>\n<li>SCB, Exportprisindex. Informations- och kommunikationstj\u00e4nster. <a href=\"https:\/\/www.statistikdatabasen.scb.se\/pxweb\/sv\/ssd\/START__PR__PR0301__PR0301L\/TPI2020K\/table\/tableViewLayout1\/\" rel=\"nofollow noopener\" target=\"_blank\">Exportprisindex (EXPI), 2020=100 efter produktgrupp SPIN 2015 och kvartal. PxWeb<\/a><\/li>\n<li>SCB, utrikeshandel med tj\u00e4nster. <a href=\"https:\/\/www.statistikdatabasen.scb.se\/pxweb\/sv\/ssd\/START__HA__HA0202\/HA0202TjanstHKvN\/\" rel=\"nofollow noopener\" target=\"_blank\">https:\/\/www.statistikdatabasen.scb.se\/pxweb\/sv\/ssd\/START__HA__HA0202\/HA0202TjanstHKvN\/<\/a> Exportpriserna p\u00e5 tj\u00e4nster inom juridik, ekonomi, vetenskap, teknik med mera \u00f6kade med 2,0 procent i \u00e5rstakt det tredje kvartalet. SCB, exportprisindex tj\u00e4nster. <a href=\"https:\/\/www.statistikdatabasen.scb.se\/pxweb\/sv\/ssd\/START__PR__PR0301__PR0301L\/TPI2020K\/table\/tableViewLayout1\/\" rel=\"nofollow noopener\" target=\"_blank\">Exportprisindex (EXPI), 2020=100 efter produktgrupp SPIN 2015 och kvartal. PxWeb<\/a><\/li>\n<li>Almega Kompetensf\u00f6retagen, kvartalsrapport Q3 2025. <a href=\"https:\/\/www.kompetensforetagen.se\/app\/uploads\/sites\/5\/2025\/12\/Q3_2025_slutgiltig.pdf\" rel=\"nofollow noopener\" target=\"_blank\">Q3_2025_slutgiltig.pdf<\/a> Priserna inom uthyrning och st\u00f6dtj\u00e4nster har \u00f6kat med 4,0 procent det senaste \u00e5ret (se tabell 7) .<\/li>\n<li>SCB, tj\u00e4nsteproduktionsindex.<\/li>\n<li>Konjunkturinstitutet. <a href=\"https:\/\/statistik.konj.se\/PxWeb\/pxweb\/sv\/KonjBar\/KonjBar__hushall\/indikatorhus.px\/\" rel=\"nofollow noopener\" target=\"_blank\">Hush\u00e5llsindikatorer \u2013 m\u00e5nad efter Indikator, Grupp och Period. Statistikdatabasen<\/a><\/li>\n<li>ISCB, hush\u00e5llens konsumtionsutgifter efter \u00e4ndam\u00e5l. <a href=\"https:\/\/www.statistikdatabasen.scb.se\/pxweb\/sv\/ssd\/START__NR__NR0103__NR0103A\/NR0103ENS2010T02KvN\/\" rel=\"nofollow noopener\" target=\"_blank\">https:\/\/www.statistikdatabasen.scb.se\/pxweb\/sv\/ssd\/START__NR__NR0103__NR0103A\/NR0103ENS2010T02KvN\/<\/a><\/li>\n<li>SCB, tj\u00e4nsteproduktionsindex.<\/li>\n<li>Antalet nyregistrerade bilar \u00f6kade med drygt tre procent under samma period. SCB, tj\u00e4nsteproduktionsindex samt Mobility Sweden, <a href=\"https:\/\/mobilitysweden.se\/statistik\/Tidsserier\" rel=\"nofollow noopener\" target=\"_blank\">Tidsserier nyregistreringsstatistik Mobility Sweden<\/a>.<\/li>\n<li>Inom kultur, n\u00f6je och fritid ing\u00e5r bland annat museer, teatrar, sport\u00adanl\u00e4ggningar och gym. I annan service ing\u00e5r bland annat reparationer, tv\u00e4tterier och fris\u00f6rer.\u00a0<\/li>\n<li>SCB, Tj\u00e4nsteproduktionsindex.<\/li>\n<li>SCB, Tj\u00e4nsteproduktionsindex.<\/li>\n<li>SCB, Nationalr\u00e4kenskaper.<\/li>\n<li>Tillv\u00e4xtanalys. <a href=\"https:\/\/statistik.tillvaxtanalys.se\/PxWeb\/pxweb\/sv\/Tillv%c3%a4xtanalys%20statistikdatabas\/Tillv%c3%a4xtanalys%20statistikdatabas__Konkurser%20och%20offentliga%20ackord\/konk_ar_lan_bransch_2009.px\/table\/tableViewLayout2\/\" rel=\"nofollow noopener\" target=\"_blank\">Konkurser och anst\u00e4llda ber\u00f6rda av konkurs 1996- efter \u00e5r, l\u00e4n, bransch och variabel. PxWeb (tillvaxtanalys.se)<\/a><\/li>\n<li>Det tredje kvartalet var antalet anst\u00e4llda i den privata tj\u00e4nstesektorn som arbetat h\u00f6gst sex m\u00e5nader p\u00e5 sitt nuvarande jobb 4\u00a0400 fler \u00e4n ett \u00e5r tidigare. Antalet personer som varit anst\u00e4llda l\u00e4ngre \u00e4n sex m\u00e5nader var 8\u00a0000 fler.<\/li>\n<li>Konjunkturinstitutets m\u00e5nadsbarometrar. <a href=\"https:\/\/statistik.konj.se\/PXWeb\/pxweb\/sv\/KonjBar\" rel=\"nofollow noopener\" target=\"_blank\">Statistikdatabasen \u2013 v\u00e4lj tabell (konj.se)<\/a><\/li>\n<li>SCB, AKU. <a href=\"https:\/\/www.scb.se\/hitta-statistik\/statistik-efter-amne\/arbetsmarknad\/utbud-av-arbetskraft\/arbetskraftsundersokningarna-aku\/pong\/statistiknyhet\/arbetskraftsundersokningarna-aku-november-2025\/\" rel=\"nofollow noopener\" target=\"_blank\">Fler sysselsatta men fortsatt h\u00f6gre niv\u00e5 p\u00e5 arbetsl\u00f6sheten<\/a> Av de arbetsl\u00f6sa var dock 151\u00a0000 heltidsstuderande som s\u00f6kte arbete.<\/li>\n<li>Arbetsf\u00f6rmedlingens, m\u00e5nadsstatistik. <a href=\"https:\/\/statistik.arbetsformedlingen.se\/extensions\/Manadsstatistik_sid1\/Manadsstatistik_sid1.html\" rel=\"nofollow noopener\" target=\"_blank\">M\u00e5nadsstatistik (arbetsformedlingen.se)<\/a><\/li>\n<li>Arbetsf\u00f6rmedlingen, varselstatistik <a href=\"https:\/\/arbetsformedlingen.se\/statistik\/statistik-om-varsel\" rel=\"nofollow noopener\" target=\"_blank\">Statistik \u2013 Arbetsf\u00f6rmedlingen (arbetsformedlingen.se)<\/a><\/li>\n<li>Almegajouren statistik, november 2025.<\/li>\n<li><a href=\"https:\/\/www.scb.se\/hitta-statistik\/statistik-efter-amne\/priser-och-ekonomiska-tendenser\/priser\/konsumentprisindex-kpi\/pong\/statistiknyhet\/konsumentprisindex-kpi-november-2025\/\" rel=\"nofollow noopener\" target=\"_blank\">Inflationstakten enligt KPI var 0,3 procent i november 2025<\/a><\/li>\n<li>Almegas tj\u00e4nsteindikator togs fram 2001 av Owe Danemar, Almegas d\u00e5varande chefekonom.<\/li>\n<li>De tj\u00e4nstebranscher som saknas i KI-barometern \u00e4r utbildning, h\u00e4lso- och sjukv\u00e5rd, kultur, n\u00f6je och fritid samt samh\u00e4lleliga och hush\u00e5llsn\u00e4ra tj\u00e4nster inom n\u00e4ringslivet.<\/li>\n<\/ol>\n","protected":false},"excerpt":{"rendered":"Rapporten finns i sin helhet p\u00e5 denna sida men kan ocks\u00e5 h\u00e4mtas som pdf-fil. Almegas tj\u00e4nsteindikator \u00e4r en&hellip;\n","protected":false},"author":2,"featured_media":107355,"comment_status":"","ping_status":"","sticky":false,"template":"","format":"standard","meta":{"footnotes":""},"categories":[65],"tags":[72,70,71,34,31,33,32,30],"class_list":{"0":"post-107354","1":"post","2":"type-post","3":"status-publish","4":"format-standard","5":"has-post-thumbnail","7":"category-ekonomi","8":"tag-business","9":"tag-economy","10":"tag-ekonomi","11":"tag-se","12":"tag-svenska","13":"tag-sverige","14":"tag-sweden","15":"tag-swedish"},"share_on_mastodon":{"url":"https:\/\/pubeurope.com\/@se\/115727429049331013","error":""},"_links":{"self":[{"href":"https:\/\/www.europesays.com\/se\/wp-json\/wp\/v2\/posts\/107354","targetHints":{"allow":["GET"]}}],"collection":[{"href":"https:\/\/www.europesays.com\/se\/wp-json\/wp\/v2\/posts"}],"about":[{"href":"https:\/\/www.europesays.com\/se\/wp-json\/wp\/v2\/types\/post"}],"author":[{"embeddable":true,"href":"https:\/\/www.europesays.com\/se\/wp-json\/wp\/v2\/users\/2"}],"replies":[{"embeddable":true,"href":"https:\/\/www.europesays.com\/se\/wp-json\/wp\/v2\/comments?post=107354"}],"version-history":[{"count":0,"href":"https:\/\/www.europesays.com\/se\/wp-json\/wp\/v2\/posts\/107354\/revisions"}],"wp:featuredmedia":[{"embeddable":true,"href":"https:\/\/www.europesays.com\/se\/wp-json\/wp\/v2\/media\/107355"}],"wp:attachment":[{"href":"https:\/\/www.europesays.com\/se\/wp-json\/wp\/v2\/media?parent=107354"}],"wp:term":[{"taxonomy":"category","embeddable":true,"href":"https:\/\/www.europesays.com\/se\/wp-json\/wp\/v2\/categories?post=107354"},{"taxonomy":"post_tag","embeddable":true,"href":"https:\/\/www.europesays.com\/se\/wp-json\/wp\/v2\/tags?post=107354"}],"curies":[{"name":"wp","href":"https:\/\/api.w.org\/{rel}","templated":true}]}}