{"id":107356,"date":"2025-12-16T04:47:10","date_gmt":"2025-12-16T04:47:10","guid":{"rendered":"https:\/\/www.europesays.com\/se\/107356\/"},"modified":"2025-12-16T04:47:10","modified_gmt":"2025-12-16T04:47:10","slug":"uttern-och-havsornen-lamnar-slus-rodlista","status":"publish","type":"post","link":"https:\/\/www.europesays.com\/se\/107356\/","title":{"rendered":"Uttern och havs\u00f6rnen l\u00e4mnar SLU:s r\u00f6dlista"},"content":{"rendered":"<p>&#8221;\u00c5tg\u00e4rder som inleddes p\u00e5 sextio- och sjuttiotalet har nu till slut lett till att utter kan klassas som livskraftig\u201d, s\u00e4ger Henrik Thurfjell fr\u00e5n SLU Artdatabanken i ett pressmeddelande.<\/p>\n<p>Men det finns fortfarande tveksamheter kring utterns fortplantning. H\u00f6ga halter milj\u00f6gifter har uppm\u00e4tts i uttrar och \u00e4n vet man inte vad det inneb\u00e4r f\u00f6r artens utveckling.<\/p>\n<p>F\u00f6r andra arter g\u00e5r det s\u00e4mre. Bland annat \u00e4r \u00e5len fortfarande akut hotad. Sill, lax och \u00f6ring \u00e4r nykomlingar p\u00e5 listan och bed\u00f6ms alla som n\u00e4ra hotad.<\/p>\n<p>Relativt vanliga fj\u00e4rilsarter blir r\u00f6dlistade utifr\u00e5n minskningstakt.<\/p>\n<p>Sveriges r\u00f6dlista \u00e4r en sammanst\u00e4llning av enskilda arters risk att d\u00f6 ut och tas fram av SLU Artdatabanken tillsammans med ett hundratal experter. <\/p>\n","protected":false},"excerpt":{"rendered":"&#8221;\u00c5tg\u00e4rder som inleddes p\u00e5 sextio- och sjuttiotalet har nu till slut lett till att utter kan klassas som&hellip;\n","protected":false},"author":2,"featured_media":107357,"comment_status":"","ping_status":"","sticky":false,"template":"","format":"standard","meta":{"footnotes":""},"categories":[12],"tags":[22,23,26,27,17,21,24,25,28,29,15,16,18,34,31,33,32,30,19,20],"class_list":{"0":"post-107356","1":"post","2":"type-post","3":"status-publish","4":"format-standard","5":"has-post-thumbnail","7":"category-sverige","8":"tag-breaking-news","9":"tag-breakingnews","10":"tag-featured-news","11":"tag-featurednews","12":"tag-headlines","13":"tag-huvudnyheter","14":"tag-latest-news","15":"tag-latestnews","16":"tag-main-news","17":"tag-mainnews","18":"tag-news","19":"tag-nyheter","20":"tag-rubriker","21":"tag-se","22":"tag-svenska","23":"tag-sverige","24":"tag-sweden","25":"tag-swedish","26":"tag-top-stories","27":"tag-topstories"},"share_on_mastodon":{"url":"https:\/\/pubeurope.com\/@se\/115727436573019518","error":""},"_links":{"self":[{"href":"https:\/\/www.europesays.com\/se\/wp-json\/wp\/v2\/posts\/107356","targetHints":{"allow":["GET"]}}],"collection":[{"href":"https:\/\/www.europesays.com\/se\/wp-json\/wp\/v2\/posts"}],"about":[{"href":"https:\/\/www.europesays.com\/se\/wp-json\/wp\/v2\/types\/post"}],"author":[{"embeddable":true,"href":"https:\/\/www.europesays.com\/se\/wp-json\/wp\/v2\/users\/2"}],"replies":[{"embeddable":true,"href":"https:\/\/www.europesays.com\/se\/wp-json\/wp\/v2\/comments?post=107356"}],"version-history":[{"count":0,"href":"https:\/\/www.europesays.com\/se\/wp-json\/wp\/v2\/posts\/107356\/revisions"}],"wp:featuredmedia":[{"embeddable":true,"href":"https:\/\/www.europesays.com\/se\/wp-json\/wp\/v2\/media\/107357"}],"wp:attachment":[{"href":"https:\/\/www.europesays.com\/se\/wp-json\/wp\/v2\/media?parent=107356"}],"wp:term":[{"taxonomy":"category","embeddable":true,"href":"https:\/\/www.europesays.com\/se\/wp-json\/wp\/v2\/categories?post=107356"},{"taxonomy":"post_tag","embeddable":true,"href":"https:\/\/www.europesays.com\/se\/wp-json\/wp\/v2\/tags?post=107356"}],"curies":[{"name":"wp","href":"https:\/\/api.w.org\/{rel}","templated":true}]}}