{"id":107358,"date":"2025-12-16T04:54:09","date_gmt":"2025-12-16T04:54:09","guid":{"rendered":"https:\/\/www.europesays.com\/se\/107358\/"},"modified":"2025-12-16T04:54:09","modified_gmt":"2025-12-16T04:54:09","slug":"turist-forsvann-nyavandningen-efter-tva-ar","status":"publish","type":"post","link":"https:\/\/www.europesays.com\/se\/107358\/","title":{"rendered":"Turist f\u00f6rsvann \u2013 nya\nv\u00e4ndningen efter tv\u00e5 \u00e5r"},"content":{"rendered":"<p>Publicerad 16 dec 2025 kl 03.42Uppdaterad kl 03.50<\/p>\n<p>Turisten Celine Cremer f\u00f6rsvann i Australien.<\/p>\n<p>Nu har man gjort ett fynd som kan l\u00f6sa mysteriet om vad som h\u00e4nde den 31-\u00e5riga belgiskan.<\/p>\n<p>\u2013 Det var mycket k\u00e4nslor och stor upprymdhet, s\u00e4ger Rob Parsons, som var med i s\u00f6kgruppen, till <a href=\"https:\/\/www.abc.net.au\/news\/2025-12-15\/celine-cremer-search-phone-philosopher-falls\/106141414\" rel=\"nofollow noopener\" target=\"_blank\">ABC News<\/a>.<\/p>\n<p>Senaste nyhetsklippen fr\u00e5n Expressen.<img   alt=\"\"\/><\/p>\n<p>C\u00e9line Cremer.<\/p>\n<p>Foto: Polisen<\/p>\n<p>\u00d6ppna bild i helsk\u00e4rm<img loading=\"lazy\"   alt=\"\"\/><\/p>\n<p>Polisen s\u00f6kte efter Celine Cremer i juli.<\/p>\n<p>Foto: Polisen<\/p>\n<p>\u00d6ppna bild i helsk\u00e4rm<\/p>\n<p>Senaste g\u00e5ngen n\u00e5gon s\u00e5g 31-\u00e5riga Celine Cremer fr\u00e5n Belgien var den 17 juni 2023. Nio dagar senare anm\u00e4ldes hon som f\u00f6rsvunnen av v\u00e4nnerna. Man fann hennes bil i ett omr\u00e5de vid vattenfallet Philosopher Falls, men Celine har aldrig hittats.<\/p>\n<p>I helgen genomf\u00f6rde Celines v\u00e4nner och familj en egen s\u00f6kinsats i helgen i omr\u00e5det d\u00e4r hon f\u00f6rsvann n\u00e4r hon var ute och vandrade. Trots att omr\u00e5det tidigare genoms\u00f6kts av polisen hittade gruppen, som bestod av 35 personer, en mobiltelefon som nu har bekr\u00e4ftats tillh\u00f6ra Celine.<\/p>\n<p>\u2013 Jag tror inte att det fanns ett enda torrt \u00f6ga. Alla var s\u00e5 k\u00e4nslosamma. Allting byggdes upp till den punkt d\u00e4r hennes v\u00e4nner kunde vara h\u00e4r f\u00f6r uppt\u00e4ckten. Det k\u00e4ndes som om det var menat att det skulle ske, s\u00e4ger Rob Parsons som var med i s\u00f6kgruppen.<\/p>\n<p><img loading=\"lazy\"   alt=\"\"\/><\/p>\n<p>Celine Cremers mobiltelefon.<\/p>\n<p>Foto: Facebook<\/p>\n<p>\u00d6ppna bild i helsk\u00e4rmMamman: \u201dNi \u00e4r fantastiska\u201d<\/p>\n<p>N\u00e4r Celines mamma Ariane fick h\u00f6ra om fyndet skickade hon f\u00f6ljande meddelande till s\u00f6kgruppen:<\/p>\n<p>\u201dVi vill uttrycka v\u00e5r tacksamhet till er alla. Ni \u00e4r fantastiska, och ett s\u00e4rskilt omn\u00e4mnande f\u00f6r Tony Hage.\u201d<\/p>\n<p>Det var Hage som hittade Celines telefon.<\/p>\n<p>\u201dHar gett ett visst hopp\u201d<\/p>\n<p>Efter fyndet har nu polisen anslutit till s\u00f6kinsatsen.\u00a0<\/p>\n<p>\u2013 Telefondata s\u00e5v\u00e4l som platsen d\u00e4r den hittades st\u00f6der v\u00e5r teori att Celine, med hj\u00e4lp av en app p\u00e5 sin telefon, kan ha valt att l\u00e4mna Philosopher Falls-stigen n\u00e4r det b\u00f6rjade skymma f\u00f6r att f\u00f6rs\u00f6ka ta en kortare v\u00e4g tillbaka till sin bil. Vi misst\u00e4nker att hon tappade sin telefon men fortsatte utan den, vilket ledde till att hon blev desorienterad i den t\u00e4ta terr\u00e4ngen, s\u00e4ger Andrew Hanson vid polisen.<\/p>\n<p>Det \u00e4r fortfarande \u201dett mycket stort omr\u00e5de\u201d som man har kvar att genoms\u00f6ka, enligt Hanson. Polisen har varit tydlig med att man bed\u00f6mer att Celine inte kan ha \u00f6verlevt baserat p\u00e5 v\u00e4derf\u00f6rh\u00e5llandena vid tidpunkten n\u00e4r hon f\u00f6rsvann.<\/p>\n<p>\u2013 \u00c4ven om upphittandet av hennes telefon har gett ett visst hopp f\u00f6r alla m\u00e4nniskor som engagerat sig i den h\u00e4r saken \u00e4r det en skarp p\u00e5minnelse om tragedin av f\u00f6rlusten f\u00f6r Celines n\u00e4ra och k\u00e4ra, s\u00e4ger Hanson.<\/p>\n","protected":false},"excerpt":{"rendered":"Publicerad 16 dec 2025 kl 03.42Uppdaterad kl 03.50 Turisten Celine Cremer f\u00f6rsvann i Australien. Nu har man gjort&hellip;\n","protected":false},"author":2,"featured_media":107359,"comment_status":"","ping_status":"","sticky":false,"template":"","format":"standard","meta":{"footnotes":""},"categories":[14],"tags":[22,23,26,27,17,21,24,25,1995,28,29,15,16,18,34,55,31,33,32,30,19,20,51,52,53,54],"class_list":{"0":"post-107358","1":"post","2":"type-post","3":"status-publish","4":"format-standard","5":"has-post-thumbnail","7":"category-varlden","8":"tag-breaking-news","9":"tag-breakingnews","10":"tag-featured-news","11":"tag-featurednews","12":"tag-headlines","13":"tag-huvudnyheter","14":"tag-latest-news","15":"tag-latestnews","16":"tag-location-australien","17":"tag-main-news","18":"tag-mainnews","19":"tag-news","20":"tag-nyheter","21":"tag-rubriker","22":"tag-se","23":"tag-sections-varlden","24":"tag-svenska","25":"tag-sverige","26":"tag-sweden","27":"tag-swedish","28":"tag-top-stories","29":"tag-topstories","30":"tag-varlden","31":"tag-world","32":"tag-world-news","33":"tag-worldnews"},"share_on_mastodon":{"url":"https:\/\/pubeurope.com\/@se\/115727464200276389","error":""},"_links":{"self":[{"href":"https:\/\/www.europesays.com\/se\/wp-json\/wp\/v2\/posts\/107358","targetHints":{"allow":["GET"]}}],"collection":[{"href":"https:\/\/www.europesays.com\/se\/wp-json\/wp\/v2\/posts"}],"about":[{"href":"https:\/\/www.europesays.com\/se\/wp-json\/wp\/v2\/types\/post"}],"author":[{"embeddable":true,"href":"https:\/\/www.europesays.com\/se\/wp-json\/wp\/v2\/users\/2"}],"replies":[{"embeddable":true,"href":"https:\/\/www.europesays.com\/se\/wp-json\/wp\/v2\/comments?post=107358"}],"version-history":[{"count":0,"href":"https:\/\/www.europesays.com\/se\/wp-json\/wp\/v2\/posts\/107358\/revisions"}],"wp:featuredmedia":[{"embeddable":true,"href":"https:\/\/www.europesays.com\/se\/wp-json\/wp\/v2\/media\/107359"}],"wp:attachment":[{"href":"https:\/\/www.europesays.com\/se\/wp-json\/wp\/v2\/media?parent=107358"}],"wp:term":[{"taxonomy":"category","embeddable":true,"href":"https:\/\/www.europesays.com\/se\/wp-json\/wp\/v2\/categories?post=107358"},{"taxonomy":"post_tag","embeddable":true,"href":"https:\/\/www.europesays.com\/se\/wp-json\/wp\/v2\/tags?post=107358"}],"curies":[{"name":"wp","href":"https:\/\/api.w.org\/{rel}","templated":true}]}}