{"id":107362,"date":"2025-12-16T04:56:07","date_gmt":"2025-12-16T04:56:07","guid":{"rendered":"https:\/\/www.europesays.com\/se\/107362\/"},"modified":"2025-12-16T04:56:07","modified_gmt":"2025-12-16T04:56:07","slug":"fa-jobbar-mer-trots-hojd-pensionsalder","status":"publish","type":"post","link":"https:\/\/www.europesays.com\/se\/107362\/","title":{"rendered":"F\u00e5 jobbar mer trots h\u00f6jd pensions\u00e5lder"},"content":{"rendered":"<p class=\"ingress\">&#13;<br \/>\n\t\t\t\t\t\t\t\t\t\t\tF\u00e4rre g\u00e5r i pension men f\u00e5 jobbar mer. Det \u00e4r f\u00f6ljden av \u00e5ldersh\u00f6jningarna i pensionssystemet.\t\t\t\t\t\t\t\t\t\t<\/p>\n<p>&#13;<br \/>\n\t\t\t\t\t\t\t\t\t\t\t\t\t\tJan Arleij\t\t\t\t\t\t\t\t\t\t\t\t\t<\/p>\n<p>&#13;<br \/>\n\t\t\t\t\t\t\t\t\t\t\t\t\t\tPublicerad 2025-12-16&#13;\n\t\t\t\t\t\t\t\t\t\t\t\t\t<\/p>\n<p>Det konstaterar Inspektionen f\u00f6r socialf\u00f6rs\u00e4kringar (ISF) i en ny analys av effekterna av h\u00f6jda \u00e5ldersgr\u00e4nser f\u00f6r att f\u00e5 pension.<\/p>\n<p>2023 \u00e5rs h\u00f6jda \u00e5ldersgr\u00e4nser har framf\u00f6r allt p\u00e5verkat n\u00e4r \u00e4ldre g\u00e5r i pension \u2013 men bara i mindre utstr\u00e4ckning hur l\u00e4nge de arbetar, skriver ISF i rapporten.<\/p>\n<p>F\u00f6rklaringen: H\u00f6jningen av \u00e5ldersgr\u00e4nsen f\u00f6r grundskyddet, exempelvis garantipension och bostadstill\u00e4gg, har gjort att f\u00e4rre kan ta ut pension vid 65. Men: minskningen h\u00e4nger inte ihop med att man arbetar i st\u00e4llet utan till st\u00f6rsta del p\u00e5 att m\u00e5nga beh\u00e5ller sin sjukers\u00e4ttning ett extra \u00e5r.<\/p>\n<p>Andra system<\/p>\n<p>ISF uppskattar att 11 procentenheter f\u00e4rre tar ut allm\u00e4n pension, medan andelen som arbetar bara har \u00f6kat med omkring 3 procentenheter.<\/p>\n<p>\u2013 En del av skillnaden mellan effekten p\u00e5 pensionsuttag och p\u00e5 arbete beror p\u00e5 att m\u00e5nga tidigare b\u00e5de tog ut pension och jobbade. De forts\u00e4tter jobba i samma utstr\u00e4ckning som tidigare, men kan inte l\u00e4ngre komplettera l\u00f6nen med pension vid 62, s\u00e4ger Andrea Berggren, projektledare f\u00f6r rapporten.<\/p>\n<p>En annan delf\u00f6rklaring \u00e4r allts\u00e5 att fler i st\u00e4llet f\u00f6rs\u00f6rjer sig genom andra trygghetssystem, som sjukpenning och a-kassa.<\/p>\n<p>Svag ekonomi<\/p>\n<p>Om \u00e5ldersgr\u00e4nsen i grundskyddet inte hade h\u00f6jts skulle ungef\u00e4r 15 000 fler ha tagit ut pension vid 65 \u00e5r, skriver ISF i rapporten.<\/p>\n<p>Effekten p\u00e5 arbete \u00e4r allts\u00e5 betydligt mindre \u2013 bara omkring 1 500 fler arbetar vid 65, fr\u00e4mst d\u00e5 personer som redan arbetade tidigare.<\/p>\n<p>\u2013 Det \u00e4r framf\u00f6r allt personer med svag ekonomi och som \u00e4r beroende av grundskyddet som nu f\u00e5r sv\u00e5rare att g\u00e5 i pension vid 65 och d\u00e4rf\u00f6r arbetar l\u00e4ngre, s\u00e4ger Andrea Berggren.<\/p>\n<p>Blir vinnare<\/p>\n<p>Personer med god ekonomi p\u00e5verkas d\u00e4remot mindre och kan ofta g\u00e5 i pension p\u00e5 samma s\u00e4tt som tidigare.<\/p>\n<p>\u2013 F\u00f6r dem med b\u00e5de h\u00f6g intj\u00e4nad pension och sjukers\u00e4ttning kan f\u00f6r\u00e4ndringen till och med inneb\u00e4ra ett extra \u00e5r med pensionsgrundande ers\u00e4ttning, ett uppskjutet pensionsuttag och d\u00e4rmed en h\u00f6gre framtida pension.<\/p>\n<p>Normer p\u00e5verkas<\/p>\n<p>I debatten om h\u00f6jda pensions\u00e5ldrar n\u00e4mns ofta att de kan ha en p\u00e5verkan p\u00e5 normer kring n\u00e4r det \u00e4r l\u00e4mpligt att g\u00e5 i pension.<\/p>\n<p>ISF har d\u00e4rf\u00f6r ocks\u00e5 unders\u00f6kt om h\u00f6jda \u00e5ldersgr\u00e4nser \u00e4ven p\u00e5verkar personer som inte direkt ber\u00f6rs av h\u00f6jningen f\u00f6r att ta del av grundskyddet, genom att analysera om \u00e4ven deras pensionsuttag f\u00f6r\u00e4ndras.<\/p>\n<p>\u2013 I den f\u00f6rsta \u00e5rskullen som omfattades av h\u00f6jningen ser vi ingen s\u00e5dan effekt. D\u00e4remot finns tecken p\u00e5 en gradvis normf\u00f6r\u00e4ndring \u00f6ver tid efter h\u00f6jningen av den l\u00e4gsta \u00e5ldern f\u00f6r att ta ut pension 2020, s\u00e4ger Andrea Berggren.<\/p>\n<p>\t\t\t\t\t\t\t\t\t\t\t&#13;<br \/>\n\t\t\t\t\t\t\tNya \u00e5ldersgr\u00e4nserna\t\t\t\t\t\t<\/p>\n<p><strong>2023<\/strong> genomf\u00f6rdes flera f\u00f6r\u00e4ndringar i pensionssystemet.<\/p>\n<p>Bland annat h\u00f6jdes den <strong>l\u00e4gsta \u00e5ldern f\u00f6r att ta ut allm\u00e4n pension<\/strong> fr\u00e5n 62 till 63 \u00e5r.<\/p>\n<p>\u00c5ldersgr\u00e4nsen f\u00f6r att ta del av <strong>grundskyddet<\/strong> h\u00f6jdes fr\u00e5n 65 till 66 \u00e5r.<\/p>\n<p><strong>ISFs <a href=\"https:\/\/isf.se\/publikationer\/rapporter\/2025\/2025-12-11-effekter-av-hojda-aldersgranser-i-pensionssystemet\" rel=\"nofollow noopener\" target=\"_blank\">rapport<\/a><\/strong> heter \u201dEffekter av h\u00f6jda \u00e5ldersgr\u00e4nser i pensionssystemet. En analys av hur 2023 \u00e5rs nya \u00e5ldersgr\u00e4nser f\u00f6r allm\u00e4n pension, grundskydd och LAS p\u00e5verkar personers f\u00f6rs\u00f6rjning\u201d.<\/p>\n<p>&#13;<br \/>\n\t\t\t\t\t\t\t\t\t\t\t\t\tJan Arleij\t\t\t\t\t\t\t\t\t\t\t\t<\/p>\n<p>&#13;<br \/>\n\t\t\t\t\t\t\t\t\t\t\t\t\tPublicerad 2025-12-16&#13;\n\t\t\t\t\t\t\t\t\t\t\t\t<\/p>\n","protected":false},"excerpt":{"rendered":"&#13; F\u00e4rre g\u00e5r i pension men f\u00e5 jobbar mer. Det \u00e4r f\u00f6ljden av \u00e5ldersh\u00f6jningarna i pensionssystemet. &#13; Jan&hellip;\n","protected":false},"author":2,"featured_media":107363,"comment_status":"","ping_status":"","sticky":false,"template":"","format":"standard","meta":{"footnotes":""},"categories":[5],"tags":[22,23,26,27,17,21,24,25,28,29,15,16,18,34,31,33,32,30,19,20],"class_list":{"0":"post-107362","1":"post","2":"type-post","3":"status-publish","4":"format-standard","5":"has-post-thumbnail","7":"category-rubriker","8":"tag-breaking-news","9":"tag-breakingnews","10":"tag-featured-news","11":"tag-featurednews","12":"tag-headlines","13":"tag-huvudnyheter","14":"tag-latest-news","15":"tag-latestnews","16":"tag-main-news","17":"tag-mainnews","18":"tag-news","19":"tag-nyheter","20":"tag-rubriker","21":"tag-se","22":"tag-svenska","23":"tag-sverige","24":"tag-sweden","25":"tag-swedish","26":"tag-top-stories","27":"tag-topstories"},"share_on_mastodon":{"url":"https:\/\/pubeurope.com\/@se\/115727471967481951","error":""},"_links":{"self":[{"href":"https:\/\/www.europesays.com\/se\/wp-json\/wp\/v2\/posts\/107362","targetHints":{"allow":["GET"]}}],"collection":[{"href":"https:\/\/www.europesays.com\/se\/wp-json\/wp\/v2\/posts"}],"about":[{"href":"https:\/\/www.europesays.com\/se\/wp-json\/wp\/v2\/types\/post"}],"author":[{"embeddable":true,"href":"https:\/\/www.europesays.com\/se\/wp-json\/wp\/v2\/users\/2"}],"replies":[{"embeddable":true,"href":"https:\/\/www.europesays.com\/se\/wp-json\/wp\/v2\/comments?post=107362"}],"version-history":[{"count":0,"href":"https:\/\/www.europesays.com\/se\/wp-json\/wp\/v2\/posts\/107362\/revisions"}],"wp:featuredmedia":[{"embeddable":true,"href":"https:\/\/www.europesays.com\/se\/wp-json\/wp\/v2\/media\/107363"}],"wp:attachment":[{"href":"https:\/\/www.europesays.com\/se\/wp-json\/wp\/v2\/media?parent=107362"}],"wp:term":[{"taxonomy":"category","embeddable":true,"href":"https:\/\/www.europesays.com\/se\/wp-json\/wp\/v2\/categories?post=107362"},{"taxonomy":"post_tag","embeddable":true,"href":"https:\/\/www.europesays.com\/se\/wp-json\/wp\/v2\/tags?post=107362"}],"curies":[{"name":"wp","href":"https:\/\/api.w.org\/{rel}","templated":true}]}}