{"id":107377,"date":"2025-12-16T05:18:15","date_gmt":"2025-12-16T05:18:15","guid":{"rendered":"https:\/\/www.europesays.com\/se\/107377\/"},"modified":"2025-12-16T05:18:15","modified_gmt":"2025-12-16T05:18:15","slug":"nasdaq-vill-utoka-handeln-till-23-timmar-om-dygnet","status":"publish","type":"post","link":"https:\/\/www.europesays.com\/se\/107377\/","title":{"rendered":"Nasdaq vill ut\u00f6ka handeln till 23 timmar om dygnet"},"content":{"rendered":"<p>Nasdaqb\u00f6rsen i New York \u00e4r p\u00e5 v\u00e4g att ans\u00f6ka hos finansinspektionen SEC om att ut\u00f6ka handeln till 23 timmar om dygnet fem dagar i veckan. Det rapporterar Reuters. Bakgrunden \u00e4r aktiemarknadens globalisering, s\u00e4ger Nordamerikachefen Chuck Mack. <\/p>\n<p>Tanken \u00e4r att dela upp handelsdagen i tv\u00e5 pass. Dagpasset ska inledas klockan 04 och p\u00e5g\u00e5 till 20, New York-tid. D\u00e4refter ska en timsl\u00e5ng paus f\u00f6lja f\u00f6r underh\u00e5ll innan nattpasset inleds klockan 21 och forts\u00e4tter till 04 morgonen efter. Handelsveckan skulle s\u00e5ledes b\u00f6rja klockan 21 p\u00e5 s\u00f6ndagar och avslutas klockan 20 p\u00e5 fredagar. <\/p>\n<p>Samtidigt ska b\u00f6rsdagen fortsatt inneh\u00e5lla f\u00f6r- och efterhandel samt en ordinarie handel mellan 9.30 och 16, precis som i\u202fdag. <\/p>\n<p>F\u00f6r\u00e4ndringen kan ske under andra halvan av 2026, enligt tidigare besked. New York Stock Exchange och Cboe Global Markets smider liknande planer. <\/p>\n<p>Omni \u00e4r politiskt obundna och oberoende. Vi str\u00e4var efter att ge fler perspektiv p\u00e5 nyheterna. Har du fr\u00e5gor eller synpunkter kring v\u00e5r rapportering? <a href=\"https:\/\/omni.se\/nasdaqs-plan-borsen-oppen-fran-sondag-till-fredag-kvall\/a\/mailto:redaktion@omni.se\" class=\"ArticleActions_contactLink__W2F1M\" rel=\"nofollow noopener\" target=\"_blank\">Kontakta redaktionen<\/a><\/p>\n","protected":false},"excerpt":{"rendered":"Nasdaqb\u00f6rsen i New York \u00e4r p\u00e5 v\u00e4g att ans\u00f6ka hos finansinspektionen SEC om att ut\u00f6ka handeln till 23&hellip;\n","protected":false},"author":2,"featured_media":107378,"comment_status":"","ping_status":"","sticky":false,"template":"","format":"standard","meta":{"footnotes":""},"categories":[65],"tags":[72,70,71,6678,34,31,33,32,30,398],"class_list":{"0":"post-107377","1":"post","2":"type-post","3":"status-publish","4":"format-standard","5":"has-post-thumbnail","7":"category-ekonomi","8":"tag-business","9":"tag-economy","10":"tag-ekonomi","11":"tag-new-york","12":"tag-se","13":"tag-svenska","14":"tag-sverige","15":"tag-sweden","16":"tag-swedish","17":"tag-wall-street"},"share_on_mastodon":{"url":"https:\/\/pubeurope.com\/@se\/115727558422383198","error":""},"_links":{"self":[{"href":"https:\/\/www.europesays.com\/se\/wp-json\/wp\/v2\/posts\/107377","targetHints":{"allow":["GET"]}}],"collection":[{"href":"https:\/\/www.europesays.com\/se\/wp-json\/wp\/v2\/posts"}],"about":[{"href":"https:\/\/www.europesays.com\/se\/wp-json\/wp\/v2\/types\/post"}],"author":[{"embeddable":true,"href":"https:\/\/www.europesays.com\/se\/wp-json\/wp\/v2\/users\/2"}],"replies":[{"embeddable":true,"href":"https:\/\/www.europesays.com\/se\/wp-json\/wp\/v2\/comments?post=107377"}],"version-history":[{"count":0,"href":"https:\/\/www.europesays.com\/se\/wp-json\/wp\/v2\/posts\/107377\/revisions"}],"wp:featuredmedia":[{"embeddable":true,"href":"https:\/\/www.europesays.com\/se\/wp-json\/wp\/v2\/media\/107378"}],"wp:attachment":[{"href":"https:\/\/www.europesays.com\/se\/wp-json\/wp\/v2\/media?parent=107377"}],"wp:term":[{"taxonomy":"category","embeddable":true,"href":"https:\/\/www.europesays.com\/se\/wp-json\/wp\/v2\/categories?post=107377"},{"taxonomy":"post_tag","embeddable":true,"href":"https:\/\/www.europesays.com\/se\/wp-json\/wp\/v2\/tags?post=107377"}],"curies":[{"name":"wp","href":"https:\/\/api.w.org\/{rel}","templated":true}]}}