{"id":107391,"date":"2025-12-16T05:29:16","date_gmt":"2025-12-16T05:29:16","guid":{"rendered":"https:\/\/www.europesays.com\/se\/107391\/"},"modified":"2025-12-16T05:29:16","modified_gmt":"2025-12-16T05:29:16","slug":"gor-er-redo-for-krig-soner-och-dottrar","status":"publish","type":"post","link":"https:\/\/www.europesays.com\/se\/107391\/","title":{"rendered":"G\u00f6r er redo f\u00f6r krig, s\u00f6ner och d\u00f6ttrar"},"content":{"rendered":"<p>Publicerad 16 dec 2025 kl 00.50Uppdaterad kl 06.27<\/p>\n<p>Landets \u201ds\u00f6ner och d\u00f6ttrar\u201d m\u00e5ste g\u00f6ra sig redo att strida.<\/p>\n<p>Det s\u00e4ger brittiske f\u00f6rsvarschefen Richard Knighton med anledning av det v\u00e4xande hotet fr\u00e5n Putin.<\/p>\n<p>\u2013 Situationen \u00e4r farligare \u00e4n jag n\u00e5gonsin upplevt under min karri\u00e4r, s\u00e4ger Knighton till <a href=\"https:\/\/news.sky.com\/story\/uks-sons-and-daughters-need-to-be-ready-to-fight-amid-growing-russian-threat-says-head-of-armed-forces-13483860\" rel=\"nofollow noopener\" target=\"_blank\">Sky News<\/a>. \u00a0\u00a0\u00a0\u00a0\u00a0\u00a0\u00a0\u00a0\u00a0\u00a0\u00a0\u00a0\u00a0\u00a0\u00a0\u00a0\u00a0\u00a0\u00a0\u00a0\u00a0\u00a0\u00a0\u00a0\u00a0\u00a0\u00a0\u00a0\u00a0\u00a0\u00a0\u00a0\u00a0\u00a0\u00a0\u00a0\u00a0\u00a0\u00a0\u00a0\u00a0\u00a0\u00a0\u00a0\u00a0\u00a0\u00a0\u00a0\u00a0\u00a0\u00a0\u00a0\u00a0\u00a0\u00a0\u00a0\u00a0\u00a0\u00a0\u00a0\u00a0\u00a0\u00a0\u00a0\u00a0\u00a0\u00a0\u00a0\u00a0\u00a0\u00a0\u00a0\u00a0\u00a0\u00a0\u00a0\u00a0\u00a0\u00a0\u00a0\u00a0\u00a0\u00a0\u00a0\u00a0\u00a0\u00a0\u00a0\u00a0\u00a0\u00a0\u00a0\u00a0\u00a0\u00a0\u00a0\u00a0\u00a0\u00a0\u00a0\u00a0\u00a0\u00a0\u00a0\u00a0\u00a0\u00a0\u00a0\u00a0\u00a0\u00a0\u00a0\u00a0\u00a0\u00a0\u00a0\u00a0\u00a0\u00a0\u00a0\u00a0\u00a0\u00a0\u00a0\u00a0\u00a0\u00a0\u00a0\u00a0\u00a0\u00a0\u00a0\u00a0\u00a0\u00a0\u00a0\u00a0\u00a0\u00a0\u00a0\u00a0\u00a0\u00a0\u00a0\u00a0\u00a0\u00a0\u00a0\u00a0\u00a0\u00a0\u00a0\u00a0\u00a0\u00a0\u00a0\u00a0\u00a0\u00a0\u00a0\u00a0\u00a0\u00a0\u00a0\u00a0\u00a0\u00a0\u00a0\u00a0\u00a0\u00a0\u00a0\u00a0\u00a0\u00a0\u00a0\u00a0\u00a0\u00a0\u00a0\u00a0\u00a0\u00a0\u00a0\u00a0\u00a0\u00a0\u00a0\u00a0\u00a0\u00a0\u00a0\u00a0\u00a0\u00a0\u00a0\u00a0\u00a0\u00a0\u00a0\u00a0\u00a0\u00a0\u00a0\u00a0\u00a0\u00a0\u00a0\u00a0\u00a0\u00a0\u00a0\u00a0\u00a0\u00a0\u00a0\u00a0\u00a0\u00a0\u00a0\u00a0\u00a0\u00a0\u00a0\u00a0\u00a0\u00a0\u00a0\u00a0\u00a0\u00a0\u00a0\u00a0\u00a0\u00a0\u00a0\u00a0\u00a0\u00a0\u00a0\u00a0\u00a0\u00a0\u00a0\u00a0\u00a0\u00a0\u00a0\u00a0\u00a0\u00a0\u00a0\u00a0\u00a0\u00a0\u00a0\u00a0\u00a0\u00a0\u00a0\u00a0\u00a0\u00a0\u00a0\u00a0\u00a0\u00a0\u00a0\u00a0\u00a0\u00a0\u00a0\u00a0\u00a0\u00a0\u00a0\u00a0\u00a0\u00a0\u00a0\u00a0\u00a0\u00a0\u00a0\u00a0\u00a0\u00a0\u00a0\u00a0\u00a0\u00a0\u00a0\u00a0\u00a0\u00a0\u00a0\u00a0\u00a0\u00a0\u00a0\u00a0\u00a0\u00a0\u00a0\u00a0\u00a0\u00a0\u00a0\u00a0\u00a0\u00a0\u00a0\u00a0\u00a0\u00a0\u00a0\u00a0\u00a0\u00a0\u00a0\u00a0\u00a0\u00a0\u00a0\u00a0\u00a0\u00a0\u00a0\u00a0\u00a0\u00a0\u00a0\u00a0\u00a0\u00a0\u00a0\u00a0\u00a0\u00a0\u00a0\u00a0\u00a0\u00a0\u00a0\u00a0\u00a0\u00a0\u00a0\u00a0\u00a0\u00a0\u00a0\u00a0\u00a0\u00a0\u00a0\u00a0\u00a0\u00a0\u00a0\u00a0\u00a0\u00a0\u00a0\u00a0\u00a0<\/p>\n<p>Senaste nyhetsklippen fr\u00e5n Expressen.<img   alt=\"\"\/> <\/p>\n<p>Foto: PAVEL BEDNYAKOV \/ AP TT NYHETSBYR\u00c5N<\/p>\n<p>\u00d6ppna bild i helsk\u00e4rm<img loading=\"lazy\"   alt=\"\"\/> <\/p>\n<p>Foto: AP \/ AP TT NYHETSBYR\u00c5N<\/p>\n<p>\u00d6ppna bild i helsk\u00e4rm<\/p>\n<p>Brittiske f\u00f6rsvarschefen Richard Knighton varnar f\u00f6r att Rysslands milit\u00e4ra styrka \u201d\u00f6kar snabbt\u201d och att det finns en v\u00e4xande risk att Vladimir Putin kan attackera <a href=\"https:\/\/www.expressen.se\/tagg\/location\/storbritannien\/\" class=\"\" rel=\"nofollow noopener\" target=\"_blank\">Storbritannien<\/a>. Han anser att situationen just nu \u00e4r \u201dfarligare \u00e4n jag n\u00e5gonsin har upplevt under min karri\u00e4r\u201d.<\/p>\n<p>\u2013 V\u00e5rt svar m\u00e5ste g\u00e5 ut\u00f6ver att bara st\u00e4rka v\u00e5ra v\u00e4pnade styrkor. Det kr\u00e4vs ett nationellt ingripande som bygger upp v\u00e5r f\u00f6rsvarsindustriella kapacitet, utvecklar de f\u00e4rdigheter vi beh\u00f6ver, utnyttjar kraften hos de institutioner vi kommer att beh\u00f6va i krigstid och s\u00e4kerst\u00e4ller och \u00f6kar samh\u00e4llets motst\u00e5ndskraft och den infrastruktur som st\u00f6der det, s\u00e4ger Knighton.<\/p>\n<p>Han betonar att \u201dpriset f\u00f6r fred stiger\u201d och att hela samh\u00e4llet ocks\u00e5 m\u00e5ste spela en roll i att f\u00f6rsvara landet. Alla m\u00e5ste vara f\u00f6rberedda p\u00e5 \u201den rad verkliga, fysiska hot\u201d.<\/p>\n<p>\u2013 S\u00f6ner och d\u00f6ttrar. Kolleger. Veteraner. Alla kommer att ha en roll att spela. Att bygga. Att tj\u00e4na. Och om n\u00f6dv\u00e4ndigt, att strida. Och fler familjer kommer att veta vad uppoffring f\u00f6r v\u00e5r nation inneb\u00e4r, s\u00e4ger Knighton.<\/p>\n<p><img loading=\"lazy\"   alt=\"\"\/><\/p>\n<p>Brittiske f\u00f6rsvarschefen Richard Knighton.<\/p>\n<p>Foto: Wikimedia<\/p>\n<p>\u00d6ppna bild i helsk\u00e4rm\u201dVill f\u00f6rst\u00f6ra Nato\u201d<\/p>\n<p>Han h\u00e5ller med sin franske motsvarighet, general Fabien Mandon, som f\u00f6rra m\u00e5naden sa att Frankrike m\u00e5ste vara redo f\u00f6r m\u00f6jligheten att \u201df\u00f6rlora sina barn\u201d i ett potentiellt krig med Ryssland.<\/p>\n<p>Han anser att risken f\u00f6r v\u00e4pnad konflikt har \u201df\u00f6rv\u00e4rrats\u201d p\u00e5 senare tid.<\/p>\n<p>\u2013 Vi b\u00f6r inte ha n\u00e5gra illusioner om att Ryssland har en massiv, alltmer tekniskt sofistikerad och nu mycket stridserfaren milit\u00e4r, s\u00e4ger Knighton.<\/p>\n<p>Han h\u00e4vdar att ett av Putins m\u00e5l \u00e4r att \u201dutmana, begr\u00e4nsa, splittra och slutligen f\u00f6rst\u00f6ra Nato\u201d.<\/p>\n","protected":false},"excerpt":{"rendered":"Publicerad 16 dec 2025 kl 00.50Uppdaterad kl 06.27 Landets \u201ds\u00f6ner och d\u00f6ttrar\u201d m\u00e5ste g\u00f6ra sig redo att strida.&hellip;\n","protected":false},"author":2,"featured_media":107392,"comment_status":"","ping_status":"","sticky":false,"template":"","format":"standard","meta":{"footnotes":""},"categories":[5],"tags":[22,23,26,27,17,21,24,25,199,28,29,15,16,203,18,34,55,31,33,32,30,19,60,20],"class_list":{"0":"post-107391","1":"post","2":"type-post","3":"status-publish","4":"format-standard","5":"has-post-thumbnail","7":"category-rubriker","8":"tag-breaking-news","9":"tag-breakingnews","10":"tag-featured-news","11":"tag-featurednews","12":"tag-headlines","13":"tag-huvudnyheter","14":"tag-latest-news","15":"tag-latestnews","16":"tag-location-storbritannien","17":"tag-main-news","18":"tag-mainnews","19":"tag-news","20":"tag-nyheter","21":"tag-person-vladimir-putin","22":"tag-rubriker","23":"tag-se","24":"tag-sections-varlden","25":"tag-svenska","26":"tag-sverige","27":"tag-sweden","28":"tag-swedish","29":"tag-top-stories","30":"tag-topic-krig-konflikt","31":"tag-topstories"},"share_on_mastodon":{"url":"https:\/\/pubeurope.com\/@se\/115727601796125421","error":""},"_links":{"self":[{"href":"https:\/\/www.europesays.com\/se\/wp-json\/wp\/v2\/posts\/107391","targetHints":{"allow":["GET"]}}],"collection":[{"href":"https:\/\/www.europesays.com\/se\/wp-json\/wp\/v2\/posts"}],"about":[{"href":"https:\/\/www.europesays.com\/se\/wp-json\/wp\/v2\/types\/post"}],"author":[{"embeddable":true,"href":"https:\/\/www.europesays.com\/se\/wp-json\/wp\/v2\/users\/2"}],"replies":[{"embeddable":true,"href":"https:\/\/www.europesays.com\/se\/wp-json\/wp\/v2\/comments?post=107391"}],"version-history":[{"count":0,"href":"https:\/\/www.europesays.com\/se\/wp-json\/wp\/v2\/posts\/107391\/revisions"}],"wp:featuredmedia":[{"embeddable":true,"href":"https:\/\/www.europesays.com\/se\/wp-json\/wp\/v2\/media\/107392"}],"wp:attachment":[{"href":"https:\/\/www.europesays.com\/se\/wp-json\/wp\/v2\/media?parent=107391"}],"wp:term":[{"taxonomy":"category","embeddable":true,"href":"https:\/\/www.europesays.com\/se\/wp-json\/wp\/v2\/categories?post=107391"},{"taxonomy":"post_tag","embeddable":true,"href":"https:\/\/www.europesays.com\/se\/wp-json\/wp\/v2\/tags?post=107391"}],"curies":[{"name":"wp","href":"https:\/\/api.w.org\/{rel}","templated":true}]}}