{"id":107405,"date":"2025-12-16T05:40:08","date_gmt":"2025-12-16T05:40:08","guid":{"rendered":"https:\/\/www.europesays.com\/se\/107405\/"},"modified":"2025-12-16T05:40:08","modified_gmt":"2025-12-16T05:40:08","slug":"joakim-lundell-fick-sina-minnen-nar-han-var-31-darfor-kraschade-jag","status":"publish","type":"post","link":"https:\/\/www.europesays.com\/se\/107405\/","title":{"rendered":"Joakim Lundell fick sina minnen n\u00e4r han var 31: \u201dD\u00e4rf\u00f6r kraschade jag\u201d"},"content":{"rendered":"<p>Av Emma Hedlin<br \/>Publicerad 16 december, 06:21. Uppdaterad 16 december, 06:27<\/p>\n<p>I den sista delen av SVT:s granskning av Joakim Lundell s\u00e4ger Youtubeprofilen att hans traumatiska minnen fr\u00e5n barndomen kom f\u00f6rst 2016, n\u00e4r han var 31 \u00e5r gammal. Det s\u00e4ger Lundell i ett samtal han inte vet spelas in.<\/p>\n<p>2016 var \u00e5ret d\u00e5 Lundell fick ut kopior p\u00e5 socialtj\u00e4nstens handlingar. Det var ocks\u00e5 m\u00e5nader innan han b\u00f6rjade skriva sin sj\u00e4lvbiografi \u201dMonster\u201d, d\u00e4r han beskriver hur hans mamma utsatte honom f\u00f6r tortyrliknande misshandel.<\/p>\n<p>\u2013 Det var d\u00e5 mina minnen b\u00f6rjade. D\u00e4rf\u00f6r kraschade jag n\u00e4r jag l\u00e4ste pappren, f\u00f6r det d\u00f6k upp saker jag inte vet var de kom ifr\u00e5n, s\u00e4ger Lundell n\u00e4r han f\u00e5r fr\u00e5gor fr\u00e5n journalisten bakom granskningen.<\/p>\n<p>Lundell har vid flera tillf\u00e4llen sagt att det finns st\u00f6d f\u00f6r hans ber\u00e4ttelse i journaler fr\u00e5n socialtj\u00e4nsten och BUP. SVT:s granskning visar att det inte g\u00f6r det.<\/p>\n<p>Omni \u00e4r politiskt obundna och oberoende. Vi str\u00e4var efter att ge fler perspektiv p\u00e5 nyheterna. Har du fr\u00e5gor eller synpunkter kring v\u00e5r rapportering? <a href=\"https:\/\/omni.se\/joakim-lundell-fick-sina-minnen-nar-han-var-31-darfor-kraschade-jag\/a\/mailto:redaktion@omni.se\" class=\"ArticleActions_contactLink__W2F1M\" rel=\"nofollow noopener\" target=\"_blank\">Kontakta redaktionen<\/a><\/p>\n","protected":false},"excerpt":{"rendered":"Av Emma HedlinPublicerad 16 december, 06:21. Uppdaterad 16 december, 06:27 I den sista delen av SVT:s granskning av&hellip;\n","protected":false},"author":2,"featured_media":107406,"comment_status":"","ping_status":"","sticky":false,"template":"","format":"standard","meta":{"footnotes":""},"categories":[67],"tags":[104,2710,732,34,31,33,32,30,105],"class_list":{"0":"post-107405","1":"post","2":"type-post","3":"status-publish","4":"format-standard","5":"has-post-thumbnail","7":"category-underhallning","8":"tag-entertainment","9":"tag-joakim-lundell","10":"tag-media-reklam","11":"tag-se","12":"tag-svenska","13":"tag-sverige","14":"tag-sweden","15":"tag-swedish","16":"tag-underhallning"},"share_on_mastodon":{"url":"https:\/\/pubeurope.com\/@se\/115727644950807580","error":""},"_links":{"self":[{"href":"https:\/\/www.europesays.com\/se\/wp-json\/wp\/v2\/posts\/107405","targetHints":{"allow":["GET"]}}],"collection":[{"href":"https:\/\/www.europesays.com\/se\/wp-json\/wp\/v2\/posts"}],"about":[{"href":"https:\/\/www.europesays.com\/se\/wp-json\/wp\/v2\/types\/post"}],"author":[{"embeddable":true,"href":"https:\/\/www.europesays.com\/se\/wp-json\/wp\/v2\/users\/2"}],"replies":[{"embeddable":true,"href":"https:\/\/www.europesays.com\/se\/wp-json\/wp\/v2\/comments?post=107405"}],"version-history":[{"count":0,"href":"https:\/\/www.europesays.com\/se\/wp-json\/wp\/v2\/posts\/107405\/revisions"}],"wp:featuredmedia":[{"embeddable":true,"href":"https:\/\/www.europesays.com\/se\/wp-json\/wp\/v2\/media\/107406"}],"wp:attachment":[{"href":"https:\/\/www.europesays.com\/se\/wp-json\/wp\/v2\/media?parent=107405"}],"wp:term":[{"taxonomy":"category","embeddable":true,"href":"https:\/\/www.europesays.com\/se\/wp-json\/wp\/v2\/categories?post=107405"},{"taxonomy":"post_tag","embeddable":true,"href":"https:\/\/www.europesays.com\/se\/wp-json\/wp\/v2\/tags?post=107405"}],"curies":[{"name":"wp","href":"https:\/\/api.w.org\/{rel}","templated":true}]}}