{"id":107414,"date":"2025-12-16T05:48:17","date_gmt":"2025-12-16T05:48:17","guid":{"rendered":"https:\/\/www.europesays.com\/se\/107414\/"},"modified":"2025-12-16T05:48:17","modified_gmt":"2025-12-16T05:48:17","slug":"nyarsklanningar-2025-paljetter-spets-och-sammet","status":"publish","type":"post","link":"https:\/\/www.europesays.com\/se\/107414\/","title":{"rendered":"Ny\u00e5rskl\u00e4nningar 2025 \u2013 paljetter, spets och sammet"},"content":{"rendered":"<p>Publicerad 16 dec 2025 kl 05.00<\/p>\n<p>Paljetter, strass, sammet och spets \u2013 fira in det nya \u00e5ret med stil. Vi har valt ut v\u00e5ra favoritkl\u00e4nningar fr\u00e5n budget till lyx.<\/p>\n<p><img   alt=\"Fixa ny\u00e5rslooken med glitter, paljetter och spets. Vi har valt ut v\u00e5ra favoriter f\u00f6r ny\u00e5rsafton 2025.\"\/><\/p>\n<p>Fixa ny\u00e5rslooken med glitter, paljetter och spets. Vi har valt ut v\u00e5ra favoriter f\u00f6r ny\u00e5rsafton 2025. Foto: Pressbild<\/p>\n<p>Dela artikel<\/p>\n<p>Kopiera l\u00e4nk<\/p>\n<p>L\u00e4nk kopierad<\/p>\n<p>H\u00f6g tid att glittra! Snart \u00e4r det dags f\u00f6r \u00e5rets sista fest, ny\u00e5rsafton och vi har valt ut 16 kl\u00e4nningar som passar alla smaker och pl\u00e5nb\u00f6cker. Fr\u00e5n minikl\u00e4nningar med paljetter till l\u00e5nga, b\u00f6ljande satinkl\u00e4nningar och den lilla svarta. H\u00e4r f\u00e5r du v\u00e5ra utvalda favoriter \u2013 fr\u00e5n budgetk\u00f6pen under 1000 kronor till mer lyx.<\/p>\n<p>BUDGET \u2013 under 1000 kronor1. Paljettkl\u00e4nning, Arket<img loading=\"lazy\"   alt=\"\"\/><\/p>\n<p> Foto: Pressbild<\/p>\n<p>Kort kl\u00e4nning med paljetter, axelvaddar och l\u00e5nga \u00e4rmar.<br \/><strong>ANNONS: <\/strong><a href=\"https:\/\/c.klarna.com\/al\/HmQH\/\" data-click-url=\"https:\/\/c.klarna.com\/al\/HmQH\/\" data-t-type=\"custom-active\" data-t-label=\"https:\/\/c.klarna.com\/al\/HmQH\/\" rel=\"sponsored nofollow noopener\" data-t-category=\"outbound clicks\" class=\"js-ct\" target=\"_blank\"><strong>K\u00f6p h\u00e4r (l\u00e4nk till Arket)<\/strong><\/a><\/p>\n<p>2. Paljettkl\u00e4nning, Lindex<img loading=\"lazy\"   alt=\"\"\/><\/p>\n<p> Foto: Pressbild<\/p>\n<p>Midikl\u00e4nning med glittrande paljetter och liten slits.<br \/><strong>ANNONS: <\/strong><a href=\"https:\/\/adtr.co\/ngkt2q\" data-click-url=\"https:\/\/adtr.co\/ngkt2q\" data-t-type=\"custom-active\" data-t-label=\"https:\/\/adtr.co\/ngkt2q\" rel=\"sponsored nofollow noopener\" data-t-category=\"outbound clicks\" class=\"js-ct\" target=\"_blank\"><strong>K\u00f6p h\u00e4r (l\u00e4nk till Lindex)<\/strong><\/a><\/p>\n<p>3. R\u00f6d kl\u00e4nning, Kappahl<img loading=\"lazy\"   alt=\"\"\/><\/p>\n<p>En l\u00e5ng kl\u00e4nning i mesh med rynkade detaljer och asymmetrisk design nertill som passar lika bra till jul som till ny\u00e5r.<br \/><strong>ANNONS: <\/strong><a href=\"https:\/\/c.klarna.com\/al\/HmQM\/\" data-click-url=\"https:\/\/c.klarna.com\/al\/HmQM\/\" data-t-type=\"custom-active\" data-t-label=\"https:\/\/c.klarna.com\/al\/HmQM\/\" rel=\"sponsored nofollow noopener\" data-t-category=\"outbound clicks\" class=\"js-ct\" target=\"_blank\"><strong>K\u00f6p h\u00e4r (l\u00e4nk till Kappahl)<\/strong><\/a><strong>\u00a0<\/strong><\/p>\n<p>4. Strassprydd kl\u00e4nning, Gina Tricot<img loading=\"lazy\"   alt=\"\"\/><\/p>\n<p> Foto: Pressbild<\/p>\n<p>Strassprydd, brun maxikl\u00e4nning utan \u00e4rmar med transparent kjol och en asymmetrisk design nedtill.<br \/><strong>ANNONS: <\/strong><a href=\"https:\/\/adtr.co\/6z0aqd\" data-click-url=\"https:\/\/adtr.co\/6z0aqd\" data-t-type=\"custom-active\" data-t-label=\"https:\/\/adtr.co\/6z0aqd\" rel=\"sponsored nofollow noopener\" data-t-category=\"outbound clicks\" class=\"js-ct\" target=\"_blank\"><strong>K\u00f6p h\u00e4r (l\u00e4nk till Gina Tricot)<\/strong><\/a><strong>\u00a0<\/strong><\/p>\n<p>5. Guldkl\u00e4nning, H&amp;M<img loading=\"lazy\"   alt=\"\"\/><\/p>\n<p>En snygg kortare kl\u00e4nning med justerbara axelband utst\u00e4lld kjol Finns \u00e4ven som svart med fj\u00e4derlik kjol.<strong><br \/><\/strong><a href=\"https:\/\/www2.hm.com\/sv_se\/productpage.1312278002.html?utm_source=google&amp;utm_medium=cpc&amp;utm_campaign=mk_se|ln_swe|pl_google|ct_sh|bu_ladies|kt_comp|bg_performance|cs_shopv1|adt_all|sp_low|pi_seg06anu3aa214&amp;utm_term=&amp;gad_source=1&amp;gad_campaignid=12886643882&amp;gbraid=0AAAAADvrmzQuso0Orvmt_bakQ8VQDmEBb&amp;gclid=Cj0KCQiAgP_JBhD-ARIsANpEMxwlRJC_DNdnhbgq480VnbkD-kgUmGGS3qDtAGGHG56dn_yzMMTN-UwaAunGEALw_wcB\" data-click-url=\"https:\/\/www2.hm.com\/sv_se\/productpage.1312278002.html?utm_source=google&amp;utm_medium=cpc&amp;utm_campaign=mk_se|ln_swe|pl_google|ct_sh|bu_ladies|kt_comp|bg_performance|cs_shopv1|adt_all|sp_low|pi_seg06anu3aa214&amp;utm_term=&amp;gad_source=1&amp;gad_campaignid=12886643882&amp;gbraid=0AAAAADvrmzQuso0Orvmt_bakQ8VQDmEBb&amp;gclid=Cj0KCQiAgP_JBhD-ARIsANpEMxwlRJC_DNdnhbgq480VnbkD-kgUmGGS3qDtAGGHG56dn_yzMMTN-UwaAunGEALw_wcB\" data-t-type=\"custom-active\" data-t-label=\"https:\/\/www2.hm.com\/sv_se\/productpage.1312278002.html?utm_source=google&amp;utm_medium=cpc&amp;utm_campaign=mk_se|ln_swe|pl_google|ct_sh|bu_ladies|kt_comp|bg_performance|cs_shopv1|adt_all|sp_low|pi_seg06anu3aa214&amp;utm_term=&amp;gad_source=1&amp;gad_campaignid=12886643882&amp;gbraid=0AAAAADvrmzQuso0Orvmt_bakQ8VQDmEBb&amp;gclid=Cj0KCQiAgP_JBhD-ARIsANpEMxwlRJC_DNdnhbgq480VnbkD-kgUmGGS3qDtAGGHG56dn_yzMMTN-UwaAunGEALw_wcB\" rel=\"sponsored nofollow noopener\" data-t-category=\"outbound clicks\" class=\"js-ct\" target=\"_blank\"><strong>S\u00e4lj h\u00e4r (l\u00e4nk till H&amp;M)<\/strong><\/a><\/p>\n<p>6. Maxikl\u00e4nning, Ellos<img loading=\"lazy\"   alt=\"\"\/><\/p>\n<p> Foto: Pressbild<\/p>\n<p>L\u00e5ng, glittrig maxikl\u00e4nning med knytband i midjan.<br \/><strong>ANNONS: <\/strong><a href=\"https:\/\/ellosse.sjv.io\/c\/2440491\/1021212\/13369?u=https%3A%2F%2Fwww.ellos.se%2Fellos-collection%2Fmaxiklanning-i-lurex-med-knytskarp%2F7023623-01\" data-click-url=\"https:\/\/ellosse.sjv.io\/c\/2440491\/1021212\/13369?u=https%3A%2F%2Fwww.ellos.se%2Fellos-collection%2Fmaxiklanning-i-lurex-med-knytskarp%2F7023623-01\" data-t-type=\"custom-active\" data-t-label=\"https:\/\/ellosse.sjv.io\/c\/2440491\/1021212\/13369?u=https%3A%2F%2Fwww.ellos.se%2Fellos-collection%2Fmaxiklanning-i-lurex-med-knytskarp%2F7023623-01\" rel=\"sponsored nofollow noopener\" data-t-category=\"outbound clicks\" class=\"js-ct\" target=\"_blank\"><strong>K\u00f6p h\u00e4r (l\u00e4nk till Ellos)<\/strong><\/a><\/p>\n<p>7. Svart kl\u00e4nning, Kappahl<img loading=\"lazy\"   alt=\"\"\/><\/p>\n<p> Foto: Pressbild<\/p>\n<p><strong>ANNONS: <\/strong><a href=\"https:\/\/c.klarna.com\/al\/HmQW\/\" data-click-url=\"https:\/\/c.klarna.com\/al\/HmQW\/\" data-t-type=\"custom-active\" data-t-label=\"https:\/\/c.klarna.com\/al\/HmQW\/\" rel=\"sponsored nofollow noopener\" data-t-category=\"outbound clicks\" class=\"js-ct\" target=\"_blank\"><strong>K\u00f6p h\u00e4r (l\u00e4nk till Kappahl)<\/strong><\/a><\/p>\n<p>8. Paljettkl\u00e4nning, Vila<img loading=\"lazy\"   alt=\"\"\/><\/p>\n<p>En glitterbomb i form av paljettprydd, kort kl\u00e4nning med l\u00e5nga \u00e4rmar.<br \/><a href=\"https:\/\/www.vila.com\/sv-se\/vichaya-paljett-kort-klanning-14110691_Silver.html\" data-click-url=\"https:\/\/www.vila.com\/sv-se\/vichaya-paljett-kort-klanning-14110691_Silver.html\" data-t-type=\"custom-active\" data-t-label=\"https:\/\/www.vila.com\/sv-se\/vichaya-paljett-kort-klanning-14110691_Silver.html\" rel=\"sponsored nofollow noopener\" data-t-category=\"outbound clicks\" class=\"js-ct\" target=\"_blank\"><strong>S\u00e4ljs h\u00e4r (l\u00e4nk till Vila)<\/strong><\/a><\/p>\n<p>MELLAN OCH LYX1. Satinkl\u00e4nning, Toteme<img loading=\"lazy\"   alt=\"\"\/><\/p>\n<p> Foto: Pressbild<\/p>\n<p>Vacker och lyxig kl\u00e4nning i b\u00f6ljande satin som finns i flera f\u00e4rger.<br \/><strong>ANNONS: <\/strong><a href=\"https:\/\/c.klarna.com\/al\/HmQu\/\" data-click-url=\"https:\/\/c.klarna.com\/al\/HmQu\/\" data-t-type=\"custom-active\" data-t-label=\"https:\/\/c.klarna.com\/al\/HmQu\/\" rel=\"sponsored nofollow noopener\" data-t-category=\"outbound clicks\" class=\"js-ct\" target=\"_blank\"><strong>K\u00f6p h\u00e4r (l\u00e4nk till My Theresa)<\/strong><\/a><\/p>\n<p>2. Kavajkl\u00e4nning, Anine Bing<img loading=\"lazy\"   alt=\"\"\/><\/p>\n<p> Foto: Pressbild<\/p>\n<p>Lyxig, fiskbensm\u00f6nstrad glitterkavaj i oversized modell som ger en festlig men skr\u00e4ddarsydd look. <br \/><strong>ANNONS: <\/strong><a href=\"https:\/\/c.klarna.com\/al\/HmQv\/\" data-click-url=\"https:\/\/c.klarna.com\/al\/HmQv\/\" data-t-type=\"custom-active\" data-t-label=\"https:\/\/c.klarna.com\/al\/HmQv\/\" rel=\"sponsored nofollow noopener\" data-t-category=\"outbound clicks\" class=\"js-ct\" target=\"_blank\"><strong>K\u00f6p h\u00e4r (l\u00e4nk till Anine Bing)<\/strong><\/a><\/p>\n<p>3. Paljettkl\u00e4nning, Next<img loading=\"lazy\"   alt=\"\"\/><\/p>\n<p> Foto: Pressbild<\/p>\n<p>Vackert r\u00f6d l\u00e5ngkl\u00e4nning tillverkad av ett paljetttyg med tofsar \u00f6ver ett lager av mjuk mesh.<br \/><strong>ANNONS: <\/strong><a href=\"https:\/\/c.klarna.com\/al\/HmQz\/\" data-click-url=\"https:\/\/c.klarna.com\/al\/HmQz\/\" data-t-type=\"custom-active\" data-t-label=\"https:\/\/c.klarna.com\/al\/HmQz\/\" rel=\"sponsored nofollow noopener\" data-t-category=\"outbound clicks\" class=\"js-ct\" target=\"_blank\"><strong>K\u00f6p h\u00e4r (l\u00e4nk till Next)<\/strong><\/a><\/p>\n<p>4. Sammetskl\u00e4nning med rosett, Rotate<img loading=\"lazy\"   alt=\"\"\/><\/p>\n<p> Foto: Pressbild<\/p>\n<p>Bli ny\u00e5rsfestens finaste i denna figurn\u00e4ra sammetskl\u00e4nning med l\u00e5nga \u00e4rmar och h\u00f6g hals. Kl\u00e4nningen pryds av en stor, skulptural rosett.<br \/><strong>ANNONS: <\/strong><a href=\"https:\/\/c.klarna.com\/al\/HmR0\/\" data-click-url=\"https:\/\/c.klarna.com\/al\/HmR0\/\" data-t-type=\"custom-active\" data-t-label=\"https:\/\/c.klarna.com\/al\/HmR0\/\" rel=\"sponsored nofollow noopener\" data-t-category=\"outbound clicks\" class=\"js-ct\" target=\"_blank\"><strong>K\u00f6p h\u00e4r (l\u00e4nk till Wakakuu)<\/strong><\/a><\/p>\n<p>5. Satinkl\u00e4nning med spets, Malina<img loading=\"lazy\"   alt=\"\"\/><\/p>\n<p> Foto: Pressbild<\/p>\n<p>Bl\u00e5 midikl\u00e4nning i satin med asymmetrisk \u00f6verdel och kjol i spets.<br \/><strong>ANNONS: <\/strong><a href=\"https:\/\/c.klarna.com\/al\/HmR3\/\" data-click-url=\"https:\/\/c.klarna.com\/al\/HmR3\/\" data-t-type=\"custom-active\" data-t-label=\"https:\/\/c.klarna.com\/al\/HmR3\/\" rel=\"sponsored nofollow noopener\" data-t-category=\"outbound clicks\" class=\"js-ct\" target=\"_blank\"><strong>K\u00f6p h\u00e4r (l\u00e4nk till Malina)<\/strong><\/a><strong>\u00a0<\/strong><\/p>\n<p>6. Svart minikl\u00e4nning, Dobber<img loading=\"lazy\"   alt=\"\"\/><\/p>\n<p>Minikl\u00e4nning i 3D-jacquard med volumin\u00f6sa puff\u00e4rmar och utst\u00e4lld kjol. <br \/><strong>ANNONS: <\/strong><a href=\"https:\/\/adtr.co\/vmjmwq\" data-click-url=\"https:\/\/adtr.co\/vmjmwq\" data-t-type=\"custom-active\" data-t-label=\"https:\/\/adtr.co\/vmjmwq\" rel=\"sponsored nofollow noopener\" data-t-category=\"outbound clicks\" class=\"js-ct\" target=\"_blank\"><strong>K\u00f6p h\u00e4r (l\u00e4nk till MQ)<\/strong><\/a><\/p>\n<p>7. Guldkl\u00e4nning, Zara<img loading=\"lazy\"   alt=\"\"\/><\/p>\n<p>L\u00e5ng paljettkl\u00e4nning med V-ringning, breda axelband och spets.<br \/><a href=\"https:\/\/www.zara.com\/se\/sv\/klanning-med-paljetter-och-spets-zw-collection-p01758214.html\" data-click-url=\"https:\/\/www.zara.com\/se\/sv\/klanning-med-paljetter-och-spets-zw-collection-p01758214.html\" data-t-type=\"custom-active\" data-t-label=\"https:\/\/www.zara.com\/se\/sv\/klanning-med-paljetter-och-spets-zw-collection-p01758214.html\" rel=\"sponsored nofollow noopener\" data-t-category=\"outbound clicks\" class=\"js-ct\" target=\"_blank\"><strong>S\u00e4ljs h\u00e4r (l\u00e4nk till Zara)<\/strong><\/a><\/p>\n<p>8. Sammetskl\u00e4nning, Cos<img loading=\"lazy\"   alt=\"\"\/><\/p>\n<p> Foto: Pressbild<\/p>\n<p>L\u00e5ng sammetskl\u00e4nning med draperad polokrage.<br \/><strong>ANNONS: <\/strong><a href=\"https:\/\/c.klarna.com\/al\/HmR5\/\" data-click-url=\"https:\/\/c.klarna.com\/al\/HmR5\/\" data-t-type=\"custom-active\" data-t-label=\"https:\/\/c.klarna.com\/al\/HmR5\/\" rel=\"sponsored nofollow noopener\" data-t-category=\"outbound clicks\" class=\"js-ct\" target=\"_blank\"><strong>K\u00f6p h\u00e4r (l\u00e4nk till Cos)<\/strong><\/a><\/p>\n<p>9. Glitterkl\u00e4nning, Noella<img loading=\"lazy\"   alt=\"\"\/><\/p>\n<p> Foto: Pressbild<\/p>\n<p>Rak kl\u00e4nning med l\u00e5nga \u00e4rmar och glittrande paljetter som passar perfekt till ny\u00e5rsfesten.<strong><br \/>ANNONS <\/strong><a href=\"https:\/\/clk.tradedoubler.com\/click?p=227648&amp;a=3336178&amp;url=https%3A%2F%2Fwww.boozt.com%2Fse%2Fsv%2Fnoella%2Fkai-dress_32787717%2F229248496\" data-click-url=\"https:\/\/clk.tradedoubler.com\/click?p=227648&amp;a=3336178&amp;url=https%3A%2F%2Fwww.boozt.com%2Fse%2Fsv%2Fnoella%2Fkai-dress_32787717%2F229248496\" data-t-type=\"custom-active\" data-t-label=\"https:\/\/clk.tradedoubler.com\/click?p=227648&amp;a=3336178&amp;url=https%3A%2F%2Fwww.boozt.com%2Fse%2Fsv%2Fnoella%2Fkai-dress_32787717%2F229248496\" rel=\"sponsored nofollow noopener\" data-t-category=\"outbound clicks\" class=\"js-ct\" target=\"_blank\"><strong>K\u00f6p h\u00e4r (l\u00e4nk till Boozt)<\/strong><\/a><\/p>\n<p><strong>L\u00c4S MER <\/strong><a href=\"https:\/\/damernasvarld.expressen.se\/mode\/chefredaktor-jonna-bergh-6-kop-till-festlig-i-brunt-och-silver\/\" data-click-url=\"https:\/\/damernasvarld.expressen.se\/mode\/chefredaktor-jonna-bergh-6-kop-till-festlig-i-brunt-och-silver\/\" data-t-type=\"c-t\" data-t-label=\"bodyText-link\" class=\"js-ct\" rel=\"nofollow noopener\" target=\"_blank\"><strong>Chefredakt\u00f6r Jonna Bergh: \u201d6 k\u00f6p till festlig i brunt och silver\u201d<\/strong><\/a><\/p>\n<p><strong>L\u00c4S MER <\/strong><a href=\"https:\/\/damernasvarld.expressen.se\/skonhet\/smink\/alltid-ratt-med-rott-lappstift-tips-pa-9-snygga-och-klassiska-roda-lappstift-och-hur-da-malar-lapparna-bast-\/\" data-click-url=\"https:\/\/damernasvarld.expressen.se\/skonhet\/smink\/alltid-ratt-med-rott-lappstift-tips-pa-9-snygga-och-klassiska-roda-lappstift-och-hur-da-malar-lapparna-bast-\/\" data-t-type=\"c-t\" data-t-label=\"bodyText-link\" class=\"js-ct\" rel=\"nofollow noopener\" target=\"_blank\"><strong>11 r\u00f6da l\u00e4ppstift \u2013 v\u00e5ra favoriter (och hur du f\u00e5r det att sitta!)<\/strong><\/a><strong><br \/><\/strong><\/p>\n","protected":false},"excerpt":{"rendered":"Publicerad 16 dec 2025 kl 05.00 Paljetter, strass, sammet och spets \u2013 fira in det nya \u00e5ret med&hellip;\n","protected":false},"author":2,"featured_media":107415,"comment_status":"","ping_status":"","sticky":false,"template":"","format":"standard","meta":{"footnotes":""},"categories":[67],"tags":[104,34,1225,31,33,32,30,105],"class_list":{"0":"post-107414","1":"post","2":"type-post","3":"status-publish","4":"format-standard","5":"has-post-thumbnail","7":"category-underhallning","8":"tag-entertainment","9":"tag-se","10":"tag-sections-mode","11":"tag-svenska","12":"tag-sverige","13":"tag-sweden","14":"tag-swedish","15":"tag-underhallning"},"share_on_mastodon":{"url":"https:\/\/pubeurope.com\/@se\/115727677234514947","error":""},"_links":{"self":[{"href":"https:\/\/www.europesays.com\/se\/wp-json\/wp\/v2\/posts\/107414","targetHints":{"allow":["GET"]}}],"collection":[{"href":"https:\/\/www.europesays.com\/se\/wp-json\/wp\/v2\/posts"}],"about":[{"href":"https:\/\/www.europesays.com\/se\/wp-json\/wp\/v2\/types\/post"}],"author":[{"embeddable":true,"href":"https:\/\/www.europesays.com\/se\/wp-json\/wp\/v2\/users\/2"}],"replies":[{"embeddable":true,"href":"https:\/\/www.europesays.com\/se\/wp-json\/wp\/v2\/comments?post=107414"}],"version-history":[{"count":0,"href":"https:\/\/www.europesays.com\/se\/wp-json\/wp\/v2\/posts\/107414\/revisions"}],"wp:featuredmedia":[{"embeddable":true,"href":"https:\/\/www.europesays.com\/se\/wp-json\/wp\/v2\/media\/107415"}],"wp:attachment":[{"href":"https:\/\/www.europesays.com\/se\/wp-json\/wp\/v2\/media?parent=107414"}],"wp:term":[{"taxonomy":"category","embeddable":true,"href":"https:\/\/www.europesays.com\/se\/wp-json\/wp\/v2\/categories?post=107414"},{"taxonomy":"post_tag","embeddable":true,"href":"https:\/\/www.europesays.com\/se\/wp-json\/wp\/v2\/tags?post=107414"}],"curies":[{"name":"wp","href":"https:\/\/api.w.org\/{rel}","templated":true}]}}