{"id":107418,"date":"2025-12-16T05:50:12","date_gmt":"2025-12-16T05:50:12","guid":{"rendered":"https:\/\/www.europesays.com\/se\/107418\/"},"modified":"2025-12-16T05:50:12","modified_gmt":"2025-12-16T05:50:12","slug":"skansen-ska-banta-facken-ber-om-hjalp","status":"publish","type":"post","link":"https:\/\/www.europesays.com\/se\/107418\/","title":{"rendered":"Skansen ska banta \u2013 facken ber om hj\u00e4lp"},"content":{"rendered":"<p>Det popul\u00e4ra friluftsmuseet och djurparken Skansen i Stockholm f\u00e5r inte ekonomin att g\u00e5 ihop. De statliga anslagen har inte \u00f6kat i den takt som kr\u00e4vts f\u00f6r att t\u00e4cka underh\u00e5ll och investeringar. Inte heller int\u00e4kterna. Personalkostnaderna m\u00e5ste minska med upp till 15 procent \u00e4r ledningens analys, erfar Arbetsv\u00e4rlden.<\/p>\n<p>\u201dF\u00f6rhandlingar p\u00e5g\u00e5r [med facken] om en omorganisation med en rad f\u00f6r\u00e4ndringar som ocks\u00e5 kan inneb\u00e4ra neddragningar.\u00a0 F\u00f6rhandlingarna \u00e4r l\u00e5ngt ifr\u00e5n avslutade och i nul\u00e4get kan vi inte kommentera mer \u00e4n s\u00e5.\u201d, skriver Skansens omr\u00e5deschef Yvonne Nordlind i ett mejl till Arbetsv\u00e4rlden.<\/p>\n<p><img fetchpriority=\"high\" decoding=\"async\" width=\"1024\" height=\"1024\" src=\"https:\/\/www.europesays.com\/se\/wp-content\/uploads\/2025\/12\/christiancamitzfrimarke-1024x1024.jpg\" alt=\"En man med kort sk\u00e4gg och tillbakadraget h\u00e5rf\u00e4ste st\u00e5r utomhus och reflekterar m\u00f6jligen \u00f6ver Arbetsmilj\u00f6verkets roll i arbetet med att hindra av skyddsombud. Han b\u00e4r bl\u00e5 skjorta, guldhalsband och ryggs\u00e4ck. Byggnader, tr\u00e4d och parkerade bilar syns i den soliga bakgrunden.\" class=\"wp-image-72022\"  \/>Christian Camitz. Foto: Axel Green<\/p>\n<p>Nu har facken beg\u00e4rt, och beviljats, hj\u00e4lp av en s\u00e5 kallad arbetstagarkonsult f\u00f6r en utomst\u00e5ende analys av planerna.\u00a0<\/p>\n<p>\u2013\u00a0Arbetsgivaren menar att kostnaderna kommer att \u00f6ka kraftigt i framtiden. Det \u00e4r ett typfall d\u00e4r det kan vara bra att ta in en konsult att r\u00e4kna p\u00e5 det arbetsgivaren p\u00e5st\u00e5r.\u00a0Vi hoppas kunna uppn\u00e5 effektiviseringar eller besparingar p\u00e5 ett b\u00e4ttre s\u00e4tt \u00e4n neddragning av personal i den utstr\u00e4ckning som arbetsgivaren f\u00f6resl\u00e5r, s\u00e4ger Christian Camitz,\u00a0ombudsman p\u00e5 facket ST.<\/p>\n<p>Mer \u00e4n s\u00e5 kan han inte s\u00e4ga. Majoritetsfacket Seko vill inte alls kommentera situationen med h\u00e4nvisning till processens k\u00e4nsliga natur.<\/p>\n<p>Planerade upps\u00e4gningar skjuts till n\u00e4sta \u00e5r<\/p>\n<p>Arbetsv\u00e4rlden erfar dock att ut\u00f6ver rena neddragningar \u00e4r ocks\u00e5 tanken att i h\u00f6gre grad skr\u00e4ddarsy scheman efter verksamhetens behov, vilket inneb\u00e4r \u00f6kad oregelbundenhet f\u00f6r de anst\u00e4llda.\u00a0<\/p>\n<p>Arbetstagarkonsult<\/p>\n<p>En arbetstagarkonsult \u00e4r ett st\u00f6d till lokala fackliga parter om en arbetsgivare vill g\u00f6ra f\u00f6r\u00e4ndringar som v\u00e4sentligt p\u00e5verkar f\u00f6retagets ekonomi och de anst\u00e4lldas syssels\u00e4ttning.<br \/>\u00a0<br \/>Det \u00e4r facken som \u00e4r formell uppdragsgivare och som formulerar uppdraget. Men betalas av arbetsgivaren.<br \/>\u00a0<br \/>I statlig sektor \u00e4r det partsgemensamma Partsr\u00e5det som godk\u00e4nner offert och betalar ut medel ur kassan som byggts upp genom arbetsgivarnas avgifter.<br \/>\u00a0<br \/>Det \u00e4r en r\u00e4ttighet i f\u00f6retag \u00f6ver 50 anst\u00e4llda. Det kan ske i mindre f\u00f6retag men kr\u00e4ver d\u00e5 en \u00f6verenskommelse med arbetsgivaren.<br \/>\u00a0<br \/>R\u00e4tten f\u00f6r att beg\u00e4ra st\u00f6d av en arbetstagarkonsult formaliserades i privat sektor 1985 efter en \u00f6verenskommelse mellan LO, PTK och SAF (nuvarande Svenskt N\u00e4ringsliv). Offentlig och statlig sektor f\u00f6ljde efter under 1990-talet.<br \/>\u00a0<br \/>Anlitandet av arbetstagarkonsulter har sjunkit under 2010-talet.<\/p>\n<p>+ Expandera\n<\/p>\n<p>Den nuvarande planen inneh\u00e5ller, ut\u00f6ver personalneddragningar p\u00e5 golvet, \u00e4ven en bantning p\u00e5 chefssidan.<\/p>\n<p>I och med fackens beg\u00e4ran om arbetstagarkonsult grusas arbetsgivarens planer att genomf\u00f6ra upps\u00e4gningar redan innan \u00e5rsskiftet.<\/p>\n<p>Arbetstagarkonsulten hoppfull<img loading=\"lazy\" decoding=\"async\" width=\"342\" height=\"342\" src=\"https:\/\/www.europesays.com\/se\/wp-content\/uploads\/2025\/12\/mikaelerikssonfotoatk.jpg\" alt=\"En man med glas\u00f6gon och kavaj sitter vid ett skrivbord med en b\u00e4rbar dator och en vit mugg. B\u00f6cker ligger staplade p\u00e5 en hylla i bakgrunden. Han tittar in i kameran och ler.\" class=\"wp-image-73680\"  \/>Mikael Eriksson. Foto: ATK<\/p>\n<p>Inte heller arbetstagarkonsulten sj\u00e4lv, Mikael Eriksson, vill avsl\u00f6ja mer \u00e4n att han anlitats f\u00f6r uppdraget. Sekretess \u00e4r en del av uppdraget.\u00a0<\/p>\n<p>\u2013\u00a0Jag bed\u00f6mer att det finns utrymme att vara ett st\u00f6d f\u00f6r b\u00e5de fack och arbetsgivare att st\u00e5 inf\u00f6r konstruktiva f\u00f6rslag till hur man kan g\u00e5 vidare i de \u00e5tg\u00e4rder man beh\u00f6ver g\u00f6ra, s\u00e4ger han.\u00a0\u00a0<\/p>\n<p><strong>N\u00e4r f\u00f6rv\u00e4ntas du vara klar?<\/strong><\/p>\n<p>\u2013\u00a0Jag kan inte kommentera det. Jag har f\u00f6rst\u00e5s en fastst\u00e4lld tid. Normalt jobbar vi skyndsamt eftersom m\u00e5nga arbetsgivare vill att det ska blir klart p\u00e5 kort tid, s\u00e4ger han<\/p>\n<p>F\u00f6r tidigt s\u00e4ga vilka tj\u00e4nster som ber\u00f6rs<\/p>\n<p><a href=\"https:\/\/www.mitti.se\/nyheter\/akuta-krisen-over--men-laget-fortsatt-svart-for-skansen-6.27.107753.07f1773c31\" rel=\"nofollow noopener\" target=\"_blank\">2020 varslade Skansen 30 av sina 200 anst\u00e4llda<\/a>. Detta sedan covid-pandemin inneburit ett h\u00e5rt slag mot ekonomin. Hur m\u00e5nga som nu kommer att ber\u00f6ras \u00e4r enligt Skansens Yvonne Nordlind f\u00f6r tidigt att s\u00e4ga och \u00e4n \u00e4r \u201dinga slutliga beslut fattade\u201d.<\/p>\n<p>\u201dSkansen har stora utvecklingsutmaningar inom flera omr\u00e5den, museum, djurpark, mat och dryck, investeringar, fastighetsunderh\u00e5ll, digitalisering m.m. Pandemin har haft l\u00e5ngsiktiga konsekvenser f\u00f6r m\u00e5nga verksamheter, \u00e4ven Skansen. Men fokus nu \u00e4r f\u00f6ruts\u00e4ttningar f\u00f6r utveckling och arbete fram\u00e5t.\u201d, skriver hon till Arbetsv\u00e4rlden.<\/p>\n<p>Eventuella organisationsf\u00f6r\u00e4ndringar och upps\u00e4gningar f\u00f6rv\u00e4ntar hon sig f\u00f6rst kunna inledas under n\u00e4sta \u00e5rs f\u00f6rsta kvartal. Men trots f\u00f6rseningen s\u00e4ger hon sig vara positivt inst\u00e4lld till arbetstagarkonsultens inblandning.<\/p>\n<p>\u201dVi ser det som en m\u00f6jlighet att f\u00e5 fram ytterligare perspektiv, inspel och reflektioner, samt att s\u00e4kerst\u00e4lla en korrekt och i alla delar genomlyst process.\u201d, skriver hon.<\/p>\n","protected":false},"excerpt":{"rendered":"Det popul\u00e4ra friluftsmuseet och djurparken Skansen i Stockholm f\u00e5r inte ekonomin att g\u00e5 ihop. De statliga anslagen har&hellip;\n","protected":false},"author":2,"featured_media":107419,"comment_status":"","ping_status":"","sticky":false,"template":"","format":"standard","meta":{"footnotes":""},"categories":[65],"tags":[11980,72,11981,70,71,34,10992,11982,31,33,32,30],"class_list":{"0":"post-107418","1":"post","2":"type-post","3":"status-publish","4":"format-standard","5":"has-post-thumbnail","7":"category-ekonomi","8":"tag-arbetstagarkonsult","9":"tag-business","10":"tag-christian-camitz","11":"tag-economy","12":"tag-ekonomi","13":"tag-se","14":"tag-skansen","15":"tag-st","16":"tag-svenska","17":"tag-sverige","18":"tag-sweden","19":"tag-swedish"},"share_on_mastodon":{"url":"","error":""},"_links":{"self":[{"href":"https:\/\/www.europesays.com\/se\/wp-json\/wp\/v2\/posts\/107418","targetHints":{"allow":["GET"]}}],"collection":[{"href":"https:\/\/www.europesays.com\/se\/wp-json\/wp\/v2\/posts"}],"about":[{"href":"https:\/\/www.europesays.com\/se\/wp-json\/wp\/v2\/types\/post"}],"author":[{"embeddable":true,"href":"https:\/\/www.europesays.com\/se\/wp-json\/wp\/v2\/users\/2"}],"replies":[{"embeddable":true,"href":"https:\/\/www.europesays.com\/se\/wp-json\/wp\/v2\/comments?post=107418"}],"version-history":[{"count":0,"href":"https:\/\/www.europesays.com\/se\/wp-json\/wp\/v2\/posts\/107418\/revisions"}],"wp:featuredmedia":[{"embeddable":true,"href":"https:\/\/www.europesays.com\/se\/wp-json\/wp\/v2\/media\/107419"}],"wp:attachment":[{"href":"https:\/\/www.europesays.com\/se\/wp-json\/wp\/v2\/media?parent=107418"}],"wp:term":[{"taxonomy":"category","embeddable":true,"href":"https:\/\/www.europesays.com\/se\/wp-json\/wp\/v2\/categories?post=107418"},{"taxonomy":"post_tag","embeddable":true,"href":"https:\/\/www.europesays.com\/se\/wp-json\/wp\/v2\/tags?post=107418"}],"curies":[{"name":"wp","href":"https:\/\/api.w.org\/{rel}","templated":true}]}}