{"id":107420,"date":"2025-12-16T05:52:24","date_gmt":"2025-12-16T05:52:24","guid":{"rendered":"https:\/\/www.europesays.com\/se\/107420\/"},"modified":"2025-12-16T05:52:24","modified_gmt":"2025-12-16T05:52:24","slug":"kaffetermos-ledde-till-stor-bombutryckning-i-malmo","status":"publish","type":"post","link":"https:\/\/www.europesays.com\/se\/107420\/","title":{"rendered":"Kaffetermos ledde till stor bombutryckning i Malm\u00f6"},"content":{"rendered":"<p>Publicerad 15 dec 2025 kl 19.18<\/p>\n<p>Det nationella bombskyddet skickades till Malm\u00f6 efter larm om ett misst\u00e4nkt farligt f\u00f6rem\u00e5l.<\/p>\n<p>N\u00e5gra timmar senare stod det klart att det inte var n\u00e5gon skarpladdad bomb som hade hittats utanf\u00f6r porten.<\/p>\n<p>Det var bara m\u00e5laren Mikael Bards termos.\u00a0<\/p>\n<p>Senaste nyhetsklippen fr\u00e5n Expressen.<img   alt=\"\"\/><\/p>\n<p>Den m\u00f6rkbl\u00e5a termosen misst\u00e4nktes vara en bomb \u2013 men inneh\u00f6ll bara kaffe.<\/p>\n<p>Foto: Privat \/ Privat<\/p>\n<p>\u00d6ppna bild i helsk\u00e4rm<img loading=\"lazy\"   alt=\"\"\/><\/p>\n<p>Kaffetermosen orsakade en st\u00f6rre insats i Malm\u00f6 under m\u00e5ndagen.<\/p>\n<p>Foto: Johan Nilsson \/ TT \/ TT NYHETSBYR\u00c5N<\/p>\n<p>\u00d6ppna bild i helsk\u00e4rm<img loading=\"lazy\"   alt=\"\"\/><\/p>\n<p>Nationella bombstyrkan kunde konstatera att det inte var n\u00e5got farligt.<\/p>\n<p>Foto: Johan Nilsson \/ TT \/ TT NYHETSBYR\u00c5N<\/p>\n<p>\u00d6ppna bild i helsk\u00e4rm<\/p>\n<p>M\u00e5ndagen b\u00f6rjade som en vanlig arbetsdag f\u00f6r Mikael Bard, 63, fr\u00e5n <a href=\"https:\/\/www.expressen.se\/tagg\/location\/malmo\/\" class=\"\" rel=\"nofollow noopener\" target=\"_blank\">Malm\u00f6<\/a>. Vid sjutiden anl\u00e4nder han till Slottsstaden f\u00f6r att forts\u00e4tta med ett jobb han p\u00e5b\u00f6rjade under fredagen.<\/p>\n<p>\u2013 N\u00e4r jag kom imorse hade jag med mig min matv\u00e4ska, min termos, tidningen, n\u00e5gon lampa \u2013 jag hade r\u00e4tt mycket i h\u00e4nderna, s\u00e4ger han.\u00a0<\/p>\n<p>Mikael tar sig in i kundens l\u00e4genhet och b\u00f6rjar jobba. N\u00e5gon timme in i arbetet har f\u00e4rgen tagit slut och han \u00e5ker i v\u00e4g f\u00f6r att k\u00f6pa mer.\u00a0<\/p>\n<p>Artikeln i korthet<\/p>\n<p> Nationella bombstyrkan larmades till Malm\u00f6 p\u00e5 grund av ett misst\u00e4nkt f\u00f6rem\u00e5l utanf\u00f6r port.<\/p>\n<p> Det visade sig vara m\u00e5laren Mikaels bortgl\u00f6mda kaffetermos.<\/p>\n<p> Polisinsatsen avbl\u00e5stes \u2013 och Mikael fick efter h\u00e4ndelsen sk\u00e4mtsamma sms fr\u00e5n v\u00e4nner.<\/p>\n<p>Visa mer<\/p>\n<p>P\u00e5 v\u00e4gen tillbaka \u00e5ker en polisbil f\u00f6rbi honom med bl\u00e5ljus.\u00a0<\/p>\n<p>\u2013 N\u00e4r jag v\u00e4l kommer fram st\u00e5r det fullt med polisbilar och avsp\u00e4rrningarna \u00f6verallt. D\u00e5 t\u00e4nkte jag att det var typiskt att det skulle h\u00e4nda i dag n\u00e4r jag jobbar.<\/p>\n<p>Vid l\u00e4genhetshuset har det uppr\u00e4ttats stora avsp\u00e4rrningar. En polis s\u00e4ger till Mikael att han inte f\u00e5r g\u00e5 in via porten, som i st\u00e4llet tar k\u00e4llarv\u00e4gen tillbaka till arbetsplatsen.<\/p>\n<p>Vid niotiden \u00e4r det dags f\u00f6r rast. Det finns bara ett problem \u2013 kaffetermosen \u00e4r borta.<\/p>\n<p>\u2013 Var fan \u00e4r min termos n\u00e5gonstans, s\u00e4ger Mikael.\u00a0<\/p>\n<p>Livat utanf\u00f6r l\u00e4genheten<\/p>\n<p>Mikael kommer p\u00e5 att han s\u00e4kert gl\u00f6mt den utanf\u00f6r porten och g\u00e5r ut f\u00f6r att h\u00e4mta den. En stund efter han slagit sig ner m\u00e4rker han att det \u00e4r \u201dj\u00e4vla liv\u201d utanf\u00f6r l\u00e4genhetshuset.<\/p>\n<p>\u2013 D\u00e5 fl\u00f6g polisen med dr\u00f6nare utanf\u00f6r. Jag reser mig upp och tittar, och d\u00e5 ser jag den h\u00e4r bombvagnen och en polis som sitter p\u00e5 huk mot v\u00e4gen, vad fan h\u00e5ller han p\u00e5 med?, s\u00e4ger Mikael.<\/p>\n<p>Bombteknikern viftar till Mikael att g\u00e5 tillbaka in i l\u00e4genheten.<\/p>\n<p>\u2013 Efter en stund t\u00e4nkte jag att jag \u00e4nd\u00e5 fick titta och d\u00e5 vinkar den h\u00e4r bombmannen till mig igen och ber mig att \u00f6ppna d\u00f6rren.\u00a0<\/p>\n<p>Polisen fr\u00e5gar Mikael om han vet vart termosen utanf\u00f6r porten har tagit v\u00e4gen n\u00e5gonstans. Mikael svarar att det \u00e4r hans kaffe.<\/p>\n<p>\u201dHar du bomber i kaffet?\u201d<\/p>\n<p>\u2013 \u00c4r det din termos?, fr\u00e5gar bombteknikern.<\/p>\n<p>Mikael blir ombedd att r\u00e4cka \u00f6ver termosen till bombteknikern.<\/p>\n<p>\u2013 S\u00e5 tog han den och h\u00e4llde ut lite kaffe, s\u00e4ger Mikael.<\/p>\n<p>\u2013 Ja, det var ju kaffe. \u00c4r det gott?, fr\u00e5gar bombteknikern.<\/p>\n<p>Den m\u00f6rkbl\u00e5a termosen var ingen bomb och den stora polisinsatsen avvecklas, vilket <a href=\"https:\/\/www.svt.se\/nyheter\/lokalt\/skane\/mikael-glomde-kaffet-da-kom-nationella-bombskyddet\" rel=\"nofollow noopener\" target=\"_blank\">SVT <\/a>f\u00f6rst rapporterade om. Efter insatsen bad Mikael om urs\u00e4kt till poliserna f\u00f6r att ha orsakat det stora p\u00e5draget och fick svaret att det inte var n\u00e5gon fara.<\/p>\n<p>\u2013 Jag har f\u00e5tt m\u00e5nga dumma nu sms av bekanta, \u201dHar du bomber i kaffet?\u201d och n\u00e5gon som undrade om jag var gl\u00f6msk, s\u00e4ger Mikael och skrattar.\u00a0<\/p>\n","protected":false},"excerpt":{"rendered":"Publicerad 15 dec 2025 kl 19.18 Det nationella bombskyddet skickades till Malm\u00f6 efter larm om ett misst\u00e4nkt farligt&hellip;\n","protected":false},"author":2,"featured_media":107421,"comment_status":"","ping_status":"","sticky":false,"template":"","format":"standard","meta":{"footnotes":""},"categories":[12],"tags":[22,23,26,27,17,21,24,25,2211,28,29,15,16,1031,18,34,154,31,33,32,30,19,20],"class_list":{"0":"post-107420","1":"post","2":"type-post","3":"status-publish","4":"format-standard","5":"has-post-thumbnail","7":"category-sverige","8":"tag-breaking-news","9":"tag-breakingnews","10":"tag-featured-news","11":"tag-featurednews","12":"tag-headlines","13":"tag-huvudnyheter","14":"tag-latest-news","15":"tag-latestnews","16":"tag-location-malmo","17":"tag-main-news","18":"tag-mainnews","19":"tag-news","20":"tag-nyheter","21":"tag-organization-polismyndigheten","22":"tag-rubriker","23":"tag-se","24":"tag-sections-sverige","25":"tag-svenska","26":"tag-sverige","27":"tag-sweden","28":"tag-swedish","29":"tag-top-stories","30":"tag-topstories"},"share_on_mastodon":{"url":"https:\/\/pubeurope.com\/@se\/115727692717812932","error":""},"_links":{"self":[{"href":"https:\/\/www.europesays.com\/se\/wp-json\/wp\/v2\/posts\/107420","targetHints":{"allow":["GET"]}}],"collection":[{"href":"https:\/\/www.europesays.com\/se\/wp-json\/wp\/v2\/posts"}],"about":[{"href":"https:\/\/www.europesays.com\/se\/wp-json\/wp\/v2\/types\/post"}],"author":[{"embeddable":true,"href":"https:\/\/www.europesays.com\/se\/wp-json\/wp\/v2\/users\/2"}],"replies":[{"embeddable":true,"href":"https:\/\/www.europesays.com\/se\/wp-json\/wp\/v2\/comments?post=107420"}],"version-history":[{"count":0,"href":"https:\/\/www.europesays.com\/se\/wp-json\/wp\/v2\/posts\/107420\/revisions"}],"wp:featuredmedia":[{"embeddable":true,"href":"https:\/\/www.europesays.com\/se\/wp-json\/wp\/v2\/media\/107421"}],"wp:attachment":[{"href":"https:\/\/www.europesays.com\/se\/wp-json\/wp\/v2\/media?parent=107420"}],"wp:term":[{"taxonomy":"category","embeddable":true,"href":"https:\/\/www.europesays.com\/se\/wp-json\/wp\/v2\/categories?post=107420"},{"taxonomy":"post_tag","embeddable":true,"href":"https:\/\/www.europesays.com\/se\/wp-json\/wp\/v2\/tags?post=107420"}],"curies":[{"name":"wp","href":"https:\/\/api.w.org\/{rel}","templated":true}]}}