{"id":107478,"date":"2025-12-16T07:00:41","date_gmt":"2025-12-16T07:00:41","guid":{"rendered":"https:\/\/www.europesays.com\/se\/107478\/"},"modified":"2025-12-16T07:00:41","modified_gmt":"2025-12-16T07:00:41","slug":"finlandare-litar-inte-pa-det-svenska-forsvaret-utrikes","status":"publish","type":"post","link":"https:\/\/www.europesays.com\/se\/107478\/","title":{"rendered":"Finl\u00e4ndare litar inte p\u00e5 det svenska f\u00f6rsvaret | Utrikes"},"content":{"rendered":"<p class=\"aw-1gybjub aw-5vja16 kEtdKx kmuxyA yle__article__paragraph\">Ny m\u00e4tning visar att svenskar har h\u00f6gt f\u00f6rtroende f\u00f6r Finlands f\u00f6rsvarsmakt. Men trots \u00f6kat samarbete litar finl\u00e4ndarna inte p\u00e5 det svenska f\u00f6rsvaret.<\/p>\n<p><img decoding=\"async\" alt=\"Soldater tr\u00e4nar i skogen under vinterf\u00f6rh\u00e5llanden, kl\u00e4dda i kamouflage f\u00f6r sn\u00f6milj\u00f6er och utrustade med vapen och kommunikationsutrustning.\" src=\"https:\/\/www.europesays.com\/se\/wp-content\/uploads\/2025\/12\/39-15649176932cc4cc9924.jpeg\" class=\"aw-1l9m598 hKVVvP\"\/><\/p>\n<p>\u00d6ppna bildvisare<\/p>\n<p>Svenska soldater fr\u00e5n Norrbottens regemente i Boden \u00f6var vinterkrigsf\u00f6ring. H\u00e4rifr\u00e5n kommer de soldater som ska f\u00f6rsvara norra Finland som en del av den svenskledda Natostyrkan FLF Finland. Bild: Elina Ervasti \/ YleLyssna (du h\u00f6r en artificiell r\u00f6st) 2:18<\/p>\n<p class=\"aw-1gybjub aw-1p7kakr kEtdKx cEmitX yle__article__paragraph\">Bara 20 procent av finl\u00e4ndarna anser att Sverige framst\u00e5r som ett land med starkt f\u00f6rsvar. Det visar Barometern Sverige-Finland 2025.<\/p>\n<p class=\"aw-1gybjub aw-1p7kakr kEtdKx cEmitX yle__article__paragraph\">D\u00e4remot anser hela 70 procent av svenskarna att Finland har ett starkt f\u00f6rsvar.<\/p>\n<p class=\"aw-1gybjub aw-1p7kakr kEtdKx cEmitX yle__article__paragraph\">Siffrorna \u00e4r i stort sett of\u00f6r\u00e4ndrade sedan 2023. Det \u00f6verraskar <strong class=\"aw-ak79eh KyCXm yle__article__strong\">Janne Wikstr\u00f6m<\/strong>, projektchef vid det svensk-finska kultur- och samarbetsscentret Hanaholmen och en av f\u00f6rfattarna till rapporten.<\/p>\n<p class=\"aw-1gybjub aw-1p7kakr kEtdKx cEmitX yle__article__paragraph\">\u2013 V\u00e5r hypotes var att det hade j\u00e4mnats ut efter l\u00e4ndernas fullv\u00e4rdiga Nato-medlemskap. Men kanske spelar gamla f\u00f6rest\u00e4llningar om svensk nedrustning fortfarande in. Tillit \u00e4r ju n\u00e5got som ganska snabbt raseras, men tar v\u00e4ldigt l\u00e4nge att bygga upp.<\/p>\n<p class=\"aw-1gybjub aw-1p7kakr kEtdKx cEmitX yle__article__paragraph\">Det svenska f\u00f6rsvaret storsatsar just nu precis som det finl\u00e4ndska.<\/p>\n<p class=\"aw-1gybjub aw-1p7kakr kEtdKx cEmitX yle__article__paragraph\">Man bygger ut sin v\u00e4rnpliktsarm\u00e9 och satsar stora summor p\u00e5 luftv\u00e4rn, stridsfartyg och flygvapen. Redan under n\u00e4sta \u00e5r ska f\u00f6rsvarsutgifterna motsvara 2,8 procent av bnp och 2030 uppg\u00e5 till 3,5 procent.<\/p>\n<p class=\"aw-1gybjub aw-1p7kakr kEtdKx cEmitX yle__article__paragraph\">Samtidigt \u00f6kar samarbetet mellan de nyblivna Nato-l\u00e4nderna Finland och Sverige.<\/p>\n<p class=\"aw-1gybjub aw-1p7kakr kEtdKx cEmitX yle__article__paragraph\">Sverige ska bland annat leda en framskjuten Natostyrka som ansvarar f\u00f6r f\u00f6rsvaret av norra Finland, FLF Finland.<\/p>\n<p>F\u00f6rsvarssamarbete uppskattas<\/p>\n<p class=\"aw-1gybjub aw-1p7kakr kEtdKx cEmitX yle__article__paragraph\">Rysslands anfallskrig i Ukraina anses i b\u00e5da l\u00e4nderna ha \u00f6kat behovet av f\u00f6rsvarssamarbete.<\/p>\n<p class=\"aw-1gybjub aw-1p7kakr kEtdKx cEmitX yle__article__paragraph\">Av b\u00e5de svenskar och finl\u00e4ndare anser tre fj\u00e4rdedelar att v\u00e5ra l\u00e4nder har kommit varandra n\u00e4rmare sedan 2022. Krisberedskap betonas som det \u00f6verl\u00e4gset viktigaste samarbetsomr\u00e5det.<\/p>\n<p class=\"aw-1gybjub aw-1p7kakr kEtdKx cEmitX yle__article__paragraph\">77 procent av svenskarna och 62 procent av finl\u00e4ndarna v\u00e4ljer krisberedskap som ett av de viktigaste samarbetsomr\u00e5dena, medan bara drygt 30 procent i b\u00e5da l\u00e4nderna v\u00e4ljer fr\u00e5gor som klimat och utbildning.<\/p>\n<p class=\"aw-1gybjub aw-1p7kakr kEtdKx cEmitX yle__article__paragraph\">Opinionsm\u00e4tningen genomf\u00f6rdes av Verian Group p\u00e5 uppdrag av Kulturfonden och Hanaholmen. Ett representativt urval av befolkningen i Sverige och Finland svarade p\u00e5 enk\u00e4ten i juli-augusti 2025.<\/p>\n","protected":false},"excerpt":{"rendered":"Ny m\u00e4tning visar att svenskar har h\u00f6gt f\u00f6rtroende f\u00f6r Finlands f\u00f6rsvarsmakt. Men trots \u00f6kat samarbete litar finl\u00e4ndarna inte&hellip;\n","protected":false},"author":2,"featured_media":107479,"comment_status":"","ping_status":"","sticky":false,"template":"","format":"standard","meta":{"footnotes":""},"categories":[5],"tags":[22,23,26,27,684,11992,3498,380,3925,17,21,24,25,28,29,15,3422,16,18,2152,34,31,33,32,30,19,20,237],"class_list":{"0":"post-107478","1":"post","2":"type-post","3":"status-publish","4":"format-standard","5":"has-post-thumbnail","7":"category-rubriker","8":"tag-breaking-news","9":"tag-breakingnews","10":"tag-featured-news","11":"tag-featurednews","12":"tag-finland","13":"tag-finlands-forsvarsmakt","14":"tag-forsvar","15":"tag-forsvarsmakten","16":"tag-forsvarspolitik","17":"tag-headlines","18":"tag-huvudnyheter","19":"tag-latest-news","20":"tag-latestnews","21":"tag-main-news","22":"tag-mainnews","23":"tag-news","24":"tag-norden","25":"tag-nyheter","26":"tag-rubriker","27":"tag-sakerhetspolitik","28":"tag-se","29":"tag-svenska","30":"tag-sverige","31":"tag-sweden","32":"tag-swedish","33":"tag-top-stories","34":"tag-topstories","35":"tag-utrikes"},"share_on_mastodon":{"url":"https:\/\/pubeurope.com\/@se\/115727959580299291","error":""},"_links":{"self":[{"href":"https:\/\/www.europesays.com\/se\/wp-json\/wp\/v2\/posts\/107478","targetHints":{"allow":["GET"]}}],"collection":[{"href":"https:\/\/www.europesays.com\/se\/wp-json\/wp\/v2\/posts"}],"about":[{"href":"https:\/\/www.europesays.com\/se\/wp-json\/wp\/v2\/types\/post"}],"author":[{"embeddable":true,"href":"https:\/\/www.europesays.com\/se\/wp-json\/wp\/v2\/users\/2"}],"replies":[{"embeddable":true,"href":"https:\/\/www.europesays.com\/se\/wp-json\/wp\/v2\/comments?post=107478"}],"version-history":[{"count":0,"href":"https:\/\/www.europesays.com\/se\/wp-json\/wp\/v2\/posts\/107478\/revisions"}],"wp:featuredmedia":[{"embeddable":true,"href":"https:\/\/www.europesays.com\/se\/wp-json\/wp\/v2\/media\/107479"}],"wp:attachment":[{"href":"https:\/\/www.europesays.com\/se\/wp-json\/wp\/v2\/media?parent=107478"}],"wp:term":[{"taxonomy":"category","embeddable":true,"href":"https:\/\/www.europesays.com\/se\/wp-json\/wp\/v2\/categories?post=107478"},{"taxonomy":"post_tag","embeddable":true,"href":"https:\/\/www.europesays.com\/se\/wp-json\/wp\/v2\/tags?post=107478"}],"curies":[{"name":"wp","href":"https:\/\/api.w.org\/{rel}","templated":true}]}}