{"id":107511,"date":"2025-12-16T07:30:10","date_gmt":"2025-12-16T07:30:10","guid":{"rendered":"https:\/\/www.europesays.com\/se\/107511\/"},"modified":"2025-12-16T07:30:10","modified_gmt":"2025-12-16T07:30:10","slug":"finns-inget-stod-for-borttrangda-minnen","status":"publish","type":"post","link":"https:\/\/www.europesays.com\/se\/107511\/","title":{"rendered":"Finns inget st\u00f6d f\u00f6r borttr\u00e4ngda minnen"},"content":{"rendered":"<p>Det finns inget vetenskapligt st\u00f6d f\u00f6r borttr\u00e4ngda minnen \u2013 allts\u00e5 att traumatiska minnen fr\u00e5n exempelvis barndomen f\u00f6rtr\u00e4ngs f\u00f6r att sedan pl\u00f6tsligt komma tillbaka senare i livet. Det s\u00e4ger psykologiprofessorn P\u00e4r Anders Granhag i SVT:s sista del av dokument\u00e4rserien \u201dHatet\u201d, d\u00e4r Youtubeprofilen Joakim Lundell granskas.<\/p>\n<p>\u2013 I st\u00e4llet visar minnesforskningen det motsatta \u2013 att vi tenderar att minnas det traumatiska v\u00e4l \u2013 b\u00e4ttre \u00e4n neutrala h\u00e4ndelser, s\u00e4ger Granhag.<\/p>\n<p>I den sista delen av \u201dHatet\u201d s\u00e4ger Lundell att han fick sina traumatiska barndomsminnen f\u00f6rst 2016, n\u00e4r han var 31 \u00e5r gammal och fick ut sina journaler fr\u00e5n socialtj\u00e4nsten.<\/p>\n<p>Granhag uttalar sig generellt och kommenterar inte specifikt Lundells barndomsminnen. Han s\u00e4ger att personer som pratar om borttr\u00e4ngda minnen oftast inte ljuger medvetet, utan sj\u00e4lva tror p\u00e5 att deras minnen \u00e4r verkliga.<\/p>\n<p>Omni \u00e4r politiskt obundna och oberoende. Vi str\u00e4var efter att ge fler perspektiv p\u00e5 nyheterna. Har du fr\u00e5gor eller synpunkter kring v\u00e5r rapportering? <a href=\"https:\/\/omni.se\/professor-finns-inget-stod-for-borttrangda-minnen\/a\/mailto:redaktion@omni.se\" class=\"ArticleActions_contactLink__W2F1M\" rel=\"nofollow noopener\" target=\"_blank\">Kontakta redaktionen<\/a><\/p>\n","protected":false},"excerpt":{"rendered":"Det finns inget vetenskapligt st\u00f6d f\u00f6r borttr\u00e4ngda minnen \u2013 allts\u00e5 att traumatiska minnen fr\u00e5n exempelvis barndomen f\u00f6rtr\u00e4ngs f\u00f6r&hellip;\n","protected":false},"author":2,"featured_media":107512,"comment_status":"","ping_status":"","sticky":false,"template":"","format":"standard","meta":{"footnotes":""},"categories":[14],"tags":[22,23,26,27,17,21,2710,24,25,28,29,732,15,16,18,34,31,33,32,30,19,20,51,52,53,54],"class_list":{"0":"post-107511","1":"post","2":"type-post","3":"status-publish","4":"format-standard","5":"has-post-thumbnail","7":"category-varlden","8":"tag-breaking-news","9":"tag-breakingnews","10":"tag-featured-news","11":"tag-featurednews","12":"tag-headlines","13":"tag-huvudnyheter","14":"tag-joakim-lundell","15":"tag-latest-news","16":"tag-latestnews","17":"tag-main-news","18":"tag-mainnews","19":"tag-media-reklam","20":"tag-news","21":"tag-nyheter","22":"tag-rubriker","23":"tag-se","24":"tag-svenska","25":"tag-sverige","26":"tag-sweden","27":"tag-swedish","28":"tag-top-stories","29":"tag-topstories","30":"tag-varlden","31":"tag-world","32":"tag-world-news","33":"tag-worldnews"},"share_on_mastodon":{"url":"https:\/\/pubeurope.com\/@se\/115728077689231591","error":""},"_links":{"self":[{"href":"https:\/\/www.europesays.com\/se\/wp-json\/wp\/v2\/posts\/107511","targetHints":{"allow":["GET"]}}],"collection":[{"href":"https:\/\/www.europesays.com\/se\/wp-json\/wp\/v2\/posts"}],"about":[{"href":"https:\/\/www.europesays.com\/se\/wp-json\/wp\/v2\/types\/post"}],"author":[{"embeddable":true,"href":"https:\/\/www.europesays.com\/se\/wp-json\/wp\/v2\/users\/2"}],"replies":[{"embeddable":true,"href":"https:\/\/www.europesays.com\/se\/wp-json\/wp\/v2\/comments?post=107511"}],"version-history":[{"count":0,"href":"https:\/\/www.europesays.com\/se\/wp-json\/wp\/v2\/posts\/107511\/revisions"}],"wp:featuredmedia":[{"embeddable":true,"href":"https:\/\/www.europesays.com\/se\/wp-json\/wp\/v2\/media\/107512"}],"wp:attachment":[{"href":"https:\/\/www.europesays.com\/se\/wp-json\/wp\/v2\/media?parent=107511"}],"wp:term":[{"taxonomy":"category","embeddable":true,"href":"https:\/\/www.europesays.com\/se\/wp-json\/wp\/v2\/categories?post=107511"},{"taxonomy":"post_tag","embeddable":true,"href":"https:\/\/www.europesays.com\/se\/wp-json\/wp\/v2\/tags?post=107511"}],"curies":[{"name":"wp","href":"https:\/\/api.w.org\/{rel}","templated":true}]}}