{"id":107539,"date":"2025-12-16T07:58:22","date_gmt":"2025-12-16T07:58:22","guid":{"rendered":"https:\/\/www.europesays.com\/se\/107539\/"},"modified":"2025-12-16T07:58:22","modified_gmt":"2025-12-16T07:58:22","slug":"har-inte-hort-nagot-om-os-inget-personligt-till-mig","status":"publish","type":"post","link":"https:\/\/www.europesays.com\/se\/107539\/","title":{"rendered":"Har inte h\u00f6rt n\u00e5got om OS: &#8221;Inget personligt till mig&#8221;"},"content":{"rendered":"<p><strong>Jesper Wallstedt har seglat upp som en stekhet OS-kandidat efter succ\u00e9n i Minnesota. Men han har inte h\u00f6rt n\u00e5got fr\u00e5n landslagsledningen.<br \/>\u2013 Jag har inte f\u00e5tt n\u00e5gra personliga meddelanden, s\u00e4ger han i en intervju med svensk media.<\/strong><\/p>\n<p><img loading=\"lazy\" decoding=\"async\" width=\"1024\" height=\"658\" src=\"https:\/\/www.europesays.com\/se\/wp-content\/uploads\/2025\/12\/Wallstedt-OS-1024x658.webp.webp\" alt=\"\" class=\"wp-image-336700\"  \/>F\u00e5r vi se Jesper Wallstedt i OS?<br \/><strong>Foto:<\/strong> Bildbyr\u00e5n.<\/p>\n<p><a href=\"https:\/\/hockeysverige.se\/spelare\/jesper-wallstedt\/\" rel=\"nofollow noopener\" target=\"_blank\">Jesper Wallstedt<\/a> har, statistiskt sett, varit <a href=\"https:\/\/hockeysverige.se\/nhl\/\" rel=\"nofollow noopener\" target=\"_blank\">NHL:s<\/a> b\u00e4sta m\u00e5lvakt under h\u00f6sten. Och den svenska m\u00e5lvaktsuppt\u00e4llning som inf\u00f6r s\u00e4songen k\u00e4ndes given inf\u00f6r OS, med <a href=\"https:\/\/hockeysverige.se\/spelare\/filip-gustavsson\/\" rel=\"nofollow noopener\" target=\"_blank\">Filip Gustavsson<\/a>, <a href=\"https:\/\/hockeysverige.se\/spelare\/jacob-markstrom\/\" rel=\"nofollow noopener\" target=\"_blank\">Jacob Markstr\u00f6m<\/a> och <a href=\"https:\/\/hockeysverige.se\/spelare\/linus-ullmark\/\" rel=\"nofollow noopener\" target=\"_blank\">Linus Ullmark<\/a>, \u00e4r pl\u00f6tsligt l\u00e5ngt ifr\u00e5n lika sj\u00e4lvklar.<\/p>\n<p>Nu har Wallstedt seglat upp som en stekhet OS-kandidat f\u00f6r <a href=\"https:\/\/hockeysverige.se\/landslag\/sverige\/\" rel=\"nofollow noopener\" target=\"_blank\">Tre Kronor<\/a>.<\/p>\n<p>Men sj\u00e4lv har <a href=\"https:\/\/hockeysverige.se\/klubb\/minnesota-wild\/\" rel=\"nofollow noopener\" target=\"_blank\">Minnesotas<\/a> succ\u00e9keeper inte h\u00f6rt n\u00e5got fr\u00e5n Sam Hallam och de \u00f6vriga i landslagsledningen.<\/p>\n<p>\u2013 Nej, inget personligt till mig. Som m\u00e5nga av de andra \u00e4r jag med i de h\u00e4r mejlgrupperna, vad de nu \u00e4r, men det tror jag alla som spelar h\u00e4r borta \u00e4r. Men jag har inte f\u00e5tt n\u00e5gra personliga meddelanden. Och jag har inte h\u00f6rt n\u00e5got om de h\u00e4r dopinggrejerna som m\u00e5nga av de andra har gjort, s\u00e4ger han i en intervju med svensk media.<\/p>\n<p>Jesper Wallstedt: \u201dIngen trodde det skulle finnas en chans\u201d<\/p>\n<p>Wallstedt sj\u00e4lv menar dock att <a href=\"https:\/\/hockeysverige.se\/os\/\" rel=\"nofollow noopener\" target=\"_blank\">OS<\/a> inte \u00e4r n\u00e5got han funderat speciellt mycket p\u00e5 under s\u00e4songen.<br \/>\u2013 Nej, jag har inte t\u00e4nkt s\u00e5 mycket p\u00e5 det, helt \u00e4rligt. Inf\u00f6r s\u00e4songen trodde v\u00e4l ingen, inklusive jag, att det skulle finnas en chans. S\u00e5 det har inte slagit mig \u00e4n. F\u00f6r mig har det bara handlat om att<a href=\"https:\/\/hockeysverige.se\/nhl\/sa-vande-jesper-wallstedt-mardrommen-till-succe\" rel=\"nofollow noopener\" target=\"_blank\"> f\u00f6rs\u00f6ka gl\u00f6mma f\u00f6rra \u00e5ret<\/a> och prestera s\u00e5 gott som m\u00f6jligt. Jag har bara tagit en match i taget och en tr\u00e4ning i taget och fokuserat p\u00e5 att ge v\u00e5rt lag en s\u00e5 bra chans som m\u00f6jligt att vinna. <br \/>\u2013 Mitt m\u00e5l \u00e4r att forts\u00e4tta vinna matcher, och sen f\u00e5r vi se vad som h\u00e4nder i februari.<\/p>\n<p><img loading=\"lazy\" decoding=\"async\" width=\"1024\" height=\"658\" src=\"https:\/\/www.europesays.com\/se\/wp-content\/uploads\/2025\/12\/Jesper-Wallstedt-1024x658.webp.webp\" alt=\"\" class=\"wp-image-248219\"  \/>Jesper Wallstedt i Minnesota Wild. <br \/><strong>Foto: <\/strong>Bildbyr\u00e5n.<\/p>\n<p><strong>\u00c4r du f\u00f6rv\u00e5nad \u00f6ver att du inte h\u00f6rt n\u00e5got?<br \/><\/strong>\u2013 Nej, det skulle jag inte s\u00e4ga. Precis som jag sa tidigare \u00e4r mitt m\u00e5l bara att spela s\u00e5 bra som m\u00f6jligt h\u00e4r. Hade det inte g\u00e5tt lika bra som det gjort nu hade ingen ringt eller h\u00f6rt av sig heller. Jag fokuserar bara p\u00e5 att vinna matcher, och hittills har det g\u00e5tt ganska bra f\u00f6r oss s\u00e5 jag planerar att forts\u00e4tta med det.<\/p>\n<p>OS-truppen ska skickas in senast p\u00e5 ny\u00e5rsafton.<\/p>\n<p>Jesper Wallstedts kaotiska JVM<\/p>\n<p>Wallstedt har sedan tidigare en diger landslagserfarenhet. Han har varit med i tv\u00e5 U18-VM med <a href=\"https:\/\/hockeysverige.se\/landslag\/smakronorna\/\" rel=\"nofollow noopener\" target=\"_blank\">Sm\u00e5kronorna<\/a> och tv\u00e5 <a href=\"https:\/\/hockeysverige.se\/junior-vm\/\" rel=\"nofollow noopener\" target=\"_blank\">U20-VM<\/a> med <a href=\"https:\/\/hockeysverige.se\/landslag\/juniorkronorna\/\" rel=\"nofollow noopener\" target=\"_blank\">Juniorkronorna<\/a>. Eller ja, tre U20-VM om vi r\u00e4knar in den turneringen som inleddes men sen avbr\u00f6ts efter ett par dagar. Dessutom har Wallstedt varit med i tv\u00e5 senior-VM och f\u00e5tt speltid i ett av de tv\u00e5 m\u00e4sterskapen.<\/p>\n<p>\u2013 Det hade varit j\u00e4vligt kul. Det \u00e4r klart man vill spela OS och representera Sverige. Alla g\u00e5nger jag har f\u00e5tt chansen att g\u00f6ra det s\u00e5 har jag tackat ja. Jag vill alltid representera de tre kronorna, och det \u00e4r alltid en stor \u00e4ra att f\u00e5 g\u00f6ra det. Det hade varit otroligt h\u00e4ftigt om m\u00f6jligheten d\u00f6k upp.<\/p>\n<p>Han har tidigare varit med och vunnit guld i U18-VM och brons i U20-VM samt VM. Men de d\u00e4r JVM-turneringarna Jesper Wallstedt var med om \u00e4r ih\u00e5gkomna f\u00f6r n\u00e5got helt annat \u00e4n det d\u00e4r bronset. Fr\u00e5gan \u00e4r om n\u00e5gon har varit med om lika m\u00e4rkliga JVM-turneringar som Minnesotas stj\u00e4rnkeeper.<\/p>\n<p>F\u00f6rst var han med i JVM 2020\/2021, men d\u00e5 som backup till Hugo Alnefelt. Wallstedt spelade tv\u00e5 matcher inf\u00f6r tomma l\u00e4ktare, till f\u00f6ljd av Covid-19. \u00c5ret efter togs Wallstedt ut igen, d\u00e5 som given etta. Den turneringen avbr\u00f6ts efter ett par dagar till f\u00f6ljd av att Covid-bubblan sprack och m\u00e4ngder av spelare testade positivt f\u00f6r den l\u00f6mska sjukdomen, Men innan avresan hem till Sverige drabbades Wallstedt sj\u00e4lv, vilket gjorde att han blev kvar i Nordamerika och fick sitta ensam p\u00e5 ett hotellrum i fem dagar innan han till sist fick m\u00f6jlighet att \u00e5ka hem till Sverige. <\/p>\n<p><img loading=\"lazy\" decoding=\"async\" width=\"1024\" height=\"576\" src=\"https:\/\/www.europesays.com\/se\/wp-content\/uploads\/2025\/12\/Jesper-Wallstedt2.jpg\" alt=\"\" class=\"wp-image-142815\"  \/>Jesper Wallstedt var med och tog ett brons i U20-VM, och ett guld i U18-VM.<br \/><strong>Foto: <\/strong>Bildbyr\u00e5n.<\/p>\n<p>Ska se Sveriges premi\u00e4rmatch<\/p>\n<p>Slutligen \u00e5terstartades turneringen i augusti 2022. Tredje g\u00e5ngen gillt f\u00f6r Wallstedt, som d\u00e5 fick med sig en bronsmedalj hem till Sverige.<\/p>\n<p>\u2013 Det \u00e4r klart att ett inst\u00e4llt JVM, med fem dagar p\u00e5 ett hotellrum med Covid ligger n\u00e4rmast, s\u00e4ger han med ett leende.<br \/>\u2013 Men jag m\u00e5ste s\u00e4ga att jag har v\u00e4ldigt mycket positiva minnen ocks\u00e5. Jag \u00e4lskade att spela f\u00f6r Sverige i JVM och jag fick ju chansen tre g\u00e5nger ocks\u00e5, om vi r\u00e4knar med den inst\u00e4llda turneringen. Det \u00e4r n\u00e5gra av de roligaste turneringarna jag varit p\u00e5 med landslaget. <br \/>\u2013 Och \u00e4ven fast JVM slutade med att jag blev fast p\u00e5 ett hotellrum fick vi ju chansen att spela p\u00e5 sommaren ist\u00e4llet, och ta ett brons. Det var himla roligt.<\/p>\n<p>Vinterns JVM spelas i Minnesota, och Wilds hemmaarena i St. Paul \u00e4r huvudspelplats f\u00f6r turneringen. Det \u00e4r ocks\u00e5 d\u00e4r Sverige spelar sina gruppspelsmatcher.<\/p>\n<p>\u2013 Jag \u00e4r taggad p\u00e5 att det kommer hit. V vi svenskar ska f\u00f6rs\u00f6ka g\u00e5 p\u00e5 premi\u00e4ren, och sen \u00e5ker ju vi p\u00e5 en l\u00e5ng roadtrip just med tanke p\u00e5 att turneringen spelas h\u00e4r. Man hade ju velat kunna se lite fler matcher, nu n\u00e4r det spelas p\u00e5 v\u00e5r hemmaplan.<\/p>\n<p>Sverige premi\u00e4rspelar mot Slovakien, den 26:e december klockan 19:00.<\/p>\n<p> Source: <a href=\"https:\/\/www.eliteprospects.com\/player\/394724\/jesper-wallstedt\" target=\"_blank\" rel=\"noopener noreferrer nofollow\">Jesper Wallstedt<\/a> @ Elite Prospects<\/p>\n","protected":false},"excerpt":{"rendered":"Jesper Wallstedt har seglat upp som en stekhet OS-kandidat efter succ\u00e9n i Minnesota. Men han har inte h\u00f6rt&hellip;\n","protected":false},"author":2,"featured_media":107540,"comment_status":"","ping_status":"","sticky":false,"template":"","format":"standard","meta":{"footnotes":""},"categories":[68],"tags":[247,2578,34,111,110,31,33,32,30],"class_list":{"0":"post-107539","1":"post","2":"type-post","3":"status-publish","4":"format-standard","5":"has-post-thumbnail","7":"category-sport","8":"tag-nhl","9":"tag-os","10":"tag-se","11":"tag-sport","12":"tag-sports","13":"tag-svenska","14":"tag-sverige","15":"tag-sweden","16":"tag-swedish"},"share_on_mastodon":{"url":"https:\/\/pubeurope.com\/@se\/115728187872389960","error":""},"_links":{"self":[{"href":"https:\/\/www.europesays.com\/se\/wp-json\/wp\/v2\/posts\/107539","targetHints":{"allow":["GET"]}}],"collection":[{"href":"https:\/\/www.europesays.com\/se\/wp-json\/wp\/v2\/posts"}],"about":[{"href":"https:\/\/www.europesays.com\/se\/wp-json\/wp\/v2\/types\/post"}],"author":[{"embeddable":true,"href":"https:\/\/www.europesays.com\/se\/wp-json\/wp\/v2\/users\/2"}],"replies":[{"embeddable":true,"href":"https:\/\/www.europesays.com\/se\/wp-json\/wp\/v2\/comments?post=107539"}],"version-history":[{"count":0,"href":"https:\/\/www.europesays.com\/se\/wp-json\/wp\/v2\/posts\/107539\/revisions"}],"wp:featuredmedia":[{"embeddable":true,"href":"https:\/\/www.europesays.com\/se\/wp-json\/wp\/v2\/media\/107540"}],"wp:attachment":[{"href":"https:\/\/www.europesays.com\/se\/wp-json\/wp\/v2\/media?parent=107539"}],"wp:term":[{"taxonomy":"category","embeddable":true,"href":"https:\/\/www.europesays.com\/se\/wp-json\/wp\/v2\/categories?post=107539"},{"taxonomy":"post_tag","embeddable":true,"href":"https:\/\/www.europesays.com\/se\/wp-json\/wp\/v2\/tags?post=107539"}],"curies":[{"name":"wp","href":"https:\/\/api.w.org\/{rel}","templated":true}]}}