{"id":107614,"date":"2025-12-16T09:19:07","date_gmt":"2025-12-16T09:19:07","guid":{"rendered":"https:\/\/www.europesays.com\/se\/107614\/"},"modified":"2025-12-16T09:19:07","modified_gmt":"2025-12-16T09:19:07","slug":"bk-hacken-varvar-offensiv-talang-fran-alingsas","status":"publish","type":"post","link":"https:\/\/www.europesays.com\/se\/107614\/","title":{"rendered":"BK H\u00e4cken v\u00e4rvar offensiv talang fr\u00e5n Alings\u00e5s"},"content":{"rendered":"<p><strong>BK H\u00e4cken forts\u00e4tter att f\u00f6rst\u00e4rka truppen inf\u00f6r kommande s\u00e4song. Senaste tillskottet \u00e4r en 18-\u00e5rig forward fr\u00e5n Alings\u00e5s \u2013 som inte tvekade en sekund n\u00e4r fr\u00e5gan kom.<br \/>\u2013 Klart att man vill spela med de b\u00e4sta i Sverige, s\u00e4ger Tilde Karlsson.<\/strong><\/p>\n<p>Tilde Karlsson \u00e4r f\u00f6dd och uppvuxen i Alings\u00e5s, d\u00e4r hon ocks\u00e5 b\u00f6rjade sin fotbollsresa vid sex \u00e5rs \u00e5lder. Fotbollen har varit en del av hennes liv n\u00e4stan s\u00e5 l\u00e4nge hon kan minnas och det har blivit en livsl\u00e5ng k\u00e4rlek, s\u00e4ger hon.\u00a0<\/p>\n<p>\u2013 Det \u00e4r n\u00e5got speciellt med mig och en boll. Det h\u00e4nder n\u00e5got i kroppen och jag blir glad bara av att se en fotboll. Jag \u00e4lskar k\u00e4nslan av att vinna och av att se resultat n\u00e4r man jobbar h\u00e5rt.<\/p>\n<p><strong>Noggrann och snabb<\/strong><\/p>\n<p>Talangen stannade i Alings\u00e5s KIK till sexton\u00e5rs\u00e5ldern, d\u00e5 det blev en flytt till Alings\u00e5s IF. Inledningsvis spelade hon med klubbens F19-lag, men redan under sommaren samma \u00e5r blev hon uppflyttad till A-laget.\u00a0<\/p>\n<p>\u2013 Jag gillar att utmana en mot en och ta mig f\u00f6rbi min spelare, s\u00e4ger Tilde. Jag k\u00e4mpar alltid f\u00f6r laget och \u00e4r noggrann i allt jag g\u00f6r. Snabbheten \u00e4r ocks\u00e5 en styrka.<\/p>\n<p>\u00a0<\/p>\n<p>Framg\u00e5ngen kom snabbt, hon blev startspelare i A-laget och var med att ta upp Alings\u00e5s IF till OBOS Damallsvenskan. V\u00e4l d\u00e4r blev det en speciell s\u00e4song, d\u00e4r resultaten inte blev som laget hoppats p\u00e5. Men den gav spelm\u00e4ssig utveckling \u2013 och att BK H\u00e4cken s\u00e5g stor potential i F18-landslagsspelaren, s\u00e4ger fotbollschef Martin Ericsson.\u00a0<\/p>\n<p>\u2013 Tilde \u00e4r en modig spelare som gillar att utmana, och som med sin snabbhet och l\u00f6pstyrka gjort det v\u00e4ldigt bra i Alings\u00e5s. Tilde kan sl\u00e5 sin motst\u00e5ndare b\u00e5de med och utan boll och har mentaliteten att vilja bli b\u00e4st. I v\u00e5r milj\u00f6 tror jag att hon har alla m\u00f6jligheter att utvecklas till en toppspelare.<\/p>\n<p><strong>Tar studenten till v\u00e5ren\u00a0<\/strong><\/p>\n<p>Med en termin kvar p\u00e5 gymnasiet blir det en annorlunda vardag f\u00f6r Tilde Karlsson fram\u00f6ver. I BK H\u00e4cken v\u00e4ntar proffsliv, tr\u00e4ning p\u00e5 dagtid och ett pusslande med skolan. Och det \u00e4r en milj\u00f6 hon l\u00e4ngtar till, s\u00e4ger hon.\u00a0<\/p>\n<p>\u2013 Det ska bli j\u00e4tteroligt. Det h\u00e4r \u00e4r de b\u00e4sta spelarna i Sverige, s\u00e5 det \u00e4r klart att det \u00e4r inspirerande att f\u00e5 komma in i den milj\u00f6n. Det \u00e4r en annorlunda milj\u00f6, men det ska bara bli roligt att f\u00e5 g\u00f6ra det jag tycker om \u00e4nnu mer.<\/p>\n","protected":false},"excerpt":{"rendered":"BK H\u00e4cken forts\u00e4tter att f\u00f6rst\u00e4rka truppen inf\u00f6r kommande s\u00e4song. Senaste tillskottet \u00e4r en 18-\u00e5rig forward fr\u00e5n Alings\u00e5s \u2013&hellip;\n","protected":false},"author":2,"featured_media":107615,"comment_status":"","ping_status":"","sticky":false,"template":"","format":"standard","meta":{"footnotes":""},"categories":[68],"tags":[159,4526,138,4527,3474,34,111,110,31,33,32,30],"class_list":{"0":"post-107614","1":"post","2":"type-post","3":"status-publish","4":"format-standard","5":"has-post-thumbnail","7":"category-sport","8":"tag-allsvenskan","9":"tag-bravida-arena","10":"tag-fotboll","11":"tag-gpa","12":"tag-hisingen","13":"tag-se","14":"tag-sport","15":"tag-sports","16":"tag-svenska","17":"tag-sverige","18":"tag-sweden","19":"tag-swedish"},"share_on_mastodon":{"url":"https:\/\/pubeurope.com\/@se\/115728506190759883","error":""},"_links":{"self":[{"href":"https:\/\/www.europesays.com\/se\/wp-json\/wp\/v2\/posts\/107614","targetHints":{"allow":["GET"]}}],"collection":[{"href":"https:\/\/www.europesays.com\/se\/wp-json\/wp\/v2\/posts"}],"about":[{"href":"https:\/\/www.europesays.com\/se\/wp-json\/wp\/v2\/types\/post"}],"author":[{"embeddable":true,"href":"https:\/\/www.europesays.com\/se\/wp-json\/wp\/v2\/users\/2"}],"replies":[{"embeddable":true,"href":"https:\/\/www.europesays.com\/se\/wp-json\/wp\/v2\/comments?post=107614"}],"version-history":[{"count":0,"href":"https:\/\/www.europesays.com\/se\/wp-json\/wp\/v2\/posts\/107614\/revisions"}],"wp:featuredmedia":[{"embeddable":true,"href":"https:\/\/www.europesays.com\/se\/wp-json\/wp\/v2\/media\/107615"}],"wp:attachment":[{"href":"https:\/\/www.europesays.com\/se\/wp-json\/wp\/v2\/media?parent=107614"}],"wp:term":[{"taxonomy":"category","embeddable":true,"href":"https:\/\/www.europesays.com\/se\/wp-json\/wp\/v2\/categories?post=107614"},{"taxonomy":"post_tag","embeddable":true,"href":"https:\/\/www.europesays.com\/se\/wp-json\/wp\/v2\/tags?post=107614"}],"curies":[{"name":"wp","href":"https:\/\/api.w.org\/{rel}","templated":true}]}}