{"id":107627,"date":"2025-12-16T09:28:08","date_gmt":"2025-12-16T09:28:08","guid":{"rendered":"https:\/\/www.europesays.com\/se\/107627\/"},"modified":"2025-12-16T09:28:08","modified_gmt":"2025-12-16T09:28:08","slug":"hanna-lublin-niklasson-i-ar-blir-det-ingen-raketglogg","status":"publish","type":"post","link":"https:\/\/www.europesays.com\/se\/107627\/","title":{"rendered":"Hanna Lublin Niklasson: I \u00e5r blir det ingen raketgl\u00f6gg"},"content":{"rendered":"<p><strong>Hanna Lublin Niklasson inser att hennes familj lurat henne varenda jul.<\/strong><\/p>\n<p>N\u00e4r jag vill l\u00e4tta upp st\u00e4mningen lite brukar jag s\u00e4ga att jag f\u00f6rs\u00f6kt ta livet av mig tv\u00e5 g\u00e5nger. Det \u00e4r en sanning med modifikation, men oavsett hur man r\u00e4knar har jag haft min besk\u00e4rda del av jobbiga n\u00e4tter, r\u00f6da dagar och kriser. V\u00e4rst var det f\u00f6r runt sju \u00e5r sedan, men \u00e4n idag kan jag h\u00f6ra ekon fr\u00e5n den tiden, \u00e4n idag g\u00f6r depressionen sig p\u00e5mind i mitt vardagliga liv. Inte bara i form av sm\u00e5 blekrosa depotkapslar som jag fortfarande sv\u00e4ljer ner med morgonkaffet, utan ocks\u00e5 genom blekrosa \u00e4rr som aldrig kommer f\u00f6rsvinna helt och en lastgammal katt jag adopterade f\u00f6r att muntra upp mig sj\u00e4lv. Men aldrig visar sig konsekvenserna av min gamla depression s\u00e5 tydligt som runt jul; resterna av den m\u00f6rka tiden kommer med m\u00f6rkret och kulminerar den tjugofj\u00e4rde.<\/p>\n<p>Fler \u00e4n en g\u00e5ng har jag blivit beskylld f\u00f6r att ha en riktig Fanny och Alexander-jul. Och kombinationen av en v\u00e4ldigt stor familj och ett julfirande som tar plats i ett idylliskt hus i norra Uppland bjuder kanske in till j\u00e4mf\u00f6relsen. Sm\u00e5barnen springer runt i kl\u00e4nning och fl\u00e4tor, granen tindrar ikapp med deras \u00f6gon. Mormor l\u00f6ser korsord i k\u00f6ket och medbjudna respektive f\u00f6rs\u00f6ker hitta sin roll i spektaklet, varsamt balanserande f\u00f6r att inte hj\u00e4lpa till f\u00f6r lite men inte heller ta f\u00f6r mycket utrymme. Alla har sin plats och sin funktion, minuti\u00f6st utt\u00e4nkt och n\u00f6dv\u00e4ndig f\u00f6r att det v\u00e4loljade maskineriet inte ska haverera. Helheten blir st\u00f6rre \u00e4n summan av sina delar. Nike g\u00f6r skagenr\u00f6ra, Gustav ansvarar f\u00f6r middagen, Stefan ordnar ost och chark. Alla lika viktiga f\u00f6r att det ska g\u00e5 ihop, f\u00f6r att det ska bli en jul i \u00e5r igen. Eller, n\u00e4stan alla i alla fall.<\/p>\n<p>De senaste \u00e5ren har en smygande k\u00e4nsla v\u00e4xt sig starkare inom mig. K\u00e4nslan av att de uppgifter jag tilldelats inte \u00e4r riktigt lika b\u00e4rande i bygget som de andra. Att det skulle bli jul \u00e4ven om jag inte levererade allt jag brukar. I efterhand kan jag f\u00f6rst\u00e5 att jag borde sett tecknen tidigare. Visst, det brukar bli vegosill \u00f6ver \u00e4ven efter att julbord nummer tv\u00e5 och tre avhandlats i mellandagarna, och visst, det \u00e4r ingen som h\u00e5ller svampomeletten som favoriten p\u00e5 julbordet. Min hemgjorda gl\u00f6gg har kanske gl\u00f6mts bort n\u00e5gra \u00e5r, men det har ju varit av misstag. Oturliga omst\u00e4ndigheter som jag f\u00f6rst i efterhand b\u00f6rjat se i sitt r\u00e4tta ljus. Pl\u00e5gsamt tydligt blev det f\u00f6rra julen n\u00e4r min gl\u00f6gg gr\u00f6nljusades samma kv\u00e4ll som min brors om\u00e5ttligt popul\u00e4ra juldrink. Efter en kortare f\u00f6rvirring och en orov\u00e4ckande snabb eskalering av samtalstonen tog min storasyster tag i situationen och sa det alla t\u00e4nkt i \u00e5ratal men ingen v\u00e5gat s\u00e4ga; sn\u00e4lla, det \u00e4r ingen som vill dricka den d\u00e4r j\u00e4vlagl\u00f6ggen.<\/p>\n<p>Pl\u00f6tsligt blev sakernas tillst\u00e5nd v\u00e4ldigt tydligt f\u00f6r mig. Arbetsuppgifterna delades ut f\u00f6rsta g\u00e5ngen vi firade jul i huset, f\u00f6r ungef\u00e4r sju-\u00e5tta \u00e5r sedan. Jag kom med mina egna f\u00f6rslag och sj\u00e4lvklart var det ingen som sade emot. Sj\u00e4lvklart var det ingen som lade n\u00e5got viktigt p\u00e5 mig. Insikten kommer som en l\u00e5ngsam flodv\u00e5g av r\u00f6d skam. Alla saker jag ordnat till julbordet genom \u00e5ren, driftig och p\u00e5hittig. Asiatisk brysselk\u00e5l! En tredje sorts vegosill! Det \u00e4r klart att ingen hindrade mig, de var bara glada \u00f6ver att jag inte tagit livet av mig \u00e4nnu. N\u00e4r jag kommer att t\u00e4nka p\u00e5 \u00e5ret jag gjorde boba tea utan att n\u00e5gon protesterade chockas jag \u00f6ver att jag inte f\u00f6rst\u00e5tt tidigare. St\u00f6rre delen av mitt vuxenliv har varit en Fas 3-tillvaro utan att jag m\u00e4rkt av det.<\/p>\n<p>Varje julbak och inlagd auberginebit har varit s\u00e4songsbetonad arbetstr\u00e4ning. Do you think a depressed person could make this? Nej s\u00e4kert inte, och vad duktig du \u00e4r Hanna! Tack s\u00e5 mycket, hela mitt liv \u00e4r en l\u00f6gn. Jag s\u00e4ger inte att n\u00e5gon gjort fel. Det \u00e4r klart att jag inte fick ansvara f\u00f6r n\u00e5got viktigt. Skulle man ge mig ansvar f\u00f6r julskinkan? Hur skulle det se ut n\u00e4r jag knappt kunde dricka ett glas vin utan att sk\u00e4ra mig i armarna. Insikten g\u00f6r mig inte ledsen, jag \u00f6nskar bara att n\u00e5gon hade sagt n\u00e5got tidigare. Att jag hade kunnat f\u00e5 vara med att bidra p\u00e5 riktigt nu n\u00e4r jag \u00e4r frisk i huvudet. Kanske hade mamma bara kunnat ta mig \u00e5t sidan n\u00e5gon g\u00e5ng och sagt \u201dHanna, vad tror du om att du g\u00f6r n\u00e5got annat den h\u00e4r julen? Tjejerna beh\u00f6ver hj\u00e4lp med kakbordet, kanske vill du st\u00e5 f\u00f6r kn\u00e4cken?\u201d Ingen hade beh\u00f6vt sk\u00e4mmas, ingen hade beh\u00f6vt f\u00f6rst\u00e5 att jag genomsk\u00e5dat sk\u00e5despeleriet.<\/p>\n<p>Julen n\u00e4rmar sig med stormsteg. Alla har sina uppgifter och ansvar, lika viktiga f\u00f6r slutresultatet, och den h\u00e4r julen f\u00e5r familjen \u00e4ntligen som den vill. I \u00e5r blir det ingen raketgl\u00f6gg. F\u00f6r f\u00f6rsta g\u00e5ngen p\u00e5 tio \u00e5r finns inget vegetariskt alternativ till sillen. Nu ska jag g\u00f6ra n\u00e5got folk tycker om p\u00e5 riktigt. Jag lutar \u00e5t tiramis\u00fa och revbensspj\u00e4ll, och om det blir rester \u00f6ver lovar jag att jag tar livet av mig.<\/p>\n","protected":false},"excerpt":{"rendered":"Hanna Lublin Niklasson inser att hennes familj lurat henne varenda jul. N\u00e4r jag vill l\u00e4tta upp st\u00e4mningen lite&hellip;\n","protected":false},"author":2,"featured_media":107628,"comment_status":"","ping_status":"","sticky":false,"template":"","format":"standard","meta":{"footnotes":""},"categories":[67],"tags":[1589,104,903,1083,1590,1591,902,1588,1082,1596,417,1592,172,1587,1593,34,1595,258,31,33,32,30,1594,105],"class_list":{"0":"post-107627","1":"post","2":"type-post","3":"status-publish","4":"format-standard","5":"has-post-thumbnail","7":"category-underhallning","8":"tag-dryck","9":"tag-entertainment","10":"tag-film","11":"tag-goteborg","12":"tag-klubb","13":"tag-konsert","14":"tag-konst","15":"tag-krog","16":"tag-litteratur","17":"tag-lund","18":"tag-malmo","19":"tag-mode","20":"tag-musik","21":"tag-nojesguiden","22":"tag-scen","23":"tag-se","24":"tag-spel","25":"tag-stockholm","26":"tag-svenska","27":"tag-sverige","28":"tag-sweden","29":"tag-swedish","30":"tag-tv","31":"tag-underhallning"},"share_on_mastodon":{"url":"https:\/\/pubeurope.com\/@se\/115728542061555437","error":""},"_links":{"self":[{"href":"https:\/\/www.europesays.com\/se\/wp-json\/wp\/v2\/posts\/107627","targetHints":{"allow":["GET"]}}],"collection":[{"href":"https:\/\/www.europesays.com\/se\/wp-json\/wp\/v2\/posts"}],"about":[{"href":"https:\/\/www.europesays.com\/se\/wp-json\/wp\/v2\/types\/post"}],"author":[{"embeddable":true,"href":"https:\/\/www.europesays.com\/se\/wp-json\/wp\/v2\/users\/2"}],"replies":[{"embeddable":true,"href":"https:\/\/www.europesays.com\/se\/wp-json\/wp\/v2\/comments?post=107627"}],"version-history":[{"count":0,"href":"https:\/\/www.europesays.com\/se\/wp-json\/wp\/v2\/posts\/107627\/revisions"}],"wp:featuredmedia":[{"embeddable":true,"href":"https:\/\/www.europesays.com\/se\/wp-json\/wp\/v2\/media\/107628"}],"wp:attachment":[{"href":"https:\/\/www.europesays.com\/se\/wp-json\/wp\/v2\/media?parent=107627"}],"wp:term":[{"taxonomy":"category","embeddable":true,"href":"https:\/\/www.europesays.com\/se\/wp-json\/wp\/v2\/categories?post=107627"},{"taxonomy":"post_tag","embeddable":true,"href":"https:\/\/www.europesays.com\/se\/wp-json\/wp\/v2\/tags?post=107627"}],"curies":[{"name":"wp","href":"https:\/\/api.w.org\/{rel}","templated":true}]}}