{"id":107637,"date":"2025-12-16T09:33:14","date_gmt":"2025-12-16T09:33:14","guid":{"rendered":"https:\/\/www.europesays.com\/se\/107637\/"},"modified":"2025-12-16T09:33:14","modified_gmt":"2025-12-16T09:33:14","slug":"sa-vantas-vadret-bli-pa-julafton","status":"publish","type":"post","link":"https:\/\/www.europesays.com\/se\/107637\/","title":{"rendered":"S\u00e5 v\u00e4ntas v\u00e4dret bli p\u00e5 julafton"},"content":{"rendered":"<p>Publicerad 16 dec 2025 kl 07.54Uppdaterad kl 09.51<\/p>\n<p>Plusgrader. Ingen sn\u00f6. Gr\u00e5tt.<\/p>\n<p>Man kan tro att julv\u00e4dret ska bli extra tr\u00e5kigt i \u00e5r.<\/p>\n<p>Men sticker det verkligen ut?<\/p>\n<p>\u2013 Nej, s\u00e4ger meteorologen Linus Karlsson.<\/p>\n<p><img   alt=\"\"\/><\/p>\n<p>Det \u00e4r gr\u00e5tt.<\/p>\n<p>Foto: Magnus Hallgren\/DN\/TT \/ TT NYHETSBYR\u00c5N<\/p>\n<p>\u00d6ppna bild i helsk\u00e4rm<img loading=\"lazy\"   alt=\"\"\/><\/p>\n<p>God gr\u00e5 jul.<\/p>\n<p>Foto: Emma Hammarfeldt<\/p>\n<p>\u00d6ppna bild i helsk\u00e4rm<img loading=\"lazy\"   alt=\"\"\/><\/p>\n<p>Regn har fallit h\u00e4r och var.<\/p>\n<p>Foto: SIMON ELIASSON \/ BILDBYR\u00c5N<\/p>\n<p>\u00d6ppna bild i helsk\u00e4rm<\/p>\n<p>Granar pyntas, skinkor griljeras och klappar sl\u00e5s in med nio dagar kvar till julafton. Men den som har \u00f6nskat sig en vit jul har troligtvis inte varit sn\u00e4ll under \u00e5ret som g\u00e5tt.<\/p>\n<p>\u2013 Det kommer in ett h\u00f6gtryck som f\u00f6r med sig torrare v\u00e4der. Generellt pekar det mot plusgrader s\u00f6derut och minusgrader norrut, s\u00e4ger Linus Karlsson, meteorolog p\u00e5 SMHI.<\/p>\n<p>Trots att delar av Norrland kan f\u00e5 sn\u00f6fall inf\u00f6r jul \u00e4r det inte s\u00e4kert att sn\u00f6n ligger kvar, d\u00e5 det ser ut att komma portioner med mildare luft och regn.<\/p>\n<p>\u201dS\u00e4llsynt med vita jular\u201d<\/p>\n<p>F\u00f6r s\u00f6dra Sverige, med Stockholm, G\u00f6teborg och Malm\u00f6 inr\u00e4knat, v\u00e4ntas temperaturen landa p\u00e5 omkring fem grader.\u00a0<\/p>\n<p>Det \u00e4r ocks\u00e5 den genomg\u00e5ende trenden under de senaste \u00e5ren.<\/p>\n<p>\u2013 Blickar man bak\u00e5t och j\u00e4mf\u00f6r med 1900-talet ser man att det blivit mer s\u00e4llsynt med vita jular i s\u00f6dra landet, \u00e4ven om det kan skilja fr\u00e5n \u00e5r till \u00e5r, s\u00e4ger Linus Karlsson.<\/p>\n<p>\u2013 Det \u00e4r kopplat till klimatf\u00f6r\u00e4ndringarna med ett varmare klimat.<\/p>\n<p>F\u00f6r tio \u00e5r sedan firade stockholmarna jul i \u00e5tta plusgrader. 2019 l\u00e5g temperaturen p\u00e5 \u00f6ver fem och senast f\u00f6rra \u00e5ret p\u00e5 n\u00e4stan tre grader.<\/p>\n<p>Plusgrader i Malm\u00f6 varje jul sedan 2010<\/p>\n<p>I Malm\u00f6 har temperaturen varit p\u00e5 plussidan varje jul sedan 2010. Senast det var mycket sn\u00f6 p\u00e5 flera h\u00e5ll i landet var f\u00f6r 15 \u00e5r sedan.<\/p>\n<p>I norr \u00e4r det, inte helt ov\u00e4ntat, b\u00e4ttre sn\u00f6chanser. F\u00f6rra julen fick Ume\u00e5- och Lule\u00e5borna en minimitemperatur p\u00e5 minus 20 grader.<\/p>\n<p>\u2013 Men det var ocks\u00e5 stora skillnader inom loppet av ett dygn. Maxtemperaturen l\u00e5g p\u00e5 runt fem minusgrader, s\u00e4ger Linus Karlsson.<\/p>\n<p>\u2013 S\u00e5 sett till temperaturen ser inte den h\u00e4r julen ut att sticka ut. Vi har ju som sagt haft flera jular under de senaste \u00e5ren som legat p\u00e5 samma niv\u00e5er.<\/p>\n","protected":false},"excerpt":{"rendered":"Publicerad 16 dec 2025 kl 07.54Uppdaterad kl 09.51 Plusgrader. Ingen sn\u00f6. Gr\u00e5tt. Man kan tro att julv\u00e4dret ska&hellip;\n","protected":false},"author":2,"featured_media":107638,"comment_status":"","ping_status":"","sticky":false,"template":"","format":"standard","meta":{"footnotes":""},"categories":[5],"tags":[22,23,26,27,17,21,24,25,28,29,15,16,18,34,281,31,33,32,30,19,290,20],"class_list":{"0":"post-107637","1":"post","2":"type-post","3":"status-publish","4":"format-standard","5":"has-post-thumbnail","7":"category-rubriker","8":"tag-breaking-news","9":"tag-breakingnews","10":"tag-featured-news","11":"tag-featurednews","12":"tag-headlines","13":"tag-huvudnyheter","14":"tag-latest-news","15":"tag-latestnews","16":"tag-main-news","17":"tag-mainnews","18":"tag-news","19":"tag-nyheter","20":"tag-rubriker","21":"tag-se","22":"tag-sections-vader","23":"tag-svenska","24":"tag-sverige","25":"tag-sweden","26":"tag-swedish","27":"tag-top-stories","28":"tag-topic-vaderprognos","29":"tag-topstories"},"share_on_mastodon":{"url":"https:\/\/pubeurope.com\/@se\/115728561234949357","error":""},"_links":{"self":[{"href":"https:\/\/www.europesays.com\/se\/wp-json\/wp\/v2\/posts\/107637","targetHints":{"allow":["GET"]}}],"collection":[{"href":"https:\/\/www.europesays.com\/se\/wp-json\/wp\/v2\/posts"}],"about":[{"href":"https:\/\/www.europesays.com\/se\/wp-json\/wp\/v2\/types\/post"}],"author":[{"embeddable":true,"href":"https:\/\/www.europesays.com\/se\/wp-json\/wp\/v2\/users\/2"}],"replies":[{"embeddable":true,"href":"https:\/\/www.europesays.com\/se\/wp-json\/wp\/v2\/comments?post=107637"}],"version-history":[{"count":0,"href":"https:\/\/www.europesays.com\/se\/wp-json\/wp\/v2\/posts\/107637\/revisions"}],"wp:featuredmedia":[{"embeddable":true,"href":"https:\/\/www.europesays.com\/se\/wp-json\/wp\/v2\/media\/107638"}],"wp:attachment":[{"href":"https:\/\/www.europesays.com\/se\/wp-json\/wp\/v2\/media?parent=107637"}],"wp:term":[{"taxonomy":"category","embeddable":true,"href":"https:\/\/www.europesays.com\/se\/wp-json\/wp\/v2\/categories?post=107637"},{"taxonomy":"post_tag","embeddable":true,"href":"https:\/\/www.europesays.com\/se\/wp-json\/wp\/v2\/tags?post=107637"}],"curies":[{"name":"wp","href":"https:\/\/api.w.org\/{rel}","templated":true}]}}