{"id":107639,"date":"2025-12-16T09:34:10","date_gmt":"2025-12-16T09:34:10","guid":{"rendered":"https:\/\/www.europesays.com\/se\/107639\/"},"modified":"2025-12-16T09:34:10","modified_gmt":"2025-12-16T09:34:10","slug":"wallenberganslag-till-ki-forskning-inom-psykisk-ohalsa-bland-unga","status":"publish","type":"post","link":"https:\/\/www.europesays.com\/se\/107639\/","title":{"rendered":"Wallenberganslag till KI-forskning inom psykisk oh\u00e4lsa bland unga"},"content":{"rendered":"<p>Bild:<\/p>\n<p> <img decoding=\"async\" src=\"https:\/\/www.europesays.com\/se\/wp-content\/uploads\/2025\/12\/AstridSo_derberghWidding_01_custom20251215164507.jpg\" alt=\"Astrid S\u00f6derbergh Widding.\"\/><\/p>\n<p>Rubrik:<\/p>\n<p> Astrid S\u00f6derbergh Widding. Foto: Wallenbergstiftelserna<\/p>\n<p>\u2013 Psykisk oh\u00e4lsa bland unga p\u00e5verkar framf\u00f6r allt de unga som drabbas och de som st\u00e5r dem n\u00e4ra men det \u00e4r ocks\u00e5 en stor samh\u00e4llsutmaning och ett omr\u00e5de som \u00e4r angel\u00e4get att st\u00e4rka forskningsm\u00e4ssigt. Efter diskussioner med sakkunniga d\u00e4r det framkom att behovet av ytterligare forskning inom omr\u00e5det \u00e4r stort beslutade styrelserna f\u00f6r de tv\u00e5 stiftelserna att g\u00f6ra en gemensam riktad, utlysning, s\u00e4ger Astrid S\u00f6derbergh Widding, verkst\u00e4llande ledamot i Marianne och Marcus Wallenbergs Stiftelse samt Stiftelsen Marcus och Amalia Wallenbergs Minnesfond.<\/p>\n<p>De sju KI-projekt som nu beviljats medel fr\u00e5n utlysningen handlar bland annat om om\u00a0b\u00e4ttre f\u00f6rst\u00e5else f\u00f6r hur autism och ADHD uppst\u00e5r och utvecklas, att utforska personligt anpassade behandlingsstrategier, om m\u00f6jligheten att f\u00f6rebygga\u00a0sj\u00e4lvskadebeteende och sj\u00e4lvmordsf\u00f6rs\u00f6k, om ADHD hos flickor i ton\u00e5ren, att f\u00f6rhindra \u00e5terfall vid behandling av tv\u00e5ngssyndrom, att unders\u00f6ka sambandet mellan sociala medier och psykisk oh\u00e4lsa, om strategier f\u00f6r att hj\u00e4lpa barn med allvarliga beteendeproblem samt m\u00f6jligheten till\u00a0tidig diagnos av psykossjukdomar och f\u00f6rb\u00e4ttrad behandling med hj\u00e4lp av studier av luktsystemet. Samtliga projekt har fokus p\u00e5 barn och unga.\u00a0<\/p>\n<p><strong>Fyra anslag fr\u00e5n Marianne och Marcus Wallenbergs Stiftelse<\/strong><\/p>\n","protected":false},"excerpt":{"rendered":"Bild: Rubrik: Astrid S\u00f6derbergh Widding. Foto: Wallenbergstiftelserna \u2013 Psykisk oh\u00e4lsa bland unga p\u00e5verkar framf\u00f6r allt de unga som&hellip;\n","protected":false},"author":2,"featured_media":107640,"comment_status":"","ping_status":"","sticky":false,"template":"","format":"standard","meta":{"footnotes":""},"categories":[69],"tags":[113,112,34,31,33,32,30],"class_list":{"0":"post-107639","1":"post","2":"type-post","3":"status-publish","4":"format-standard","5":"has-post-thumbnail","7":"category-halsa","8":"tag-halsa","9":"tag-health","10":"tag-se","11":"tag-svenska","12":"tag-sverige","13":"tag-sweden","14":"tag-swedish"},"share_on_mastodon":{"url":"https:\/\/pubeurope.com\/@se\/115728565427915160","error":""},"_links":{"self":[{"href":"https:\/\/www.europesays.com\/se\/wp-json\/wp\/v2\/posts\/107639","targetHints":{"allow":["GET"]}}],"collection":[{"href":"https:\/\/www.europesays.com\/se\/wp-json\/wp\/v2\/posts"}],"about":[{"href":"https:\/\/www.europesays.com\/se\/wp-json\/wp\/v2\/types\/post"}],"author":[{"embeddable":true,"href":"https:\/\/www.europesays.com\/se\/wp-json\/wp\/v2\/users\/2"}],"replies":[{"embeddable":true,"href":"https:\/\/www.europesays.com\/se\/wp-json\/wp\/v2\/comments?post=107639"}],"version-history":[{"count":0,"href":"https:\/\/www.europesays.com\/se\/wp-json\/wp\/v2\/posts\/107639\/revisions"}],"wp:featuredmedia":[{"embeddable":true,"href":"https:\/\/www.europesays.com\/se\/wp-json\/wp\/v2\/media\/107640"}],"wp:attachment":[{"href":"https:\/\/www.europesays.com\/se\/wp-json\/wp\/v2\/media?parent=107639"}],"wp:term":[{"taxonomy":"category","embeddable":true,"href":"https:\/\/www.europesays.com\/se\/wp-json\/wp\/v2\/categories?post=107639"},{"taxonomy":"post_tag","embeddable":true,"href":"https:\/\/www.europesays.com\/se\/wp-json\/wp\/v2\/tags?post=107639"}],"curies":[{"name":"wp","href":"https:\/\/api.w.org\/{rel}","templated":true}]}}