{"id":107651,"date":"2025-12-16T09:40:41","date_gmt":"2025-12-16T09:40:41","guid":{"rendered":"https:\/\/www.europesays.com\/se\/107651\/"},"modified":"2025-12-16T09:40:41","modified_gmt":"2025-12-16T09:40:41","slug":"kvallsbussen-stannar-nu-vid-fritidsgarden","status":"publish","type":"post","link":"https:\/\/www.europesays.com\/se\/107651\/","title":{"rendered":"Kv\u00e4llsbussen stannar nu vid Fritidsg\u00e5rden"},"content":{"rendered":"<p class=\"normal\">F\u00f6r ungdomar som vill bes\u00f6ka fritidsg\u00e5rden p\u00e5 kv\u00e4llen, eller stanna kvar lite l\u00e4ngre, blir resan hem b\u00e5de smidigare och tryggare.<\/p>\n<p class=\"normal\">\u2013 Vi ser detta som n\u00e5got v\u00e4ldigt positivt. V\u00e5ra ungdomar f\u00e5r nu en enklare och s\u00e4krare m\u00f6jlighet att ta sig till och fr\u00e5n fritidsg\u00e5rden med kollektivtrafik, s\u00e4ger Mattias Melander, enhetschef p\u00e5 samh\u00e4llsf\u00f6rvaltningen.<\/p>\n<p class=\"normal\">Den nya h\u00e5llplatsen \u00e4r ett resultat av ett l\u00e5ngsiktigt arbete f\u00f6r att f\u00f6rb\u00e4ttra tillg\u00e4ngligheten och skapa trygga m\u00f6tesplatser f\u00f6r unga i H\u00e4rn\u00f6sand.<\/p>\n","protected":false},"excerpt":{"rendered":"F\u00f6r ungdomar som vill bes\u00f6ka fritidsg\u00e5rden p\u00e5 kv\u00e4llen, eller stanna kvar lite l\u00e4ngre, blir resan hem b\u00e5de smidigare&hellip;\n","protected":false},"author":2,"featured_media":107652,"comment_status":"","ping_status":"","sticky":false,"template":"","format":"standard","meta":{"footnotes":""},"categories":[12],"tags":[22,23,26,27,12001,2885,17,21,1248,12003,24,25,28,29,15,12002,16,18,34,31,33,32,30,19,20,4959],"class_list":{"0":"post-107651","1":"post","2":"type-post","3":"status-publish","4":"format-standard","5":"has-post-thumbnail","7":"category-sverige","8":"tag-breaking-news","9":"tag-breakingnews","10":"tag-featured-news","11":"tag-featurednews","12":"tag-fritidsgarden","13":"tag-harnosand","14":"tag-headlines","15":"tag-huvudnyheter","16":"tag-kollektivtrafik","17":"tag-kvallsbussen","18":"tag-latest-news","19":"tag-latestnews","20":"tag-main-news","21":"tag-mainnews","22":"tag-news","23":"tag-ny-busshalssplats","24":"tag-nyheter","25":"tag-rubriker","26":"tag-se","27":"tag-svenska","28":"tag-sverige","29":"tag-sweden","30":"tag-swedish","31":"tag-top-stories","32":"tag-topstories","33":"tag-ungdomar"},"share_on_mastodon":{"url":"https:\/\/pubeurope.com\/@se\/115728588763333132","error":""},"_links":{"self":[{"href":"https:\/\/www.europesays.com\/se\/wp-json\/wp\/v2\/posts\/107651","targetHints":{"allow":["GET"]}}],"collection":[{"href":"https:\/\/www.europesays.com\/se\/wp-json\/wp\/v2\/posts"}],"about":[{"href":"https:\/\/www.europesays.com\/se\/wp-json\/wp\/v2\/types\/post"}],"author":[{"embeddable":true,"href":"https:\/\/www.europesays.com\/se\/wp-json\/wp\/v2\/users\/2"}],"replies":[{"embeddable":true,"href":"https:\/\/www.europesays.com\/se\/wp-json\/wp\/v2\/comments?post=107651"}],"version-history":[{"count":0,"href":"https:\/\/www.europesays.com\/se\/wp-json\/wp\/v2\/posts\/107651\/revisions"}],"wp:featuredmedia":[{"embeddable":true,"href":"https:\/\/www.europesays.com\/se\/wp-json\/wp\/v2\/media\/107652"}],"wp:attachment":[{"href":"https:\/\/www.europesays.com\/se\/wp-json\/wp\/v2\/media?parent=107651"}],"wp:term":[{"taxonomy":"category","embeddable":true,"href":"https:\/\/www.europesays.com\/se\/wp-json\/wp\/v2\/categories?post=107651"},{"taxonomy":"post_tag","embeddable":true,"href":"https:\/\/www.europesays.com\/se\/wp-json\/wp\/v2\/tags?post=107651"}],"curies":[{"name":"wp","href":"https:\/\/api.w.org\/{rel}","templated":true}]}}