{"id":107676,"date":"2025-12-16T09:56:08","date_gmt":"2025-12-16T09:56:08","guid":{"rendered":"https:\/\/www.europesays.com\/se\/107676\/"},"modified":"2025-12-16T09:56:08","modified_gmt":"2025-12-16T09:56:08","slug":"lucka-16-peab-tjorns-kommun","status":"publish","type":"post","link":"https:\/\/www.europesays.com\/se\/107676\/","title":{"rendered":"Lucka 16 &#8211; PEAB &#8211; Tj\u00f6rns kommun"},"content":{"rendered":"<p class=\"hiq-p\">P\u00e5 Mossholmen, som \u00e4r en plats med l\u00e5ng historia av sj\u00f6fart och entrepren\u00f6rskap har Peab nu f\u00e4rdigst\u00e4llt stommen till Brf Havtornet. St\u00e4llningen har tagits ner och den runda siluetten reser sig stolt mot horisonten. Mossholmen har alltid varit en plats i f\u00f6r\u00e4ndring. F\u00f6r \u00f6ver 50 \u00e5r sedan byggdes oljecisternen och idag \u00e4r platsen f\u00f6rvandlad till en levande marina med bryggor, b\u00e5tplatser och bost\u00e4der. Havtornet \u00e4r n\u00e4sta steg i den resan, ett projekt som f\u00f6renar det historiska arvet med ett modernt boende.<\/p>\n<p class=\"hiq-p\">Inspirationen till tornet kom fr\u00e5n br\u00f6derna Lars-Rune och Ingemars resa till Marbella, men formen \u00e4r helt unik f\u00f6r Bohusl\u00e4n. Att bygga ett runt bostadshus \u00e4r en utmaning i sig. Varje detalj kr\u00e4ver precision fr\u00e5n stommen till de inv\u00e4ndiga l\u00f6sningarna. Just nu p\u00e5g\u00e5r stomkomplettering inv\u00e4ndigt, d\u00e4r hantverkarna arbetar med runda h\u00f6rn och specialanpassade l\u00f6sningar som g\u00f6r varje l\u00e4genhet lika spektakul\u00e4r som utsikten.<\/p>\n","protected":false},"excerpt":{"rendered":"P\u00e5 Mossholmen, som \u00e4r en plats med l\u00e5ng historia av sj\u00f6fart och entrepren\u00f6rskap har Peab nu f\u00e4rdigst\u00e4llt stommen&hellip;\n","protected":false},"author":2,"featured_media":107677,"comment_status":"","ping_status":"","sticky":false,"template":"","format":"standard","meta":{"footnotes":""},"categories":[12],"tags":[22,23,26,27,17,21,24,25,28,29,15,16,18,34,31,33,32,30,19,20],"class_list":{"0":"post-107676","1":"post","2":"type-post","3":"status-publish","4":"format-standard","5":"has-post-thumbnail","7":"category-sverige","8":"tag-breaking-news","9":"tag-breakingnews","10":"tag-featured-news","11":"tag-featurednews","12":"tag-headlines","13":"tag-huvudnyheter","14":"tag-latest-news","15":"tag-latestnews","16":"tag-main-news","17":"tag-mainnews","18":"tag-news","19":"tag-nyheter","20":"tag-rubriker","21":"tag-se","22":"tag-svenska","23":"tag-sverige","24":"tag-sweden","25":"tag-swedish","26":"tag-top-stories","27":"tag-topstories"},"share_on_mastodon":{"url":"https:\/\/pubeurope.com\/@se\/115728651774878437","error":""},"_links":{"self":[{"href":"https:\/\/www.europesays.com\/se\/wp-json\/wp\/v2\/posts\/107676","targetHints":{"allow":["GET"]}}],"collection":[{"href":"https:\/\/www.europesays.com\/se\/wp-json\/wp\/v2\/posts"}],"about":[{"href":"https:\/\/www.europesays.com\/se\/wp-json\/wp\/v2\/types\/post"}],"author":[{"embeddable":true,"href":"https:\/\/www.europesays.com\/se\/wp-json\/wp\/v2\/users\/2"}],"replies":[{"embeddable":true,"href":"https:\/\/www.europesays.com\/se\/wp-json\/wp\/v2\/comments?post=107676"}],"version-history":[{"count":0,"href":"https:\/\/www.europesays.com\/se\/wp-json\/wp\/v2\/posts\/107676\/revisions"}],"wp:featuredmedia":[{"embeddable":true,"href":"https:\/\/www.europesays.com\/se\/wp-json\/wp\/v2\/media\/107677"}],"wp:attachment":[{"href":"https:\/\/www.europesays.com\/se\/wp-json\/wp\/v2\/media?parent=107676"}],"wp:term":[{"taxonomy":"category","embeddable":true,"href":"https:\/\/www.europesays.com\/se\/wp-json\/wp\/v2\/categories?post=107676"},{"taxonomy":"post_tag","embeddable":true,"href":"https:\/\/www.europesays.com\/se\/wp-json\/wp\/v2\/tags?post=107676"}],"curies":[{"name":"wp","href":"https:\/\/api.w.org\/{rel}","templated":true}]}}