{"id":107678,"date":"2025-12-16T09:57:12","date_gmt":"2025-12-16T09:57:12","guid":{"rendered":"https:\/\/www.europesays.com\/se\/107678\/"},"modified":"2025-12-16T09:57:12","modified_gmt":"2025-12-16T09:57:12","slug":"carolina-gynning-ryter-ifran-efter-luciabilden","status":"publish","type":"post","link":"https:\/\/www.europesays.com\/se\/107678\/","title":{"rendered":"Carolina Gynning ryter ifr\u00e5n efter Luciabilden"},"content":{"rendered":"<p>Publicerad 16 dec 2025 kl 08.29Uppdaterad kl 09.09<\/p>\n<p>Carolina Gynnings video fr\u00e5n sin dotters Luciafirande har m\u00f6tts av kritik.\u00a0<\/p>\n<p>Nu ryter Viktor Philipson, pappan till dottern, ifr\u00e5n. \u00a0<\/p>\n<p>\u2013 Om det \u00e4r ett barn med skyddad identitet, d\u00e5 beh\u00f6ver inte det vara med i Lucitat\u00e5get eller ha tomtesk\u00e4gg p\u00e5 sig, s\u00e4ger han p\u00e5 Instagram.\u00a0<\/p>\n<p><img   alt=\"\"\/> <\/p>\n<p>Foto: Instagram<\/p>\n<p>\u00d6ppna bild i helsk\u00e4rm<img loading=\"lazy\"   alt=\"\"\/><\/p>\n<p>Viktor Philipson i videon.<\/p>\n<p>Foto: Instagram<\/p>\n<p>\u00d6ppna bild i helsk\u00e4rm<img loading=\"lazy\"   alt=\"\"\/><\/p>\n<p>Carolina Gynning.<\/p>\n<p>Foto: ANNA-KARIN NILSSON<\/p>\n<p>\u00d6ppna bild i helsk\u00e4rm<img loading=\"lazy\"   alt=\"\"\/><\/p>\n<p>En genrebild p\u00e5 en lucia.<\/p>\n<p>Foto: Henrik Montgomery \/ TT NYHETSBYR\u00c5N<\/p>\n<p>\u00d6ppna bild i helsk\u00e4rm<\/p>\n<p><a href=\"https:\/\/www.expressen.se\/tagg\/person\/carolina-gynning\/\" class=\"\" rel=\"nofollow noopener\" target=\"_blank\">Carolina Gynnings<\/a> luciavideo p\u00e5 sin och Viktor Philipssons dotter Vilda har f\u00e5tt en del av hennes f\u00f6ljare att se r\u00f6tt.\u00a0<\/p>\n<p>F\u00f6r\u00e4ldrarnas vara eller ickevara under Luciafiranden har varit en het debatt och p\u00e5 m\u00e5nga skolor r\u00e5der det fotof\u00f6rbud f\u00f6r att bland annat barn med skyddad identitet inte ska r\u00f6jas.\u00a0<\/p>\n<p>P\u00e5 Instagram sl\u00e5r Carolina Gynning nu tillbaka mot kritikerna och menar att videon p\u00e5 dottern var ett gl\u00e4djefullt \u00f6gonblick som hon ville dela.\u00a0<\/p>\n<p>\u201dJag publicerar aldrig n\u00e5got som jag anser kan vara skadligt eller kr\u00e4nkande f\u00f6r mitt eller andra barn. Jag tar ansvar f\u00f6r vad jag delar och st\u00e5r f\u00f6r det. Jag upplever att debatten ibland blir onyanserad, d\u00e4r f\u00f6r\u00e4ldrar skuldbel\u00e4ggs trots att de agerar med omtanke och respekt\u201d, skriver hon p\u00e5 Instagram och s\u00e4ger att hon inte t\u00e4nker ta ner videon.\u00a0<\/p>\n<p>Viktor Philipson kallar kritiken f\u00f6r \u201df\u00f6rj\u00e4vlig\u201d i en Instagramvideo.\u00a0<\/p>\n<p>\u2013 F\u00f6r det f\u00f6rsta var det h\u00e4r nog min dotters viktigaste dag p\u00e5 hela \u00e5ret. Hon har sett fram emot det h\u00e4r s\u00e5 mycket och just att vi ska komma dit, s\u00e4ger han.\u00a0<\/p>\n<p>\u2013 Att skolor har valt att f\u00f6r\u00e4ldrar inte f\u00e5r komma dit och att f\u00f6r\u00e4ldrar inte f\u00e5r fota f\u00f6r att barn k\u00e4nner sig stressade \u00f6ver det, eller att vissa barn har skyddad identitet det \u00e4r fullkomligt idiotiskt. F\u00f6rst\u00e5r inte varf\u00f6r alla ska lida f\u00f6r en, det \u00e4r kommunistiskt.\u00a0<\/p>\n<p>Zytomierskas k\u00e4nga<\/p>\n<p>Philipson s\u00e4ger att de barn som har skyddad identitet inte beh\u00f6ver vara med i luciat\u00e5get eller s\u00e5 kan de g\u00f6mma sig bakom ett tomtesk\u00e4gg. Och om barn blir stressade av att de fotas beh\u00f6ver de inte heller vara med, s\u00e4ger han i videon. \u00a0<\/p>\n<p>\u2013 Alla ska inte beh\u00f6va lida f\u00f6r det.\u00a0<\/p>\n<p>Philipson forts\u00e4tter:\u00a0<\/p>\n<p>\u2013 Jag blir galen p\u00e5 det h\u00e4r, varf\u00f6r ska vi ta bort alla de h\u00e4r fina grejerna? Sk\u00e4rp till er f\u00f6r fan.\u00a0<\/p>\n<p>Katrin Zytomierska har tidigare sagt i \u201dNyhetsmorgon\u201d att hon vill att f\u00f6r\u00e4ldrar som bryter mot fotof\u00f6rbudet i skolor och kyrkor borde straffas.\u00a0<\/p>\n<p>\u2013 \u00c4r det n\u00e5gon som g\u00f6r det s\u00e5 blir man b\u00f6tf\u00e4lld \u2013 s\u00e4tt 10 000 kronor som b\u00f6ter om man l\u00e4gger ut n\u00e5gonting, s\u00e5 borde problemet vara l\u00f6st, sa hon d\u00e5.\u00a0<\/p>\n<p><a href=\"https:\/\/www.instagram.com\/p\/DSSFO4WiADP\/?hl=sv?hidecaption=true\" data-provider=\"instagram\" class=\"js-social-embed\" rel=\"nofollow noopener\" target=\"_blank\">https:\/\/www.instagram.com\/p\/DSSFO4WiADP\/?hl=sv?hidecaption=true<\/a><a href=\"https:\/\/www.instagram.com\/p\/DSSH1H-ghUy\/?hl=sv&amp;img_index=1?hidecaption=true\" data-provider=\"instagram\" class=\"js-social-embed\" rel=\"nofollow noopener\" target=\"_blank\">https:\/\/www.instagram.com\/p\/DSSH1H-ghUy\/?hl=sv&amp;img_index=1?hidecaption=true<\/a><strong>L\u00c4S MER: <\/strong><a href=\"https:\/\/www.expressen.se\/noje\/zytomierskas-ilska-mot-foraldrarna-sorgligt\/\" class=\"\" rel=\"nofollow noopener\" target=\"_blank\">Zytomierskas ilska mot f\u00f6r\u00e4ldrarna: \u201dSorgligt\u201d<\/a><script async src=\"\/\/www.instagram.com\/embed.js\"><\/script><\/p>\n","protected":false},"excerpt":{"rendered":"Publicerad 16 dec 2025 kl 08.29Uppdaterad kl 09.09 Carolina Gynnings video fr\u00e5n sin dotters Luciafirande har m\u00f6tts av&hellip;\n","protected":false},"author":2,"featured_media":107679,"comment_status":"","ping_status":"","sticky":false,"template":"","format":"standard","meta":{"footnotes":""},"categories":[5],"tags":[22,23,26,27,17,21,24,25,28,29,15,16,1245,3782,12004,18,34,31,33,32,30,19,4771,205,966,20],"class_list":{"0":"post-107678","1":"post","2":"type-post","3":"status-publish","4":"format-standard","5":"has-post-thumbnail","7":"category-rubriker","8":"tag-breaking-news","9":"tag-breakingnews","10":"tag-featured-news","11":"tag-featurednews","12":"tag-headlines","13":"tag-huvudnyheter","14":"tag-latest-news","15":"tag-latestnews","16":"tag-main-news","17":"tag-mainnews","18":"tag-news","19":"tag-nyheter","20":"tag-organization-nyhetsmorgon","21":"tag-person-carolina-gynning","22":"tag-person-viktor-philipson","23":"tag-rubriker","24":"tag-se","25":"tag-svenska","26":"tag-sverige","27":"tag-sweden","28":"tag-swedish","29":"tag-top-stories","30":"tag-topic-barn","31":"tag-topic-journalistik-medier","32":"tag-topic-sociala-medier","33":"tag-topstories"},"share_on_mastodon":{"url":"https:\/\/pubeurope.com\/@se\/115728655646045553","error":""},"_links":{"self":[{"href":"https:\/\/www.europesays.com\/se\/wp-json\/wp\/v2\/posts\/107678","targetHints":{"allow":["GET"]}}],"collection":[{"href":"https:\/\/www.europesays.com\/se\/wp-json\/wp\/v2\/posts"}],"about":[{"href":"https:\/\/www.europesays.com\/se\/wp-json\/wp\/v2\/types\/post"}],"author":[{"embeddable":true,"href":"https:\/\/www.europesays.com\/se\/wp-json\/wp\/v2\/users\/2"}],"replies":[{"embeddable":true,"href":"https:\/\/www.europesays.com\/se\/wp-json\/wp\/v2\/comments?post=107678"}],"version-history":[{"count":0,"href":"https:\/\/www.europesays.com\/se\/wp-json\/wp\/v2\/posts\/107678\/revisions"}],"wp:featuredmedia":[{"embeddable":true,"href":"https:\/\/www.europesays.com\/se\/wp-json\/wp\/v2\/media\/107679"}],"wp:attachment":[{"href":"https:\/\/www.europesays.com\/se\/wp-json\/wp\/v2\/media?parent=107678"}],"wp:term":[{"taxonomy":"category","embeddable":true,"href":"https:\/\/www.europesays.com\/se\/wp-json\/wp\/v2\/categories?post=107678"},{"taxonomy":"post_tag","embeddable":true,"href":"https:\/\/www.europesays.com\/se\/wp-json\/wp\/v2\/tags?post=107678"}],"curies":[{"name":"wp","href":"https:\/\/api.w.org\/{rel}","templated":true}]}}