{"id":10770,"date":"2025-08-22T05:43:08","date_gmt":"2025-08-22T05:43:08","guid":{"rendered":"https:\/\/www.europesays.com\/se\/10770\/"},"modified":"2025-08-22T05:43:08","modified_gmt":"2025-08-22T05:43:08","slug":"efter-israelbraket-sd-vill-se-samordnad-utrikespolitik","status":"publish","type":"post","link":"https:\/\/www.europesays.com\/se\/10770\/","title":{"rendered":"Efter Israelbr\u00e5ket \u2013 SD vill se samordnad utrikespolitik"},"content":{"rendered":"<p>Sverigedemokraterna vill fram\u00f6ver se en tydligare samordning mellan Tid\u00f6partierna n\u00e4r det g\u00e4ller utrikespolitiken. Det s\u00e4ger partiets utrikespolitiska talesperson Aron Emilsson till SvD, med anledning av splittringen i synen p\u00e5 Israel. <\/p>\n<p>\u2013 Jag ser framf\u00f6r mig att det blir mer avtalsbunden samordning kring utrikespolitiken, men jag vill i det h\u00e4r skedet inte l\u00e5sa mig vid n\u00e5gra detaljer, s\u00e4ger Emilsson.<\/p>\n<p>Han s\u00e4ger dock att samarbetet i stort fungerar bra och att han i nul\u00e4get inte anser att det finns sk\u00e4l att g\u00e5 s\u00e5 l\u00e5ngt som att f\u00e4lla regeringen. <\/p>\n<p>Sprickan mellan partierna blottades n\u00e4r regeringen meddelade att den vill frysa EU:s handelsavtal med Israel, n\u00e5got SD och sedan \u00e4ven vice statsminister Ebba Busch (KD), kritiserat.<\/p>\n<p>Omni \u00e4r politiskt obundna och oberoende. Vi str\u00e4var efter att ge fler perspektiv p\u00e5 nyheterna. Har du fr\u00e5gor eller synpunkter kring v\u00e5r rapportering? <a href=\"https:\/\/omni.se\/efter-israelbraket-sd-vill-se-samordnad-utrikespolitik\/a\/mailto:redaktion@omni.se\" class=\"ArticleActions_contactLink__W2F1M\" rel=\"nofollow noopener\" target=\"_blank\">Kontakta redaktionen<\/a><\/p>\n","protected":false},"excerpt":{"rendered":"Sverigedemokraterna vill fram\u00f6ver se en tydligare samordning mellan Tid\u00f6partierna n\u00e4r det g\u00e4ller utrikespolitiken. Det s\u00e4ger partiets utrikespolitiska talesperson&hellip;\n","protected":false},"author":2,"featured_media":10771,"comment_status":"","ping_status":"","sticky":false,"template":"","format":"standard","meta":{"footnotes":""},"categories":[5],"tags":[1511,22,23,1106,1149,26,27,17,21,1107,24,25,28,29,550,124,125,15,16,369,18,34,31,33,617,32,30,19,20,552],"class_list":{"0":"post-10770","1":"post","2":"type-post","3":"status-publish","4":"format-standard","5":"has-post-thumbnail","7":"category-rubriker","8":"tag-aron-emilsson","9":"tag-breaking-news","10":"tag-breakingnews","11":"tag-ebba-busch","12":"tag-faktaruta-omni","13":"tag-featured-news","14":"tag-featurednews","15":"tag-headlines","16":"tag-huvudnyheter","17":"tag-kristdemokraterna","18":"tag-latest-news","19":"tag-latestnews","20":"tag-main-news","21":"tag-mainnews","22":"tag-maria-malmer-stenergard","23":"tag-mellanostern","24":"tag-mellanosternkrisen","25":"tag-news","26":"tag-nyheter","27":"tag-politik","28":"tag-rubriker","29":"tag-se","30":"tag-svenska","31":"tag-sverige","32":"tag-sverigedemokraterna","33":"tag-sweden","34":"tag-swedish","35":"tag-top-stories","36":"tag-topstories","37":"tag-utrikespolitik"},"share_on_mastodon":{"url":"","error":""},"_links":{"self":[{"href":"https:\/\/www.europesays.com\/se\/wp-json\/wp\/v2\/posts\/10770","targetHints":{"allow":["GET"]}}],"collection":[{"href":"https:\/\/www.europesays.com\/se\/wp-json\/wp\/v2\/posts"}],"about":[{"href":"https:\/\/www.europesays.com\/se\/wp-json\/wp\/v2\/types\/post"}],"author":[{"embeddable":true,"href":"https:\/\/www.europesays.com\/se\/wp-json\/wp\/v2\/users\/2"}],"replies":[{"embeddable":true,"href":"https:\/\/www.europesays.com\/se\/wp-json\/wp\/v2\/comments?post=10770"}],"version-history":[{"count":0,"href":"https:\/\/www.europesays.com\/se\/wp-json\/wp\/v2\/posts\/10770\/revisions"}],"wp:featuredmedia":[{"embeddable":true,"href":"https:\/\/www.europesays.com\/se\/wp-json\/wp\/v2\/media\/10771"}],"wp:attachment":[{"href":"https:\/\/www.europesays.com\/se\/wp-json\/wp\/v2\/media?parent=10770"}],"wp:term":[{"taxonomy":"category","embeddable":true,"href":"https:\/\/www.europesays.com\/se\/wp-json\/wp\/v2\/categories?post=10770"},{"taxonomy":"post_tag","embeddable":true,"href":"https:\/\/www.europesays.com\/se\/wp-json\/wp\/v2\/tags?post=10770"}],"curies":[{"name":"wp","href":"https:\/\/api.w.org\/{rel}","templated":true}]}}