{"id":107706,"date":"2025-12-16T10:23:07","date_gmt":"2025-12-16T10:23:07","guid":{"rendered":"https:\/\/www.europesays.com\/se\/107706\/"},"modified":"2025-12-16T10:23:07","modified_gmt":"2025-12-16T10:23:07","slug":"alvar-myhlback-uttagen-till-os-langdskidor","status":"publish","type":"post","link":"https:\/\/www.europesays.com\/se\/107706\/","title":{"rendered":"Alvar Myhlback uttagen till OS | L\u00e4ngdskidor"},"content":{"rendered":"<p>Publicerad 16 dec 2025 kl 11.01Uppdaterad kl 11.19<\/p>\n<p>Flera l\u00e4ngdstj\u00e4rnor \u00e4r klara f\u00f6r den svenska OS-truppen.\u00a0<\/p>\n<p>Alvar Myhlback \u00e4r en av dem.\u00a0<\/p>\n<p><img   alt=\"\"\/><\/p>\n<p>19-\u00e5rige Alvar Myhlback \u00e4r uttagen i OS.<\/p>\n<p>Foto: MAXIM THORE \/ BILDBYR\u00c5N<\/p>\n<p>\u00d6ppna bild i helsk\u00e4rm<\/p>\n<p>Den 19-\u00e5rige supertalangen har under s\u00e4songs\u00f6ppningen omg\u00e4rdats av fr\u00e5gor kring OS.\u00a0<\/p>\n<p>Nu st\u00e5r det klart att <a href=\"https:\/\/www.expressen.se\/tagg\/person\/alvar-myhlback\/\" class=\"\" rel=\"nofollow noopener\" target=\"_blank\">Alvar Myhlback<\/a> kommer till spelen i Milano Cortina.\u00a0<\/p>\n<p>L\u00e4ngdskid\u00e5karen presenterades p\u00e5 tisdagen n\u00e4r Sveriges olympiska kommitt\u00e9 annonserade flera nya namn i truppen.\u00a0<\/p>\n<p>Dessutom f\u00e5r Johanna Hagstr\u00f6m chansen, tillsammans med Linn Svahn, Maja Dahlqvist, Emma Ribom, Moa Ilar och Anton Grahn.<\/p>\n<p>Magnusson klar: \u201dFantastiskt\u201d \u00a0\u00a0<\/p>\n<p>I skidskyttetruppen tar Anna Magnusson, som imponerat stort under s\u00e4songsinledningen, en plats.\u00a0<\/p>\n<p>\u2013 Det \u00e4r fantastiskt hur Anna har f\u00e5tt till det hittills, s\u00e4ger f\u00f6rbundskaptenen Johannes Lukas.\u00a0<\/p>\n<p>\u00c4ven Ella Halvarsson, Jesper Nelin, Viktor Brandt och Malte Stefansson togs ut.\u00a0<\/p>\n<p>Skicross-drottningen Sandra N\u00e4slund blev ocks\u00e5 uttagen. Hon har tidigare dragits med skador men inlett s\u00e4songen h\u00f6gst upp p\u00e5 pallen.\u00a0<\/p>\n<p>N\u00e4slund medger att det har varit tufft mentalt \u2013 men inte stressande p\u00e5 n\u00e5got s\u00e4tt.\u00a0<\/p>\n<p>\u2013 Hade jag inte presterat som jag gjort under de h\u00e4r t\u00e4vlingarna, d\u00e5 hade jag inte haft n\u00e5gonting p\u00e5 OS att g\u00f6ra. Nu k\u00e4nns det j\u00e4ttebra, s\u00e4ger N\u00e4slund.\u00a0<\/p>\n<p>De uttagna<\/p>\n<p><strong>L\u00e4ngdskidor:\u00a0<\/strong><\/p>\n<p>Linn Svahn<\/p>\n<p>Johanna Hagstr\u00f6m<\/p>\n<p>Maja Dahlqvist\u00a0<\/p>\n<p>Emma Ribom<\/p>\n<p>Moa Ilar<\/p>\n<p>Anton Grahn<\/p>\n<p>Alvar Myhlback<\/p>\n<p><strong>Skidskytte:\u00a0<\/strong><\/p>\n<p>Anna Magnusson<\/p>\n<p>Ella Halvarsson<\/p>\n<p>Jesper Nelin\u00a0<\/p>\n<p>Viktor Brandt<\/p>\n<p>Malte Stefansson<\/p>\n<p><strong>\u00d6vriga:<\/strong><\/p>\n<p>Sandra N\u00e4slund (skicross), Frida Westman (backhoppning), Andreas Nordeb\u00e4ck (konst\u00e5kning)<\/p>\n<p>Visa mer<\/p>\n","protected":false},"excerpt":{"rendered":"Publicerad 16 dec 2025 kl 11.01Uppdaterad kl 11.19 Flera l\u00e4ngdstj\u00e4rnor \u00e4r klara f\u00f6r den svenska OS-truppen.\u00a0 Alvar Myhlback&hellip;\n","protected":false},"author":2,"featured_media":107707,"comment_status":"","ping_status":"","sticky":false,"template":"","format":"standard","meta":{"footnotes":""},"categories":[68],"tags":[8766,34,857,111,110,31,33,32,30],"class_list":{"0":"post-107706","1":"post","2":"type-post","3":"status-publish","4":"format-standard","5":"has-post-thumbnail","7":"category-sport","8":"tag-person-alvar-myhlback","9":"tag-se","10":"tag-sections-langdskidor","11":"tag-sport","12":"tag-sports","13":"tag-svenska","14":"tag-sverige","15":"tag-sweden","16":"tag-swedish"},"share_on_mastodon":{"url":"https:\/\/pubeurope.com\/@se\/115728757831370532","error":""},"_links":{"self":[{"href":"https:\/\/www.europesays.com\/se\/wp-json\/wp\/v2\/posts\/107706","targetHints":{"allow":["GET"]}}],"collection":[{"href":"https:\/\/www.europesays.com\/se\/wp-json\/wp\/v2\/posts"}],"about":[{"href":"https:\/\/www.europesays.com\/se\/wp-json\/wp\/v2\/types\/post"}],"author":[{"embeddable":true,"href":"https:\/\/www.europesays.com\/se\/wp-json\/wp\/v2\/users\/2"}],"replies":[{"embeddable":true,"href":"https:\/\/www.europesays.com\/se\/wp-json\/wp\/v2\/comments?post=107706"}],"version-history":[{"count":0,"href":"https:\/\/www.europesays.com\/se\/wp-json\/wp\/v2\/posts\/107706\/revisions"}],"wp:featuredmedia":[{"embeddable":true,"href":"https:\/\/www.europesays.com\/se\/wp-json\/wp\/v2\/media\/107707"}],"wp:attachment":[{"href":"https:\/\/www.europesays.com\/se\/wp-json\/wp\/v2\/media?parent=107706"}],"wp:term":[{"taxonomy":"category","embeddable":true,"href":"https:\/\/www.europesays.com\/se\/wp-json\/wp\/v2\/categories?post=107706"},{"taxonomy":"post_tag","embeddable":true,"href":"https:\/\/www.europesays.com\/se\/wp-json\/wp\/v2\/tags?post=107706"}],"curies":[{"name":"wp","href":"https:\/\/api.w.org\/{rel}","templated":true}]}}