{"id":107720,"date":"2025-12-16T10:38:18","date_gmt":"2025-12-16T10:38:18","guid":{"rendered":"https:\/\/www.europesays.com\/se\/107720\/"},"modified":"2025-12-16T10:38:18","modified_gmt":"2025-12-16T10:38:18","slug":"uppdrag-att-utveckla-regionalt-stod-for-personer-som-ar-eller-riskerar-att-bli-utsatta-for-hedersrelaterat-vald-och-fortryck","status":"publish","type":"post","link":"https:\/\/www.europesays.com\/se\/107720\/","title":{"rendered":"Uppdrag att utveckla regionalt st\u00f6d f\u00f6r personer som \u00e4r eller riskerar att bli utsatta f\u00f6r hedersrelaterat v\u00e5ld och f\u00f6rtryck"},"content":{"rendered":"<p>Regeringen ger Polismyndigheten i uppdrag att bidra i arbetet. Uppdraget ska samordnas av L\u00e4nsstyrelsen i \u00d6sterg\u00f6tlands l\u00e4n.\u00a0<\/p>\n<p>L\u00e4nsstyrelserna ska samverka med \u00c5klagarmyndigheten som ska bidra med sin kunskap om hedersrelaterad brottslighet.<\/p>\n<p>L\u00e4nsstyrelserna ska vid behov inh\u00e4mta kunskap och erfarenheter fr\u00e5n J\u00e4mst\u00e4lldhetsmyndigheten, Link\u00f6pings universitet (Barnafrid \u2013 Nationellt centrum f\u00f6r kunskap om v\u00e5ld mot barn), Socialstyrelsen, Uppsala universitet (Nationellt centrum f\u00f6r kvinnofrid) och andra relevanta akt\u00f6rer, bland annat i fr\u00e5ga om nationella kunskapsst\u00f6d, metoder och arbetss\u00e4tt baserade p\u00e5 forskning och bepr\u00f6vad erfarenhet. L\u00e4nsstyrelserna ska \u00e4ven inh\u00e4mta kunskap och erfarenheter fr\u00e5n Statens skolverk om skolans roll i arbetet mot hedersrelaterat v\u00e5ld och f\u00f6rtryck.<\/p>\n<p>L\u00e4nsstyrelsen i \u00d6sterg\u00f6tlands l\u00e4n ska senast den 21 maj 2026 l\u00e4mna en delredovisning av arbetet med fokus p\u00e5 de l\u00e4n som \u00e4nnu inte har inr\u00e4ttat regionala resurscentrum. Delredovisningen ska inneh\u00e5lla en plan f\u00f6r hur l\u00e4nsstyrelserna i dessa l\u00e4n avser att arbeta f\u00f6r att regionala resurscentrum ska utvecklas och n\u00e4r resurscentrum bed\u00f6ms vara inr\u00e4ttade i respektive l\u00e4n.<\/p>\n<p>L\u00e4nsstyrelsen i \u00d6sterg\u00f6tlands l\u00e4n ska l\u00e4mna en delredovisning av uppdraget\u00a0den 1 mars 2027 med fokus p\u00e5 en bed\u00f6mning av \u00e4ndam\u00e5lsenlighet och\u00a0effektivitet vid de regionala resurscentrum som \u00e4r inr\u00e4ttade eller under\u00a0utveckling. L\u00e4nsstyrelsen i \u00d6sterg\u00f6tlands l\u00e4n ska senast den 1 mars 2028\u00a0l\u00e4mna en samlad slutredovisning av uppdraget till Regeringskansliet.<\/p>\n<p>L\u00e4nsstyrelsen i \u00d6sterg\u00f6tlands l\u00e4n ska under 2026 och 2027 f\u00f6rdela medel till\u00a0l\u00e4nsstyrelserna f\u00f6r uppdragets genomf\u00f6rande. Medel till l\u00e4n som inte tidigare\u00a0har inr\u00e4ttat regionala resurscentrum b\u00f6r prioriteras, om det inte finns\u00a0s\u00e4rskilda sk\u00e4l mot det. I \u00f6vrigt b\u00f6r medel f\u00f6rdelas till de l\u00e4n som bed\u00f6ms ha\u00a0b\u00e4st f\u00f6ruts\u00e4ttningar att utveckla regionala resurscentrum. Fr\u00e5n och med den\u00a01 januari 2028 ska st\u00f6d och finansiering till l\u00e4nsstyrelsernas arbete med\u00a0regionala resurscentrum ha inordnats i myndigheternas ordinarie strukturer\u00a0f\u00f6r att f\u00f6rebygga och motverka m\u00e4ns v\u00e5ld mot kvinnor, v\u00e5ld i n\u00e4ra\u00a0relationer, hedersrelaterat v\u00e5ld och f\u00f6rtryck samt utnyttjande i prostitution\u00a0och m\u00e4nniskohandel.<\/p>\n","protected":false},"excerpt":{"rendered":"Regeringen ger Polismyndigheten i uppdrag att bidra i arbetet. Uppdraget ska samordnas av L\u00e4nsstyrelsen i \u00d6sterg\u00f6tlands l\u00e4n.\u00a0 L\u00e4nsstyrelserna&hellip;\n","protected":false},"author":2,"featured_media":67452,"comment_status":"","ping_status":"","sticky":false,"template":"","format":"standard","meta":{"footnotes":""},"categories":[12],"tags":[22,23,26,27,17,21,24,25,28,29,15,16,18,34,31,33,32,30,19,20],"class_list":{"0":"post-107720","1":"post","2":"type-post","3":"status-publish","4":"format-standard","5":"has-post-thumbnail","7":"category-sverige","8":"tag-breaking-news","9":"tag-breakingnews","10":"tag-featured-news","11":"tag-featurednews","12":"tag-headlines","13":"tag-huvudnyheter","14":"tag-latest-news","15":"tag-latestnews","16":"tag-main-news","17":"tag-mainnews","18":"tag-news","19":"tag-nyheter","20":"tag-rubriker","21":"tag-se","22":"tag-svenska","23":"tag-sverige","24":"tag-sweden","25":"tag-swedish","26":"tag-top-stories","27":"tag-topstories"},"share_on_mastodon":{"url":"https:\/\/pubeurope.com\/@se\/115728816715143496","error":""},"_links":{"self":[{"href":"https:\/\/www.europesays.com\/se\/wp-json\/wp\/v2\/posts\/107720","targetHints":{"allow":["GET"]}}],"collection":[{"href":"https:\/\/www.europesays.com\/se\/wp-json\/wp\/v2\/posts"}],"about":[{"href":"https:\/\/www.europesays.com\/se\/wp-json\/wp\/v2\/types\/post"}],"author":[{"embeddable":true,"href":"https:\/\/www.europesays.com\/se\/wp-json\/wp\/v2\/users\/2"}],"replies":[{"embeddable":true,"href":"https:\/\/www.europesays.com\/se\/wp-json\/wp\/v2\/comments?post=107720"}],"version-history":[{"count":0,"href":"https:\/\/www.europesays.com\/se\/wp-json\/wp\/v2\/posts\/107720\/revisions"}],"wp:featuredmedia":[{"embeddable":true,"href":"https:\/\/www.europesays.com\/se\/wp-json\/wp\/v2\/media\/67452"}],"wp:attachment":[{"href":"https:\/\/www.europesays.com\/se\/wp-json\/wp\/v2\/media?parent=107720"}],"wp:term":[{"taxonomy":"category","embeddable":true,"href":"https:\/\/www.europesays.com\/se\/wp-json\/wp\/v2\/categories?post=107720"},{"taxonomy":"post_tag","embeddable":true,"href":"https:\/\/www.europesays.com\/se\/wp-json\/wp\/v2\/tags?post=107720"}],"curies":[{"name":"wp","href":"https:\/\/api.w.org\/{rel}","templated":true}]}}