{"id":107760,"date":"2025-12-16T11:22:14","date_gmt":"2025-12-16T11:22:14","guid":{"rendered":"https:\/\/www.europesays.com\/se\/107760\/"},"modified":"2025-12-16T11:22:14","modified_gmt":"2025-12-16T11:22:14","slug":"tips-pa-aktiviteter-under-jullovet","status":"publish","type":"post","link":"https:\/\/www.europesays.com\/se\/107760\/","title":{"rendered":"Tips p\u00e5 aktiviteter under jullovet"},"content":{"rendered":"<p class=\"normal\">En rolig och \u00e4ventyrlig friluftsaktivitet, vacker natur eller varf\u00f6r inte en sp\u00e4nnande kulturell upplevelse inom konst, musik eller teater. I \u00d6stersunds kommun finns n\u00e5got f\u00f6r alla.<\/p>\n<p>Hyr en idrottshall<\/p>\n<p class=\"normal\">Visste du att du kan hyra en idrottshall? Det \u00e4r sant! Dra ihop ett g\u00e4ng och spendera en rolig dag i n\u00e5gon av idrottshallarna runtom i \u00d6stersunds kommun: <a href=\"https:\/\/www.ostersund.se\/uppleva-och-gora\/tips-pa-fritidsaktiviteter\/hyr-en-idrottshall.html\" rel=\"nofollow noopener\" target=\"_blank\">Hyr en idrottshall<\/a>.<\/p>\n<p>Fritidsklubbarna<\/p>\n<p class=\"normal\">Som vanligt finns det massor av kul att hitta p\u00e5 under jullovet p\u00e5 fritidsklubbarna. Spana in fritidsklubbarnas Instagram eller facebooksidor om du vill veta mer om vad som h\u00e4nder p\u00e5 just din klubb: <a href=\"https:\/\/www.ostersund.se\/barn-och-utbildning\/fritidsverksamhet\/fritidsklubb.html\" rel=\"nofollow noopener\" target=\"_blank\">Mer information om alla fritidsklubbar.<\/a><\/p>\n<p>Biblioteken<\/p>\n<p class=\"normal\">Under lovet kan du ocks\u00e5 h\u00e4nga p\u00e5 biblioteken; kom p\u00e5 jullovspyssel, spela spel och l\u00e5na massor av bra b\u00f6cker: <a href=\"https:\/\/www.ostersundsbibliotek.se\/evenemang#\/?tag=jullov\" rel=\"nofollow noopener\" target=\"_blank\">Allt som h\u00e4nder p\u00e5 biblioteken.<\/a><\/p>\n<p class=\"normal\">\u00a0<\/p>\n<p class=\"normal\">H\u00e4r f\u00e5r du tips p\u00e5 vad du kan g\u00f6ra under lovet. Anv\u00e4nd s\u00f6kfiltret f\u00f6r att hitta de saker som du \u00e4r intresserad av:<\/p>\n","protected":false},"excerpt":{"rendered":"En rolig och \u00e4ventyrlig friluftsaktivitet, vacker natur eller varf\u00f6r inte en sp\u00e4nnande kulturell upplevelse inom konst, musik eller&hellip;\n","protected":false},"author":2,"featured_media":107761,"comment_status":"","ping_status":"","sticky":false,"template":"","format":"standard","meta":{"footnotes":""},"categories":[12],"tags":[12008,1055,22,23,1937,3039,26,27,12009,9629,12010,17,21,4426,12006,12007,24,25,28,29,15,16,18,34,31,33,32,30,19,20],"class_list":{"0":"post-107760","1":"post","2":"type-post","3":"status-publish","4":"format-standard","5":"has-post-thumbnail","7":"category-sverige","8":"tag-aktiviteter","9":"tag-att","10":"tag-breaking-news","11":"tag-breakingnews","12":"tag-evenemang","13":"tag-event","14":"tag-featured-news","15":"tag-featurednews","16":"tag-gora","17":"tag-gratis","18":"tag-handelser","19":"tag-headlines","20":"tag-huvudnyheter","21":"tag-jul","22":"tag-jullov","23":"tag-jullovsaktiviteter","24":"tag-latest-news","25":"tag-latestnews","26":"tag-main-news","27":"tag-mainnews","28":"tag-news","29":"tag-nyheter","30":"tag-rubriker","31":"tag-se","32":"tag-svenska","33":"tag-sverige","34":"tag-sweden","35":"tag-swedish","36":"tag-top-stories","37":"tag-topstories"},"share_on_mastodon":{"url":"https:\/\/pubeurope.com\/@se\/115728989796940301","error":""},"_links":{"self":[{"href":"https:\/\/www.europesays.com\/se\/wp-json\/wp\/v2\/posts\/107760","targetHints":{"allow":["GET"]}}],"collection":[{"href":"https:\/\/www.europesays.com\/se\/wp-json\/wp\/v2\/posts"}],"about":[{"href":"https:\/\/www.europesays.com\/se\/wp-json\/wp\/v2\/types\/post"}],"author":[{"embeddable":true,"href":"https:\/\/www.europesays.com\/se\/wp-json\/wp\/v2\/users\/2"}],"replies":[{"embeddable":true,"href":"https:\/\/www.europesays.com\/se\/wp-json\/wp\/v2\/comments?post=107760"}],"version-history":[{"count":0,"href":"https:\/\/www.europesays.com\/se\/wp-json\/wp\/v2\/posts\/107760\/revisions"}],"wp:featuredmedia":[{"embeddable":true,"href":"https:\/\/www.europesays.com\/se\/wp-json\/wp\/v2\/media\/107761"}],"wp:attachment":[{"href":"https:\/\/www.europesays.com\/se\/wp-json\/wp\/v2\/media?parent=107760"}],"wp:term":[{"taxonomy":"category","embeddable":true,"href":"https:\/\/www.europesays.com\/se\/wp-json\/wp\/v2\/categories?post=107760"},{"taxonomy":"post_tag","embeddable":true,"href":"https:\/\/www.europesays.com\/se\/wp-json\/wp\/v2\/tags?post=107760"}],"curies":[{"name":"wp","href":"https:\/\/api.w.org\/{rel}","templated":true}]}}