{"id":107794,"date":"2025-12-16T11:57:19","date_gmt":"2025-12-16T11:57:19","guid":{"rendered":"https:\/\/www.europesays.com\/se\/107794\/"},"modified":"2025-12-16T11:57:19","modified_gmt":"2025-12-16T11:57:19","slug":"ryssland-kommer-skifta-styrkorna-till-natos-granser-vid-avtal","status":"publish","type":"post","link":"https:\/\/www.europesays.com\/se\/107794\/","title":{"rendered":"Ryssland kommer skifta styrkorna till Natos gr\u00e4nser vid avtal"},"content":{"rendered":"<p>Ryssland kommer att omplacera sina trupper till Natos \u00f6stra gr\u00e4nser om ett fredsavtal uppn\u00e5s i Ukraina. Det s\u00e4ger Finlands statsminister Petteri Orpo till Financial Times.<\/p>\n<p>Inf\u00f6r detta \u00e4r Orpos budskap tydligt: han vill att \u00f6vriga Europa ska visa solidaritet och satsa mer pengar p\u00e5 den \u00f6stra flanken.<\/p>\n<p>\u2013 Vi vet att n\u00e4r det blir fred i Ukraina kommer Ryssland fortfarande att utg\u00f6ra ett hot. Det \u00e4r uppenbart att de kommer att flytta sina milit\u00e4ra styrkor n\u00e4rmare v\u00e5r gr\u00e4ns och n\u00e4rmare \u00d6stersj\u00f6n.<\/p>\n<p>Han s\u00e4ger ocks\u00e5 att l\u00e4nderna l\u00e4ngs \u00f6stflanken vill ta del av mer av de 130 miljarder euro som EU har \u00f6ronm\u00e4rkt f\u00f6r milit\u00e4ra projekt, och konstaterar att Finlands ekonomi \u00e4r anstr\u00e4ngd till f\u00f6ljd av kriget.<\/p>\n<p>Omni \u00e4r politiskt obundna och oberoende. Vi str\u00e4var efter att ge fler perspektiv p\u00e5 nyheterna. Har du fr\u00e5gor eller synpunkter kring v\u00e5r rapportering? <a href=\"https:\/\/omni.se\/finland-ryssland-kommer-skifta-styrkorna-till-natos-granser-vid-avtal\/a\/mailto:redaktion@omni.se\" class=\"ArticleActions_contactLink__W2F1M\" rel=\"nofollow noopener\" target=\"_blank\">Kontakta redaktionen<\/a><\/p>\n","protected":false},"excerpt":{"rendered":"Ryssland kommer att omplacera sina trupper till Natos \u00f6stra gr\u00e4nser om ett fredsavtal uppn\u00e5s i Ukraina. Det s\u00e4ger&hellip;\n","protected":false},"author":2,"featured_media":107795,"comment_status":"","ping_status":"","sticky":false,"template":"","format":"standard","meta":{"footnotes":""},"categories":[14],"tags":[22,23,73,1141,267,26,27,684,17,21,24,25,28,29,999,15,16,4968,18,269,264,34,31,33,32,30,19,20,263,51,52,53,54],"class_list":{"0":"post-107794","1":"post","2":"type-post","3":"status-publish","4":"format-standard","5":"has-post-thumbnail","7":"category-varlden","8":"tag-breaking-news","9":"tag-breakingnews","10":"tag-eu","11":"tag-eu-politik","12":"tag-europa","13":"tag-featured-news","14":"tag-featurednews","15":"tag-finland","16":"tag-headlines","17":"tag-huvudnyheter","18":"tag-latest-news","19":"tag-latestnews","20":"tag-main-news","21":"tag-mainnews","22":"tag-nato","23":"tag-news","24":"tag-nyheter","25":"tag-petteri-orpo","26":"tag-rubriker","27":"tag-ryska-invasionen","28":"tag-ryssland","29":"tag-se","30":"tag-svenska","31":"tag-sverige","32":"tag-sweden","33":"tag-swedish","34":"tag-top-stories","35":"tag-topstories","36":"tag-ukraina","37":"tag-varlden","38":"tag-world","39":"tag-world-news","40":"tag-worldnews"},"share_on_mastodon":{"url":"https:\/\/pubeurope.com\/@se\/115729127738182349","error":""},"_links":{"self":[{"href":"https:\/\/www.europesays.com\/se\/wp-json\/wp\/v2\/posts\/107794","targetHints":{"allow":["GET"]}}],"collection":[{"href":"https:\/\/www.europesays.com\/se\/wp-json\/wp\/v2\/posts"}],"about":[{"href":"https:\/\/www.europesays.com\/se\/wp-json\/wp\/v2\/types\/post"}],"author":[{"embeddable":true,"href":"https:\/\/www.europesays.com\/se\/wp-json\/wp\/v2\/users\/2"}],"replies":[{"embeddable":true,"href":"https:\/\/www.europesays.com\/se\/wp-json\/wp\/v2\/comments?post=107794"}],"version-history":[{"count":0,"href":"https:\/\/www.europesays.com\/se\/wp-json\/wp\/v2\/posts\/107794\/revisions"}],"wp:featuredmedia":[{"embeddable":true,"href":"https:\/\/www.europesays.com\/se\/wp-json\/wp\/v2\/media\/107795"}],"wp:attachment":[{"href":"https:\/\/www.europesays.com\/se\/wp-json\/wp\/v2\/media?parent=107794"}],"wp:term":[{"taxonomy":"category","embeddable":true,"href":"https:\/\/www.europesays.com\/se\/wp-json\/wp\/v2\/categories?post=107794"},{"taxonomy":"post_tag","embeddable":true,"href":"https:\/\/www.europesays.com\/se\/wp-json\/wp\/v2\/tags?post=107794"}],"curies":[{"name":"wp","href":"https:\/\/api.w.org\/{rel}","templated":true}]}}