{"id":107812,"date":"2025-12-16T12:28:18","date_gmt":"2025-12-16T12:28:18","guid":{"rendered":"https:\/\/www.europesays.com\/se\/107812\/"},"modified":"2025-12-16T12:28:18","modified_gmt":"2025-12-16T12:28:18","slug":"krisande-gallivareskola-far-gront-ljus","status":"publish","type":"post","link":"https:\/\/www.europesays.com\/se\/107812\/","title":{"rendered":"Krisande G\u00e4llivareskola f\u00e5r gr\u00f6nt ljus"},"content":{"rendered":"<p>share-arrowDela<\/p>\n<p>unsaveSpara<\/p>\n<p>expand-left<\/p>\n<p>helsk\u00e4rm<img decoding=\"async\" class=\"image-asset hyperion-css-u06ts1\" data-test-tag=\"image-asset\" src=\"https:\/\/www.europesays.com\/se\/wp-content\/uploads\/2025\/12\/a2ac287c-da8e-4c43-83c5-c9482f35a8aa\"  alt=\"Skolinspektionen avslutar sin statliga \u00e5tg\u00e4rd mot Sj\u00f6parksskolan i G\u00e4llivare. Arkivbild.\"  loading=\"eager\" fetchpriority=\"high\" style=\"aspect-ratio:1900 \/ 1120\"\/>Skolinspektionen avslutar sin statliga \u00e5tg\u00e4rd mot Sj\u00f6parksskolan i G\u00e4llivare. Arkivbild. Foto: Tomas Oneborg\/Svd\/TT<\/p>\n<p class=\"hyperion-css-1shl3oz\" data-test-tag=\"lead-text\">Skolinspektionen ger gr\u00f6nt ljus f\u00f6r den krisande Sj\u00f6parksskolan i G\u00e4llivare. Men myndigheten konstaterar att skolan \u00e4nnu inte l\u00f6st alla problem som f\u00f6ljer med l\u00e4rarbrist.<\/p>\n<p class=\"hyperion-css-1v9qo5x\">\u201dSkolinspektionen f\u00f6ruts\u00e4tter att kommunen forts\u00e4tter sina anstr\u00e4ngningar f\u00f6r att trygga personalf\u00f6rs\u00f6rjningen\u201d, skriver myndigheten i beslutet.<\/p>\n<p class=\"hyperion-css-1v9qo5x\">Den kommunala h\u00f6gstadieskolan Sj\u00f6parksskolan, med omkring 400 elever, fungerade s\u00e5 illa att Skolinspektionen i februari i \u00e5r beslutade att ta \u00f6ver skolan. Detta kallas statlig \u00e5tg\u00e4rd f\u00f6r r\u00e4ttelse och har bara genomf\u00f6rts en g\u00e5ng tidigare, i Botkyrka f\u00f6r sex \u00e5r sedan.<\/p>\n<p>Stora problem<\/p>\n<p class=\"hyperion-css-1v9qo5x\">Problemen p\u00e5 skolan har varit m\u00e5nga och \u00e5terkommande: undervisning som aldrig blivit av, elever med stor fr\u00e5nvaro, elever som inte f\u00e5tt s\u00e4rskilt st\u00f6d och en st\u00f6kig och otrygg milj\u00f6.<\/p>\n<p class=\"hyperion-css-1v9qo5x\">N\u00e4r Skolinspektionen tar \u00f6ver en skola inneb\u00e4r det att myndighetens utsedda r\u00e5dgivare p\u00e5 plats leder skolans arbete med att \u00e5tg\u00e4rda problemen.<\/p>\n<p class=\"hyperion-css-1v9qo5x\">R\u00e5dgivarnas rapport efter nio m\u00e5nader p\u00e5 Sj\u00f6parksskolan pekar p\u00e5 ett stort och centralt problem: sv\u00e5righeten att rekrytera l\u00e4rare och l\u00e4rarvikarier. \u201cSkolledningen har arbetat intensivt f\u00f6r att hitta kompetent personal men problemet att bes\u00e4tta vakanser med legitimerade l\u00e4rare kvarst\u00e5r\u201d, skriver de.<\/p>\n<p class=\"hyperion-css-1v9qo5x\">Av den anledningen har skolan fortsatt tvingas att st\u00e4lla in lektioner.<\/p>\n<p>N\u00e4st l\u00e4gst i landet.<\/p>\n<p class=\"hyperion-css-1v9qo5x\">Vad g\u00e4ller det eftersatta arbetet med att ge alla beh\u00f6vande elever s\u00e4rskilt st\u00f6d konstaterar r\u00e5dgivarna att arbetet har dragit ut p\u00e5 tiden. Orsaken \u00e4r \u00e5terigen brist p\u00e5 personal som speciall\u00e4rare och specialpedagoger.<\/p>\n<p class=\"hyperion-css-1v9qo5x\">Andelen beh\u00f6riga l\u00e4rare i G\u00e4llivare kommuns skolor \u00e4r 46 procent, n\u00e5got l\u00e4gre p\u00e5 Sj\u00f6parksskolan. Andelen \u00e4r den n\u00e4st l\u00e4gsta i landet. Rikssnittet f\u00f6r kommunala skolor \u00e4r 73 procent.<\/p>\n<p class=\"hyperion-css-1v9qo5x\">Skolinspektionen skriver i sitt beslut i dag att \u00e4ven om situationen blivit b\u00e4ttre s\u00e5 \u00e4r bristen p\u00e5 beh\u00f6rig personal ett fortsatt problem. \u201dAtt m\u00e5nga l\u00e4rare \u00e4r obeh\u00f6riga och beh\u00f6ver st\u00f6d i arbetet bidrar ocks\u00e5 till en h\u00f6gre arbetsbelastning f\u00f6r de beh\u00f6riga och legitimerade l\u00e4rare som finns p\u00e5 skolan\u201d, skriver Skolinspektionen.<\/p>\n<p class=\"hyperion-css-1v9qo5x\">Myndigheten kommer att f\u00f6lja upp G\u00e4llivare kommuns arbete h\u00f6sten 2026.<\/p>\n","protected":false},"excerpt":{"rendered":"share-arrowDela unsaveSpara expand-left helsk\u00e4rmSkolinspektionen avslutar sin statliga \u00e5tg\u00e4rd mot Sj\u00f6parksskolan i G\u00e4llivare. Arkivbild. Foto: Tomas Oneborg\/Svd\/TT Skolinspektionen ger&hellip;\n","protected":false},"author":2,"featured_media":107813,"comment_status":"","ping_status":"","sticky":false,"template":"","format":"standard","meta":{"footnotes":""},"categories":[65],"tags":[72,70,71,34,31,33,32,30],"class_list":{"0":"post-107812","1":"post","2":"type-post","3":"status-publish","4":"format-standard","5":"has-post-thumbnail","7":"category-ekonomi","8":"tag-business","9":"tag-economy","10":"tag-ekonomi","11":"tag-se","12":"tag-svenska","13":"tag-sverige","14":"tag-sweden","15":"tag-swedish"},"share_on_mastodon":{"url":"https:\/\/pubeurope.com\/@se\/115729249692166339","error":""},"_links":{"self":[{"href":"https:\/\/www.europesays.com\/se\/wp-json\/wp\/v2\/posts\/107812","targetHints":{"allow":["GET"]}}],"collection":[{"href":"https:\/\/www.europesays.com\/se\/wp-json\/wp\/v2\/posts"}],"about":[{"href":"https:\/\/www.europesays.com\/se\/wp-json\/wp\/v2\/types\/post"}],"author":[{"embeddable":true,"href":"https:\/\/www.europesays.com\/se\/wp-json\/wp\/v2\/users\/2"}],"replies":[{"embeddable":true,"href":"https:\/\/www.europesays.com\/se\/wp-json\/wp\/v2\/comments?post=107812"}],"version-history":[{"count":0,"href":"https:\/\/www.europesays.com\/se\/wp-json\/wp\/v2\/posts\/107812\/revisions"}],"wp:featuredmedia":[{"embeddable":true,"href":"https:\/\/www.europesays.com\/se\/wp-json\/wp\/v2\/media\/107813"}],"wp:attachment":[{"href":"https:\/\/www.europesays.com\/se\/wp-json\/wp\/v2\/media?parent=107812"}],"wp:term":[{"taxonomy":"category","embeddable":true,"href":"https:\/\/www.europesays.com\/se\/wp-json\/wp\/v2\/categories?post=107812"},{"taxonomy":"post_tag","embeddable":true,"href":"https:\/\/www.europesays.com\/se\/wp-json\/wp\/v2\/tags?post=107812"}],"curies":[{"name":"wp","href":"https:\/\/api.w.org\/{rel}","templated":true}]}}